{"id":514853,"date":"2025-11-06T02:10:20","date_gmt":"2025-11-06T02:10:20","guid":{"rendered":"https:\/\/www.europesays.com\/fr\/514853\/"},"modified":"2025-11-06T02:10:20","modified_gmt":"2025-11-06T02:10:20","slug":"nouvelle-bande-annonce-moche-pour-la-suite-de-lenorme-succes-dhorreur","status":"publish","type":"post","link":"https:\/\/www.europesays.com\/fr\/514853\/","title":{"rendered":"nouvelle bande-annonce moche pour la suite de l&rsquo;\u00e9norme succ\u00e8s d&rsquo;horreur"},"content":{"rendered":"<p><strong>Blumhouse vient de livrer une nouvelle bande-annonce de <a href=\"https:\/\/www.ecranlarge.com\/films\/1507780-five-nights-at-freddys-2\" data-type=\"films\" data-id=\"1054904\" rel=\"nofollow noopener\" target=\"_blank\">Five Nights at Freddy\u2019s 2<\/a>, suite directe de l\u2019\u00e9norme carton d\u2019horreur de 2023. Et autant dire que la peur n\u2019est toujours pas au rendez-vous.<\/strong><\/p>\n<p>Sorti en 2023, <a href=\"https:\/\/www.ecranlarge.com\/films\/1478447-five-nights-at-freddys\" data-type=\"films\" data-id=\"795945\" rel=\"nofollow noopener\" target=\"_blank\"><strong>Five Nights at Freddy\u2019s<\/strong><\/a> a prouv\u00e9 qu\u2019il \u00e9tait possible d\u2019\u00e9craser la concurrence sans \u00eatre un bon film \u2013 pour la 76892\u00e8me fois de l\u2019Histoire du cin\u00e9ma. Avec une critique assez d\u00e9sastreuse et un sc\u00e9nario digne d\u2019une fanfiction, le film r\u00e9alis\u00e9 par <a href=\"https:\/\/www.ecranlarge.com\/personnalite\/1034058-emma-tammi\" data-type=\"people\" data-id=\"484197\" rel=\"nofollow noopener\" target=\"_blank\">Emma Tammi <\/a>n\u2019avait rien pour lui, sauf son nom. Port\u00e9 par l\u2019aura du jeu vid\u00e9o culte et un budget riquiqui de 20 millions de dollars, <a href=\"https:\/\/www.ecranlarge.com\/films\/box-office\/us\/1495735-2023-11-10-au-2023-11-12-box-office-us-phenomene-five-nights-freddys-scorsese-resiste-bien\" data-type=\"link\" data-id=\"https:\/\/www.ecranlarge.com\/films\/box-office\/us\/1495735-2023-11-10-au-2023-11-12-box-office-us-phenomene-five-nights-freddys-scorsese-resiste-bien\" rel=\"nofollow noopener\" target=\"_blank\"><strong>FNAF <\/strong>a \u00e9t\u00e9 un gros succ\u00e8s commercial<\/a>, ayant r\u00e9colt\u00e9 pr\u00e8s de <strong>291 millions<\/strong> <strong>au box-office mondial.<\/strong> Autant dire que le studio Blumhouse (<strong>Paranormal Activity<\/strong>, <strong>Insidious<\/strong>, <strong>M3gan<\/strong>) n\u2019allait pas l\u00e2cher un tel filon.<\/p>\n<p>                    <img decoding=\"async\" alt=\"\" class=\"wp-image-518375\" style=\"object-fit:cover;width:25px;height:25px\" src=\"https:\/\/www.ecranlarge.com\/content\/uploads\/2023\/09\/arrow-right-circle.svg\"\/><\/p>\n<p>Deux ans plus tard, la maison de Jason Blum a donc remis le couvert. La r\u00e9alisatrice Emma Tammi est de retour derri\u00e8re la cam\u00e9ra, et la campagne promo tourne d\u00e9j\u00e0 \u00e0 plein r\u00e9gime. Apr\u00e8s <a href=\"https:\/\/www.ecranlarge.com\/films\/news\/five-nights-at-freddys-2-teaser-suite-horreur-adaptation\" data-type=\"link\" data-id=\"https:\/\/www.ecranlarge.com\/films\/news\/five-nights-at-freddys-2-teaser-suite-horreur-adaptation\" rel=\"nofollow noopener\" target=\"_blank\">quelques images d\u2019une fadeur industrielle pour <\/a><strong><a href=\"https:\/\/www.ecranlarge.com\/films\/news\/five-nights-at-freddys-2-teaser-suite-horreur-adaptation\" data-type=\"link\" data-id=\"https:\/\/www.ecranlarge.com\/films\/news\/five-nights-at-freddys-2-teaser-suite-horreur-adaptation\" rel=\"nofollow noopener\" target=\"_blank\">Five Nights at Freddy\u2019s 2<\/a>,<\/strong> une nouvelle bande-annonce vient d\u2019\u00eatre d\u00e9voil\u00e9e, et vient confirmer que la saga ne compte pas s\u2019aventurer bien loin de sa zone de confort :<strong> jumpscares, n\u00e9ons criards et animatroniques aux airs de peluches dessin\u00e9es par Satan.<\/strong><\/p>\n<p>De nouvelles t\u00eates pour Five Nights at Freddy\u2019s 2<\/p>\n<p>Dans ce nouveau chapitre, Mike Schmidt <strong>(toujours camp\u00e9 par <a href=\"https:\/\/www.ecranlarge.com\/personnalite\/661501-josh-hutcherson\" data-type=\"people\" data-id=\"312803\" rel=\"nofollow noopener\" target=\"_blank\">Josh Hutcherson<\/a>, rescap\u00e9 du premier volet)<\/strong> tente de se reconstruire apr\u00e8s les horreurs v\u00e9cues \u00e0 la pizzeria Freddy Fazbear\u2019s. Il s\u2019occupe d\u00e9sormais de sa s\u0153ur Abby (Piper Rubio) et r\u00eave de tourner la page. Mais comme toujours, le pass\u00e9 finit par se pointer \u00e0 la porte avec un grand sourire carnassier.<\/p>\n<p>Les anciennes animatroniques ont \u00e9t\u00e9 r\u00e9duites en miettes, certes, mais une <strong>nouvelle g\u00e9n\u00e9ration d\u2019automates tueurs <\/strong>fait d\u00e9j\u00e0 chauffer ses circuits dans un lieu encore plus glauque. Et comme si \u00e7a ne suffisait pas, d\u2019anciens cauchemars vont ressurgir (on nous tease une origin-story des animatroniques et de leur cr\u00e9ateur), et <strong>les Muppets-Terminators vont, a priori, partir en balade en plein air<\/strong>. C\u2019est sans doute l\u00e0 l\u2019une des \u00ab\u00a0nouvelles r\u00e8gles\u00a0\u00bb promises par le trailer.<\/p>\n<p><a href=\"https:\/\/www.ecranlarge.com\/content\/uploads\/2025\/04\/fazbear-s-fantasy-and-fun-band-frp-five-nights-at-freddy-s.jpg\" rel=\"nofollow noopener\" target=\"_blank\"><\/p>\n<p><img loading=\"lazy\" decoding=\"async\" alt=\"\" src=\"https:\/\/www.europesays.com\/fr\/wp-content\/uploads\/2025\/11\/fazbear-s-fantasy-and-fun-band-frp-five-nights-at-freddy-s-1260x630.jpg\" width=\"1260\" height=\"630\"  \/><\/p>\n<p><\/a>Five Nights at Sesame Street<\/p>\n<p>On ne sait pas vraiment si c\u2019est rassurant, mais <strong>Scott Cawthon, cr\u00e9ateur de la licence de jeux vid\u00e9o FNAF et d\u00e9j\u00e0 cr\u00e9dit\u00e9 comme co-sc\u00e9nariste du premier film<\/strong>, est de retour \u00e0 l\u2019\u00e9criture pour cette suite, de m\u00eame que le sc\u00e9nariste Seth Cuddeback.<\/p>\n<p>C\u00f4t\u00e9 distribution, <strong>Five Nights at Freddy\u2019s 2<\/strong> reprend (presque) les m\u00eames et recommence, puisqu\u2019on retrouvera Josh Hutcherson en Mike Schmidt, Elizabeth Lail en Vanessa Shelly, Piper Rubio en Abby, Matthew Lillard en William Afton, Skeet Ulrich en Henry Emily, Freddy Carter, Theodus Crane, Teo Briones, Audrey Lynn-Marie et Noah Pierre. Et m\u00eame <a href=\"https:\/\/www.ecranlarge.com\/films\/news\/five-nights-at-freddys-2-megan-fox-casting\" data-type=\"link\" data-id=\"https:\/\/www.ecranlarge.com\/films\/news\/five-nights-at-freddys-2-megan-fox-casting\" rel=\"nofollow noopener\" target=\"_blank\">Megan Fox, qui a rejoint le casting<\/a>.<\/p>\n<p>Rendez-vous est pris pour le <strong>3 d\u00e9cembre 2025 pour Five Nights at Freddy\u2019s 2<\/strong>.<\/p>\n","protected":false},"excerpt":{"rendered":"Blumhouse vient de livrer une nouvelle bande-annonce de Five Nights at Freddy\u2019s 2, suite directe de l\u2019\u00e9norme carton&hellip;\n","protected":false},"author":2,"featured_media":514854,"comment_status":"","ping_status":"","sticky":false,"template":"","format":"standard","meta":{"footnotes":""},"categories":[1354],"tags":[58,59,1346,1011,27,1360],"class_list":{"0":"post-514853","1":"post","2":"type-post","3":"status-publish","4":"format-standard","5":"has-post-thumbnail","7":"category-films","8":"tag-divertissement","9":"tag-entertainment","10":"tag-films","11":"tag-fr","12":"tag-france","13":"tag-movies"},"share_on_mastodon":{"url":"https:\/\/pubeurope.com\/@fr\/115500327500907222","error":""},"_links":{"self":[{"href":"https:\/\/www.europesays.com\/fr\/wp-json\/wp\/v2\/posts\/514853","targetHints":{"allow":["GET"]}}],"collection":[{"href":"https:\/\/www.europesays.com\/fr\/wp-json\/wp\/v2\/posts"}],"about":[{"href":"https:\/\/www.europesays.com\/fr\/wp-json\/wp\/v2\/types\/post"}],"author":[{"embeddable":true,"href":"https:\/\/www.europesays.com\/fr\/wp-json\/wp\/v2\/users\/2"}],"replies":[{"embeddable":true,"href":"https:\/\/www.europesays.com\/fr\/wp-json\/wp\/v2\/comments?post=514853"}],"version-history":[{"count":0,"href":"https:\/\/www.europesays.com\/fr\/wp-json\/wp\/v2\/posts\/514853\/revisions"}],"wp:featuredmedia":[{"embeddable":true,"href":"https:\/\/www.europesays.com\/fr\/wp-json\/wp\/v2\/media\/514854"}],"wp:attachment":[{"href":"https:\/\/www.europesays.com\/fr\/wp-json\/wp\/v2\/media?parent=514853"}],"wp:term":[{"taxonomy":"category","embeddable":true,"href":"https:\/\/www.europesays.com\/fr\/wp-json\/wp\/v2\/categories?post=514853"},{"taxonomy":"post_tag","embeddable":true,"href":"https:\/\/www.europesays.com\/fr\/wp-json\/wp\/v2\/tags?post=514853"}],"curies":[{"name":"wp","href":"https:\/\/api.w.org\/{rel}","templated":true}]}}