{"id":514859,"date":"2025-11-06T02:13:12","date_gmt":"2025-11-06T02:13:12","guid":{"rendered":"https:\/\/www.europesays.com\/fr\/514859\/"},"modified":"2025-11-06T02:13:12","modified_gmt":"2025-11-06T02:13:12","slug":"je-suis-victime-du-tribunal-instagram-accusee-dagression-sexuelle-par-la-chanteuse-hoshi-son-ex-livre-sa-verite","status":"publish","type":"post","link":"https:\/\/www.europesays.com\/fr\/514859\/","title":{"rendered":"\u00ab\u00a0Je suis victime du tribunal Instagram\u00a0\u00bb\u00a0: accus\u00e9e d\u2019agression sexuelle par la chanteuse Hoshi, son ex livre sa v\u00e9rit\u00e9"},"content":{"rendered":"<p class=\"col subheadline margin_bottom_subheadline widescreen-12 desktop-10\">EXCLUSIF. Apr\u00e8s avoir pass\u00e9 une journ\u00e9e en audition libre au commissariat \u00e0 Paris, \u00e0 la suite des plaintes de la chanteuse Hoshi, Gia Martinelli, qui partageait la vie et \u00e9tait la manageuse de l\u2019artiste, a d\u00e9couvert les nouvelles publications \u00ab\u00a0calomnieuses\u00a0\u00bb de son ex-compagne sur les r\u00e9seaux sociaux. Elle tient d\u00e9sormais \u00e0 r\u00e9tablir sa v\u00e9rit\u00e9. Entretien.<\/p>\n<p>Par <a href=\"https:\/\/www.leparisien.fr\/auteur\/florian-loisy\/\" class=\"author_link\" rel=\"nofollow noopener\" target=\"_blank\">Florian Loisy<\/a>\u00a0<\/p>\n<p>Le 5 novembre 2025 \u00e0 20h48<\/p>\n","protected":false},"excerpt":{"rendered":"EXCLUSIF. Apr\u00e8s avoir pass\u00e9 une journ\u00e9e en audition libre au commissariat \u00e0 Paris, \u00e0 la suite des plaintes&hellip;\n","protected":false},"author":2,"featured_media":514860,"comment_status":"","ping_status":"","sticky":false,"template":"","format":"standard","meta":{"footnotes":""},"categories":[8],"tags":[872,58,59,118,1011,27],"class_list":{"0":"post-514859","1":"post","2":"type-post","3":"status-publish","4":"format-standard","5":"has-post-thumbnail","7":"category-divertissement","8":"tag-culture-et-loisirs","9":"tag-divertissement","10":"tag-entertainment","11":"tag-faits-divers","12":"tag-fr","13":"tag-france"},"share_on_mastodon":{"url":"https:\/\/pubeurope.com\/@fr\/115500339170073418","error":""},"_links":{"self":[{"href":"https:\/\/www.europesays.com\/fr\/wp-json\/wp\/v2\/posts\/514859","targetHints":{"allow":["GET"]}}],"collection":[{"href":"https:\/\/www.europesays.com\/fr\/wp-json\/wp\/v2\/posts"}],"about":[{"href":"https:\/\/www.europesays.com\/fr\/wp-json\/wp\/v2\/types\/post"}],"author":[{"embeddable":true,"href":"https:\/\/www.europesays.com\/fr\/wp-json\/wp\/v2\/users\/2"}],"replies":[{"embeddable":true,"href":"https:\/\/www.europesays.com\/fr\/wp-json\/wp\/v2\/comments?post=514859"}],"version-history":[{"count":0,"href":"https:\/\/www.europesays.com\/fr\/wp-json\/wp\/v2\/posts\/514859\/revisions"}],"wp:featuredmedia":[{"embeddable":true,"href":"https:\/\/www.europesays.com\/fr\/wp-json\/wp\/v2\/media\/514860"}],"wp:attachment":[{"href":"https:\/\/www.europesays.com\/fr\/wp-json\/wp\/v2\/media?parent=514859"}],"wp:term":[{"taxonomy":"category","embeddable":true,"href":"https:\/\/www.europesays.com\/fr\/wp-json\/wp\/v2\/categories?post=514859"},{"taxonomy":"post_tag","embeddable":true,"href":"https:\/\/www.europesays.com\/fr\/wp-json\/wp\/v2\/tags?post=514859"}],"curies":[{"name":"wp","href":"https:\/\/api.w.org\/{rel}","templated":true}]}}