{"id":514868,"date":"2025-11-06T02:19:16","date_gmt":"2025-11-06T02:19:16","guid":{"rendered":"https:\/\/www.europesays.com\/fr\/514868\/"},"modified":"2025-11-06T02:19:16","modified_gmt":"2025-11-06T02:19:16","slug":"une-collecte-de-sang-a-lieu-au-tribunal-judicaire","status":"publish","type":"post","link":"https:\/\/www.europesays.com\/fr\/514868\/","title":{"rendered":"une collecte de sang a lieu au tribunal judicaire"},"content":{"rendered":"\n<p>C&rsquo;est un lieu peu habituel pour donner son sang. Mais qui sait, cela va peut-\u00eatre attirer plus de monde. Ce mercredi 5 novembre, le tribunal judiciaire de Saint-Etienne s&rsquo;associe pour une premi\u00e8re collaboration in\u00e9dite avec l\u2019Etablissement fran\u00e7ais du sang (EFS). Une grande collecte est organis\u00e9 dans la salle des pas perdus, au milieu des greffiers, des avocats ou encore des magistrats qui sont eux aussi appel\u00e9s \u00e0 donner leur sang.\u00a0<\/p>\n<p>Si vous avez entre 18 et 70 ans, vous pouvez directement vous rendre sur place avec une pi\u00e8ce d\u2019identit\u00e9 entre 10 heures et 13 heures.\u00a0<\/p>\n","protected":false},"excerpt":{"rendered":"C&rsquo;est un lieu peu habituel pour donner son sang. Mais qui sait, cela va peut-\u00eatre attirer plus de&hellip;\n","protected":false},"author":2,"featured_media":514869,"comment_status":"","ping_status":"","sticky":false,"template":"","format":"standard","meta":{"footnotes":""},"categories":[9653],"tags":[1111,11,2430,63530,26182,1777,674,1011,27,3367,12,25,55668,4001,7233,3400,3693],"class_list":{"0":"post-514868","1":"post","2":"type-post","3":"status-publish","4":"format-standard","5":"has-post-thumbnail","7":"category-saint-etienne","8":"tag-actu","9":"tag-actualites","10":"tag-auvergne-rhone-alpes","11":"tag-don_du_sang","12":"tag-efs","13":"tag-eu","14":"tag-europe","15":"tag-fr","16":"tag-france","17":"tag-loire","18":"tag-news","19":"tag-republique-francaise","20":"tag-saint_etienne","21":"tag-saint-etienne","22":"tag-sang","23":"tag-solidarite","24":"tag-tribunal"},"share_on_mastodon":{"url":"https:\/\/pubeurope.com\/@fr\/115500362241901397","error":""},"_links":{"self":[{"href":"https:\/\/www.europesays.com\/fr\/wp-json\/wp\/v2\/posts\/514868","targetHints":{"allow":["GET"]}}],"collection":[{"href":"https:\/\/www.europesays.com\/fr\/wp-json\/wp\/v2\/posts"}],"about":[{"href":"https:\/\/www.europesays.com\/fr\/wp-json\/wp\/v2\/types\/post"}],"author":[{"embeddable":true,"href":"https:\/\/www.europesays.com\/fr\/wp-json\/wp\/v2\/users\/2"}],"replies":[{"embeddable":true,"href":"https:\/\/www.europesays.com\/fr\/wp-json\/wp\/v2\/comments?post=514868"}],"version-history":[{"count":0,"href":"https:\/\/www.europesays.com\/fr\/wp-json\/wp\/v2\/posts\/514868\/revisions"}],"wp:featuredmedia":[{"embeddable":true,"href":"https:\/\/www.europesays.com\/fr\/wp-json\/wp\/v2\/media\/514869"}],"wp:attachment":[{"href":"https:\/\/www.europesays.com\/fr\/wp-json\/wp\/v2\/media?parent=514868"}],"wp:term":[{"taxonomy":"category","embeddable":true,"href":"https:\/\/www.europesays.com\/fr\/wp-json\/wp\/v2\/categories?post=514868"},{"taxonomy":"post_tag","embeddable":true,"href":"https:\/\/www.europesays.com\/fr\/wp-json\/wp\/v2\/tags?post=514868"}],"curies":[{"name":"wp","href":"https:\/\/api.w.org\/{rel}","templated":true}]}}