{"id":514870,"date":"2025-11-06T02:20:19","date_gmt":"2025-11-06T02:20:19","guid":{"rendered":"https:\/\/www.europesays.com\/fr\/514870\/"},"modified":"2025-11-06T02:20:19","modified_gmt":"2025-11-06T02:20:19","slug":"ol-2-fans-condamnes-a-7-mois-de-prison-avec-sursis","status":"publish","type":"post","link":"https:\/\/www.europesays.com\/fr\/514870\/","title":{"rendered":"OL : 2 fans condamn\u00e9s \u00e0 7 mois de prison avec sursis"},"content":{"rendered":"<p>                            <img width=\"770\" height=\"433\" src=\"https:\/\/www.europesays.com\/fr\/wp-content\/uploads\/2025\/10\/AFP__20250420__42X29EK__v1__HighRes__FblFraLigue1SaintEtienneLyon-e1745223083834-770x433.jpg\" class=\"attachment-article size-article wp-post-image\" alt=\"Supporters de Saint-Etienne\" decoding=\"async\" fetchpriority=\"high\"  \/><\/p>\n<p>Supporters de Saint-Etienne lors du derby contre l\u2019OL (Photo by JEAN-PHILIPPE KSIAZEK \/ AFP)<\/p>\n<p>De la prison avec sursis et une interdiction de stade. Voici la peine inflig\u00e9e \u00e0 deux supporters de l&rsquo;ASSE pour avoir jet\u00e9 une pi\u00e8ce de monnaie sur l&rsquo;arbitre assistant du match face \u00e0 l&rsquo;OL en avril 2025.<\/p>\n<p>Deux supporters de l&rsquo;ASSE \u00e2g\u00e9s de 28\u00a0ans ont \u00e9t\u00e9 <a href=\"https:\/\/www.olympique-et-lyonnais.com\/asse-ol-le-jugement-des-supporters-stephanois-finalement-reporte-a-novembre,382374.html\" target=\"_blank\" rel=\"noopener\">condamn\u00e9s mardi<\/a> \u00e0 sept mois de prison avec sursis. Ils comparaissaient devant le tribunal correctionnel de Saint-\u00c9tienne pour avoir\u00a0jet\u00e9 des pi\u00e8ces de monnaie sur un arbitre\u00a0lors du derby entre les Verts et l&rsquo;OL, le 20\u00a0avril dernier. Leur sanction comprend \u00e9galement trois ans d&rsquo;interdiction d&rsquo;enceinte sportive. De plus, ils devront verser 2 500 euros de dommages et int\u00e9r\u00eats \u00e0 la victime, Mehdi <strong>Rahmouni<\/strong>.<\/p>\n<p>Le repr\u00e9sentant du parquet Andr\u00e9 Merle avait requis neuf mois de d\u00e9tention avec sursis, assortis d&rsquo;une interdiction judiciaire de stade d&rsquo;au moins deux ans. Les avocats des pr\u00e9venus, Laure <strong>Salomon <\/strong>et Julien <strong>Rey<\/strong>, ont vainement plaid\u00e9 la relaxe pour les violences aggrav\u00e9es. Ils arguaient que le lien de causalit\u00e9 entre les jets de pi\u00e8ces et la blessure de l&rsquo;officiel n&rsquo;\u00e9tait pas \u00e9tabli. Ils poursuivaient la d\u00e9fense de leurs clients en expliquant que d&rsquo;autres spectateurs en ont fait de m\u00eame.<\/p>\n<p>L&rsquo;OL \u00e9tait partie civile<\/p>\n<p>Conducteur d&rsquo;engins de chantier pour l&rsquo;un, \u00e9lectricien pour l&rsquo;autre, les pr\u00e9venus ont pr\u00e9sent\u00e9 leurs excuses. Ils ont reconnu avoir jet\u00e9 chacun quelques pi\u00e8ces de monnaie en direction du terrain de jeu depuis les tribunes dans l&rsquo;excitation provoqu\u00e9e par le derby. Ils \u00e9taient en plus sous l&rsquo;effet de la consommation d&rsquo;alcool. Arbitre de touche, Mehdi Rahmouni avait \u00e9t\u00e9 atteint au niveau du cr\u00e2ne par une pi\u00e8ce de deux centimes d&rsquo;euros. Un incident entra\u00eenant un \u0153d\u00e8me de trois centim\u00e8tres et une ITT (interruption totale de travail) d&rsquo;un jour.<\/p>\n<p>Ce geste avait engendr\u00e9 l&rsquo;arr\u00eat de la rencontre pendant une quarantaine de minutes. L&rsquo;ASSE menait alors 1-0. Elle s&rsquo;est termin\u00e9e sur une victoire des St\u00e9phanois 2 \u00e0 1. Le repr\u00e9sentant du corps arbitral a t\u00e9moign\u00e9 mardi \u00e0 la barre. Il a affirm\u00e9 n&rsquo;avoir \u00ab\u00a0jusqu&rsquo;alors jamais \u00e9t\u00e9 agress\u00e9 depuis dix ans\u00a0\u00bb qu&rsquo;il officie en Ligue\u00a01. Il a ajout\u00e9 qu&rsquo;\u00e0 sa connaissance, c&rsquo;\u00e9tait\u00a0\u00ab\u00a0la premi\u00e8re fois qu&rsquo;on arr\u00eatait un match de l&rsquo;\u00e9lite pour ce motif\u00a0\u00bb. Le syndicat des arbitres du football, l&rsquo;AS Saint-Etienne, l&rsquo;OL, <a href=\"https:\/\/www.olympique-et-lyonnais.com\/la-fff-prend-la-defense-de-larbitre-assistant-apres-asse-ol-2-1,359703.html\" target=\"_blank\" rel=\"noopener\">la F\u00e9d\u00e9ration fran\u00e7aise<\/a> de football (FFF) et la Ligue de football professionnel (LFP) s&rsquo;\u00e9taient aussi constitu\u00e9s parties civiles.<\/p>\n<p>Avec AFP.<a href=\"https:\/\/www.lequipe.fr\/Football\/\" target=\"_blank\" rel=\"noopener\"><\/p>\n","protected":false},"excerpt":{"rendered":"Supporters de Saint-Etienne lors du derby contre l\u2019OL (Photo by JEAN-PHILIPPE KSIAZEK \/ AFP) De la prison avec&hellip;\n","protected":false},"author":2,"featured_media":460086,"comment_status":"","ping_status":"","sticky":false,"template":"","format":"standard","meta":{"footnotes":""},"categories":[9653],"tags":[1111,11,2430,1777,674,1011,27,12,241,25,4001],"class_list":{"0":"post-514870","1":"post","2":"type-post","3":"status-publish","4":"format-standard","5":"has-post-thumbnail","7":"category-saint-etienne","8":"tag-actu","9":"tag-actualites","10":"tag-auvergne-rhone-alpes","11":"tag-eu","12":"tag-europe","13":"tag-fr","14":"tag-france","15":"tag-news","16":"tag-ol","17":"tag-republique-francaise","18":"tag-saint-etienne"},"share_on_mastodon":{"url":"https:\/\/pubeurope.com\/@fr\/115500366543670707","error":""},"_links":{"self":[{"href":"https:\/\/www.europesays.com\/fr\/wp-json\/wp\/v2\/posts\/514870","targetHints":{"allow":["GET"]}}],"collection":[{"href":"https:\/\/www.europesays.com\/fr\/wp-json\/wp\/v2\/posts"}],"about":[{"href":"https:\/\/www.europesays.com\/fr\/wp-json\/wp\/v2\/types\/post"}],"author":[{"embeddable":true,"href":"https:\/\/www.europesays.com\/fr\/wp-json\/wp\/v2\/users\/2"}],"replies":[{"embeddable":true,"href":"https:\/\/www.europesays.com\/fr\/wp-json\/wp\/v2\/comments?post=514870"}],"version-history":[{"count":0,"href":"https:\/\/www.europesays.com\/fr\/wp-json\/wp\/v2\/posts\/514870\/revisions"}],"wp:featuredmedia":[{"embeddable":true,"href":"https:\/\/www.europesays.com\/fr\/wp-json\/wp\/v2\/media\/460086"}],"wp:attachment":[{"href":"https:\/\/www.europesays.com\/fr\/wp-json\/wp\/v2\/media?parent=514870"}],"wp:term":[{"taxonomy":"category","embeddable":true,"href":"https:\/\/www.europesays.com\/fr\/wp-json\/wp\/v2\/categories?post=514870"},{"taxonomy":"post_tag","embeddable":true,"href":"https:\/\/www.europesays.com\/fr\/wp-json\/wp\/v2\/tags?post=514870"}],"curies":[{"name":"wp","href":"https:\/\/api.w.org\/{rel}","templated":true}]}}