{"id":51488,"date":"2025-04-25T10:11:08","date_gmt":"2025-04-25T10:11:08","guid":{"rendered":"https:\/\/www.europesays.com\/fr\/51488\/"},"modified":"2025-04-25T10:11:08","modified_gmt":"2025-04-25T10:11:08","slug":"qui-veut-gerer-les-trois-creches-des-playes-a-six-fours","status":"publish","type":"post","link":"https:\/\/www.europesays.com\/fr\/51488\/","title":{"rendered":"Qui veut g\u00e9rer les trois cr\u00e8ches des Playes \u00e0 Six-Fours?"},"content":{"rendered":"<p>D\u00e9missions et arr\u00eats maladie en cascade, repas insuffisants, absence de t\u00e9l\u00e9phone fixe, terrasse dangereuse\u2026 Ce sont les parents des enfants accueillis dans les cr\u00e8ches situ\u00e9es rocade des Playes, \u00e0 Six-Fours, qui ont donn\u00e9 l\u2019alerte. Des plaintes, confirm\u00e9es par des contr\u00f4les du service d\u00e9partemental de la Protection maternelle et infantile (PMI), qui ont conduit \u00e0 la fermeture temporaire de Sucre d\u2019orge et \u00e0 la r\u00e9duction de la capacit\u00e9 d\u2019accueil de Frimousse et Petit matin, le 31 mars dernier.<\/p>\n<p>La confiance de la Ville \u00ab\u00a0entach\u00e9e\u00a0\u00bb<\/p>\n<p>\u00ab\u00a0Une trentaine de familles s\u2019\u00e9tait retrouv\u00e9e sans mode de garde pour leurs enfants\u00a0\u00bb, a rappel\u00e9 le maire Jean-S\u00e9bastien Vialatte lors du conseil municipal de mercredi, r\u00e9uni pour \u2013 entre autres \u2013 r\u00e9silier la convention de d\u00e9l\u00e9gation de service public (DSP) pour la gestion et l\u2019exploitation des trois multi-accueils. Car si, depuis, \u00ab\u00a0tous les parents ont \u00e9t\u00e9 accompagn\u00e9s par la municipalit\u00e9 et ont trouv\u00e9 des solutions de remplacement\u00a0\u00bb, la confiance plac\u00e9e par la Ville envers le d\u00e9l\u00e9gataire s\u2019est vue \u00ab\u00a0entach\u00e9e par son incapacit\u00e9 av\u00e9r\u00e9e \u00e0 assurer la gestion des trois \u00e9tablissements\u00a0\u00bb, a expliqu\u00e9 Guy Margueritte, adjoint au maire en charge de la petite enfance et de la jeunesse.<\/p>\n<p>C\u2019est en juin 2024 que le conseil municipal avait attribu\u00e9 la DSP \u00e0 la soci\u00e9t\u00e9 priv\u00e9e La Maison Bleue, pour une dur\u00e9e de huit ans (le contrat avait pris effet le 1er ao\u00fbt). Un groupe qui se pr\u00e9sente comme \u00ab\u00a0sp\u00e9cialis\u00e9 dans la cr\u00e9ation et la gestion de cr\u00e8ches depuis plus de quinze ans\u00a0\u00bb et revendique \u00ab\u00a0un r\u00e9seau de 1.500 cr\u00e8ches et micro-cr\u00e8ches partout en France et \u00e0 l\u2019\u00e9tranger\u00a0\u00bb.<\/p>\n<p>Multiples dysfonctionnements<\/p>\n<p>D\u00e8s novembre et d\u00e9cembre 2024, la PMI avait \u00e9t\u00e9 interpell\u00e9e par des parents et grands-parents qui exprimaient leur m\u00e9contentement face \u00e0 plusieurs dysfonctionnements au sein de l\u2019\u00e9tablissement Petit matin. Sept nouvelles plaintes de parents et d\u2019agents lui ont \u00e9t\u00e9 transmises par la suite, concernant les trois structures, la conduisant \u00e0 r\u00e9aliser des visites de contr\u00f4le et \u00e0 alerter la municipalit\u00e9 en f\u00e9vrier dernier.<\/p>\n<p>\u00ab\u00a0Les points suivants avaient \u00e9t\u00e9 sp\u00e9cifiquement relev\u00e9s, a d\u00e9taill\u00e9 Guy Margueritte: manque de communication relative \u00e0 l\u2019organisation du personnel aupr\u00e8s de la PMI, nombreux retards et dysfonctionnements dans la gestion quotidienne, retard dans la r\u00e9alisation de travaux de mise en conformit\u00e9 des terrasses, taux d\u2019encadrement insuffisant et non respect des normes l\u00e9gales.\u00a0\u00bb<\/p>\n<p>La Ville a alors somm\u00e9 le d\u00e9l\u00e9gataire de s\u2019expliquer et les services de l\u2019enfance de la commune ont travaill\u00e9 avec ceux de la PMI afin de trouver des solutions pour l\u2019accueil des enfants de la cr\u00e8che Sucre d\u2019orge. \u00ab\u00a0Nous nous sommes rendus quotidiennement sur place et avons rencontr\u00e9 l\u2019ensemble des familles\u00a0\u00bb, a compl\u00e9t\u00e9 Jean-S\u00e9bastien Vialatte. En d\u00e9but de conseil, le maire avait d\u2019ailleurs invit\u00e9 les agents du service municipal de la petite enfance (une \u00e9tait absente) afin de leur rendre hommage. Ils ont \u00e9t\u00e9 applaudis par l\u2019assembl\u00e9e.<\/p>\n<p>D\u00e9sormais, en attendant la d\u00e9signation d\u2019un nouveau d\u00e9l\u00e9gataire, un march\u00e9 public va \u00eatre sign\u00e9 prochainement afin d\u2019assurer la p\u00e9riode transitoire allant du 1er juin 2025 au 31 juillet 2026. La proc\u00e9dure de DSP lanc\u00e9e en parall\u00e8le pr\u00e9voit en effet qu\u2019un nouveau contrat commence \u00e0 compter du 1er ao\u00fbt 2026.<\/p>\n<p>            Un d\u00e9l\u00e9gataire pourtant choisi par un cabinet sp\u00e9cialis\u00e9<\/p>\n<p>\u00c0 l\u2019issue de la pr\u00e9sentation de la d\u00e9lib\u00e9ration par l\u2019adjoint Guy Margueritte, les \u00e9lus du groupe Rassemblement national ont rappel\u00e9: \u00ab\u00a0De m\u00e9moire, vous aviez fait appel \u00e0 un cabinet de conseil sp\u00e9cialis\u00e9\u00a0\u00bb, soulignant que la commune avait donc \u00ab\u00a0pay\u00e9\u00a0\u00bb pour ce choix au final regrettable.<br \/>&#13;<br \/>\nCe qu\u2019a confirm\u00e9 le maire, tout en temp\u00e9rant: \u00ab\u00a0A aucun moment les enfants n\u2019ont \u00e9t\u00e9 en danger. Le fond du probl\u00e8me est que la Maison Bleue ne parvient pas \u00e0 recruter suffisamment de personnels qualifi\u00e9s, comme la plupart des cr\u00e8ches collectives. Et la PMI n\u2019a ferm\u00e9 qu\u2019une structure sur trois.\u00a0\u00bb<\/p>\n<p>\u00ab\u00a0Pourquoi avoir pay\u00e9 un cabinet?\u00a0\u00bb, ont questionn\u00e9 les opposants? \u00ab\u00a0Aujourd\u2019hui, quelles que soient les d\u00e9cisions des municipalit\u00e9s, elles font toujours l\u2019objet de suspicions, de recours, a expliqu\u00e9 Jean-S\u00e9bastien Vialatte. Nous avions fait ce choix pour assurer la s\u00e9curit\u00e9 juridique de la commune. Mais, je suis d\u2019accord avec vous, on peut se poser des questions.\u00a0\u00bb Le groupe RN a \u00e9galement demand\u00e9 \u00e0 quelle date la commune avait \u00e9t\u00e9 inform\u00e9e des dysfonctionnements au sein des cr\u00e8ches. Guy Margueritte a r\u00e9p\u00e9t\u00e9 que l\u2019alerte avait \u00e9t\u00e9 donn\u00e9e en f\u00e9vrier par la PMI.<\/p>\n<p>Mais opposants insistant, le maire a rapidement hauss\u00e9 le ton: \u00ab\u00a0On vous l\u2019a d\u00e9j\u00e0 dit! \u00c0 partir de f\u00e9vrier le service de la petite enfance y est all\u00e9 tous les jours! Dans cette affaire, que \u00e7a vous plaise ou non, la Ville a \u00e9t\u00e9 particuli\u00e8rement r\u00e9active et efficace et les familles sont satisfaites ! Arr\u00eatez un peu votre cin\u00e9ma!\u00a0\u00bb<\/p>\n","protected":false},"excerpt":{"rendered":"D\u00e9missions et arr\u00eats maladie en cascade, repas insuffisants, absence de t\u00e9l\u00e9phone fixe, terrasse dangereuse\u2026 Ce sont les parents&hellip;\n","protected":false},"author":2,"featured_media":51489,"comment_status":"","ping_status":"","sticky":false,"template":"","format":"standard","meta":{"footnotes":""},"categories":[9619],"tags":[1111,11,1777,674,1011,27,4075,12,882,25,2310],"class_list":{"0":"post-51488","1":"post","2":"type-post","3":"status-publish","4":"format-standard","5":"has-post-thumbnail","7":"category-toulon","8":"tag-actu","9":"tag-actualites","10":"tag-eu","11":"tag-europe","12":"tag-fr","13":"tag-france","14":"tag-jeunesse","15":"tag-news","16":"tag-provence-alpes-cote-dazur","17":"tag-republique-francaise","18":"tag-toulon"},"share_on_mastodon":{"url":"https:\/\/pubeurope.com\/@fr\/114398067677831967","error":""},"_links":{"self":[{"href":"https:\/\/www.europesays.com\/fr\/wp-json\/wp\/v2\/posts\/51488","targetHints":{"allow":["GET"]}}],"collection":[{"href":"https:\/\/www.europesays.com\/fr\/wp-json\/wp\/v2\/posts"}],"about":[{"href":"https:\/\/www.europesays.com\/fr\/wp-json\/wp\/v2\/types\/post"}],"author":[{"embeddable":true,"href":"https:\/\/www.europesays.com\/fr\/wp-json\/wp\/v2\/users\/2"}],"replies":[{"embeddable":true,"href":"https:\/\/www.europesays.com\/fr\/wp-json\/wp\/v2\/comments?post=51488"}],"version-history":[{"count":0,"href":"https:\/\/www.europesays.com\/fr\/wp-json\/wp\/v2\/posts\/51488\/revisions"}],"wp:featuredmedia":[{"embeddable":true,"href":"https:\/\/www.europesays.com\/fr\/wp-json\/wp\/v2\/media\/51489"}],"wp:attachment":[{"href":"https:\/\/www.europesays.com\/fr\/wp-json\/wp\/v2\/media?parent=51488"}],"wp:term":[{"taxonomy":"category","embeddable":true,"href":"https:\/\/www.europesays.com\/fr\/wp-json\/wp\/v2\/categories?post=51488"},{"taxonomy":"post_tag","embeddable":true,"href":"https:\/\/www.europesays.com\/fr\/wp-json\/wp\/v2\/tags?post=51488"}],"curies":[{"name":"wp","href":"https:\/\/api.w.org\/{rel}","templated":true}]}}