{"id":514898,"date":"2025-11-06T02:40:22","date_gmt":"2025-11-06T02:40:22","guid":{"rendered":"https:\/\/www.europesays.com\/fr\/514898\/"},"modified":"2025-11-06T02:40:22","modified_gmt":"2025-11-06T02:40:22","slug":"desamiantage-curage-ce-qui-attend-la-tour-bretagne-a-nantes-dont-les-travaux-ont-debute","status":"publish","type":"post","link":"https:\/\/www.europesays.com\/fr\/514898\/","title":{"rendered":"D\u00e9samiantage, curage\u2026 Ce qui attend la tour Bretagne, \u00e0 Nantes, dont les travaux ont d\u00e9but\u00e9"},"content":{"rendered":"<p>Les structures des futures palissades de chantier, qui d\u00e9limitent l\u2019esplanade de la tour Bretagne, dans le centre de Nantes (Loire-Atlantique), disent <a href=\"https:\/\/nantes.maville.com\/actu\/actudet_-le-chantier-de-rehabilitation-de-la-tour-bretagne-a-nantes-va-demarrer-_52716-7012957_actu.Htm\" target=\"_blank\" rel=\"noopener\">l\u2019imminence des travaux<\/a>. Depuis le d\u00e9but de la semaine, l\u2019un des symboles de la ville, 144\u00a0m de haut, inaugur\u00e9 en 1976 et vid\u00e9 de ses derniers occupants en 2020 \u00e0 cause de la pr\u00e9sence d\u2019amiante, est entr\u00e9 en r\u00e9habilitation.<\/p>\n<p>\u00c0 sa livraison pr\u00e9vue en 2029, l\u2019ex-tour de bureaux sera transform\u00e9e en une tour d\u2019habitation, dot\u00e9e \u00e0 son pied d\u2019espaces commerciaux, de locaux d\u00e9di\u00e9s \u00e0 l\u2019\u00e9conomie solidaire et au coworking. Le socle accueillera un h\u00f4tel 4\u00a0\u00e9toiles d\u2019une centaine de chambres, tandis qu\u2019au sommet, le 33e \u00e9tage abritera une terrasse ouverte au public, et le 34e \u00e9tage, un rooftop avec vue \u00e0 360\u00b0.<\/p>\n<p>\u00ab\u00a0Flexibilit\u00e9\u00a0\u00bb<\/p>\n<p>Mais pour l\u2019heure, nous n\u2019en sommes <strong>\u00ab\u00a0qu\u2019aux travaux pr\u00e9paratoires\u00a0\u00bb<\/strong> de la phase 1, pr\u00e9cise Geoffroy Petit, directeur d\u00e9veloppement du groupe Giboire, promoteur du projet. Cette phase consiste <strong>\u00ab\u00a0au curage et au d\u00e9samiantage\u00a0\u00bb<\/strong> de l\u2019immeuble\u00a0: <strong>\u00ab\u00a0L\u2019int\u00e9rieur de la tour va \u00eatre vid\u00e9 de ses rev\u00eatements et de l\u2019ensemble de ses r\u00e9seaux (\u00e9lectrique, plomberie\u2026) pour laisser le b\u00e9ton \u00e0 nu. Typique de sa p\u00e9riode de construction, l\u2019amiante, pr\u00e9sent dans plein d\u2019endroits, jusque dans le syst\u00e8me de d\u00e9senfumage, va \u00eatre retir\u00e9 par une entreprise sp\u00e9cialis\u00e9e\u00a0\u00bb,<\/strong> annonce-t-il, tablant sur un calendrier d\u2019un an pour cette partie du chantier.<\/p>\n<p>\t<img decoding=\"async\" src=\"https:\/\/www.europesays.com\/fr\/wp-content\/uploads\/2025\/11\/P35564518D7051244G_px_640_.jpg\" alt=\"photo vue sur la tour bretagne depuis le cours des 50-otages, \u00e0 nantes.  \u00a9  ouest-france\" width=\"640\" title=\" Vue sur la tour Bretagne depuis le cours des 50-Otages, \u00e0 Nantes.   Ouest-France \"\/><\/p>\n<p class=\"elmt-legende\"> Vue sur la tour Bretagne depuis le cours des 50-Otages, \u00e0 Nantes.   Ouest-France <\/p>\n<p>C\u2019est \u00e0 cette date que les fa\u00e7ades de la tour doivent \u00eatre enlev\u00e9es, pour entamer la phase 2, celle \u00e0 proprement dite de la r\u00e9habilitation. <strong>\u00ab\u00a0Mais tout d\u00e9pendra du march\u00e9 immobilier,<\/strong> pr\u00e9vient, prudent, Geoffroy Petit.<strong>\u00a0Si tous les feux sont au vert, on encha\u00eenera les deux phases et on d\u00e9posera les fa\u00e7ades. S\u2019il y a besoin de faire une pause, on laissera les fa\u00e7ades en place.\u00a0\u00bb<\/strong><\/p>\n<p>Plus de 200\u00a0logements sont actuellement pr\u00e9vus, contre <a href=\"https:\/\/nantes.maville.com\/actu\/actudet_-a-nantes-le-suspense-sur-l-avenir-de-la-tour-bretagne-prend-fin-ce-jeudi-26-janvier-_8-5602977_actu.Htm\" target=\"_blank\" rel=\"noopener\">240\u00a0annonc\u00e9s \u00e0 la gen\u00e8se du projet<\/a>. <strong>\u00ab\u00a0Il faut savoir faire preuve de flexibilit\u00e9 en termes de programmation<\/strong> <strong>,<\/strong> souligne le directeur. <strong>Mais pour l\u2019instant, nous ne sommes pas dans cette optique. Nous avons encore du temps devant nous.\u00a0\u00bb<\/strong><\/p>\n<p>\u00a0<\/p>\n","protected":false},"excerpt":{"rendered":"Les structures des futures palissades de chantier, qui d\u00e9limitent l\u2019esplanade de la tour Bretagne, dans le centre de&hellip;\n","protected":false},"author":2,"featured_media":514899,"comment_status":"","ping_status":"","sticky":false,"template":"","format":"standard","meta":{"footnotes":""},"categories":[2818],"tags":[1111,11,20639,829,63532,7678,32102,1777,674,1011,27,766,12,2636,25,5572,3584,2086],"class_list":{"0":"post-514898","1":"post","2":"type-post","3":"status-publish","4":"format-standard","5":"has-post-thumbnail","7":"category-nantes","8":"tag-actu","9":"tag-actualites","10":"tag-attend","11":"tag-bretagne","12":"tag-curage","13":"tag-debute","14":"tag-desamiantage","15":"tag-eu","16":"tag-europe","17":"tag-fr","18":"tag-france","19":"tag-nantes","20":"tag-news","21":"tag-pays-de-la-loire","22":"tag-republique-francaise","23":"tag-semaine","24":"tag-tour","25":"tag-travaux"},"share_on_mastodon":{"url":"https:\/\/pubeurope.com\/@fr\/115500445678632248","error":""},"_links":{"self":[{"href":"https:\/\/www.europesays.com\/fr\/wp-json\/wp\/v2\/posts\/514898","targetHints":{"allow":["GET"]}}],"collection":[{"href":"https:\/\/www.europesays.com\/fr\/wp-json\/wp\/v2\/posts"}],"about":[{"href":"https:\/\/www.europesays.com\/fr\/wp-json\/wp\/v2\/types\/post"}],"author":[{"embeddable":true,"href":"https:\/\/www.europesays.com\/fr\/wp-json\/wp\/v2\/users\/2"}],"replies":[{"embeddable":true,"href":"https:\/\/www.europesays.com\/fr\/wp-json\/wp\/v2\/comments?post=514898"}],"version-history":[{"count":0,"href":"https:\/\/www.europesays.com\/fr\/wp-json\/wp\/v2\/posts\/514898\/revisions"}],"wp:featuredmedia":[{"embeddable":true,"href":"https:\/\/www.europesays.com\/fr\/wp-json\/wp\/v2\/media\/514899"}],"wp:attachment":[{"href":"https:\/\/www.europesays.com\/fr\/wp-json\/wp\/v2\/media?parent=514898"}],"wp:term":[{"taxonomy":"category","embeddable":true,"href":"https:\/\/www.europesays.com\/fr\/wp-json\/wp\/v2\/categories?post=514898"},{"taxonomy":"post_tag","embeddable":true,"href":"https:\/\/www.europesays.com\/fr\/wp-json\/wp\/v2\/tags?post=514898"}],"curies":[{"name":"wp","href":"https:\/\/api.w.org\/{rel}","templated":true}]}}