{"id":514910,"date":"2025-11-06T02:46:29","date_gmt":"2025-11-06T02:46:29","guid":{"rendered":"https:\/\/www.europesays.com\/fr\/514910\/"},"modified":"2025-11-06T02:46:29","modified_gmt":"2025-11-06T02:46:29","slug":"lille-les-nouveaux-vlille-font-un-retour-discret-apres-leur-retrait-en-urgence-par-ilevia","status":"publish","type":"post","link":"https:\/\/www.europesays.com\/fr\/514910\/","title":{"rendered":"Lille. Les nouveaux V\u2019lille font un retour (discret) apr\u00e8s leur retrait en urgence par Il\u00e9via"},"content":{"rendered":"<p>            Par<br \/>\n        <strong><br \/>\n            <a href=\"https:\/\/actu.fr\/auteur\/hervine-mahaud\" title=\"Consulter tous les articles de Hervine Mahaud\" rel=\"nofollow noopener\" target=\"_blank\">Hervine Mahaud<\/a><br \/>\n        <\/strong><\/p>\n<p>        Publi\u00e9 le<\/p>\n<p>            5 nov. 2025 \u00e0 15h56        <\/p>\n<p>Ils font leur (timide) retour dans les stations de la m\u00e9tropole de <a href=\"https:\/\/actu.fr\/lille\/\" rel=\"nofollow noopener\" target=\"_blank\">Lille<\/a>. Retir\u00e9s brusquement de la circulation quelques jours seulement apr\u00e8s avoir \u00e9t\u00e9 <a href=\"https:\/\/actu.fr\/hauts-de-france\/lille_59350\/metropole-de-lille-500-nouveaux-vlille-deployes-plus-legers-et-plus-pratiques-que-jamais_63172860.html\" rel=\"nofollow noopener\" target=\"_blank\">pr\u00e9sent\u00e9s en grande pompe<\/a> par <a href=\"https:\/\/actu.fr\/tag\/ilevia\" rel=\"nofollow noopener\" target=\"_blank\">Il\u00e9via<\/a>, les <b>nouveaux V\u2019lille<\/b> sont <b>progressivement r\u00e9introduits<\/b> depuis ce lundi 3\u00a0novembre 2025.<\/p>\n<p>150 v\u00e9los vol\u00e9s en l\u2019espace de quelques jours<\/p>\n<p class=\" wall-content\">Mi-septembre, <b>500 v\u00e9los<\/b> rouges flambant neufs avaient \u00e9t\u00e9 d\u00e9ploy\u00e9s dans les <b>stations de la m\u00e9tropole lilloise<\/b>. <b>Plus l\u00e9ger et plus pratique<\/b>, ce <b>nouveau mod\u00e8le de V\u2019lille<\/b> avait visiblement s\u00e9duit les usagers, mais aussi les voleurs. Il\u00e9via avait en effet constat\u00e9 <b>un pic de vols ou de tentatives de vols<\/b> les jours suivants\u2009: environ <b>150 nouveaux v\u00e9los ont ainsi disparu<\/b>. Si bien que, rapidement, le gestionnaire a d\u00fb se r\u00e9soudre \u00e0 <b>les retirer en catastrophe<\/b> de la circulation.<\/p>\n<p class=\" wall-content\"><a href=\"https:\/\/www.instagram.com\/p\/DOsXyEXjBHj\/embed\" title=\"Ouvrir le lien sur Instagram\" rel=\"nofollow noopener\" target=\"_blank\">Visualiser le contenu sur Instagram<\/a><\/p>\n<p class=\" wall-content\">D\u00e8s le 26\u00a0septembre, les usagers ont d\u00fb se contenter des anciens mod\u00e8les, le temps pour l\u2019op\u00e9rateur de trouver une solution.<\/p>\n<p>La flotte des 500 nouveaux V\u2019lille remise progressivement en circulation<\/p>\n<p class=\" wall-content\">L\u2019explosion des vols serait due \u00e0 <b>l\u2019attache-v\u00e9lo \u00e0 la borne<\/b>, trop fragile. \u00ab\u2009Les \u00e9quipes ont men\u00e9 une <b>expertise approfondie<\/b> des pi\u00e8ces endommag\u00e9es afin d\u2019identifier des solutions permettant de <b>pr\u00e9venir l\u2019arrachage du v\u00e9lo<\/b> en station\u2009\u00bb, explique Il\u00e9via. Pour pallier ce d\u00e9faut, \u00ab\u2009une nouvelle pi\u00e8ce de renfort en acier a \u00e9t\u00e9 con\u00e7ue et test\u00e9e pour \u00eatre d\u00e9ploy\u00e9e sur les nouveaux v\u00e9los et <b>consolider le dispositif d\u2019accroche<\/b>.\u2009\u00bb<\/p>\n<p class=\" wall-content\">Chaque nouveau V\u2019lille fait l\u2019objet d\u2019une <b>r\u00e9vision compl\u00e8te<\/b>, avec la consolidation de son attache, avant sa remise en service. \u00ab\u2009L\u2019objectif est de remettre l\u2019ensemble de la flotte des nouveaux v\u00e9los en circulation <b>d\u2019ici la fin du mois de novembre<\/b>.\u2009\u00bb<\/p>\n<p class=\" wall-content\">Pour rappel, Il\u00e9via pr\u00e9voit que d\u2019ici 2028, <b>la totalit\u00e9 de la flotte sera renouvel\u00e9e<\/b> et comptera ainsi <b>3\u2009000 v\u00e9los<\/b>, r\u00e9partis sur\u00a0<b>300 stations<\/b>.<\/p>\n<p class=\" wall-content\">Personnalisez votre actualit\u00e9 en ajoutant vos villes et m\u00e9dias en favori avec <a href=\"https:\/\/moncompte.actu.fr\" title=\"D\u00e9couvez Mon Actu\" rel=\"nofollow noopener\" data-trk=\"{&quot;cta&quot;:{&quot;action&quot;:&quot;https:\\\/\\\/moncompte.actu.fr&quot;,&quot;category&quot;:&quot;mon compte&quot;,&quot;from&quot;:&quot;article footer&quot;,&quot;name&quot;:&quot;Mon actu&quot;,&quot;type&quot;:&quot;cta&quot;}}\" target=\"_blank\">Mon Actu<\/a>.<\/p>\n<p>                    <script async src=\"\/\/www.instagram.com\/embed.js\"><\/script><\/p>\n","protected":false},"excerpt":{"rendered":"Par Hervine Mahaud Publi\u00e9 le 5 nov. 2025 \u00e0 15h56 Ils font leur (timide) retour dans les stations&hellip;\n","protected":false},"author":2,"featured_media":514911,"comment_status":"","ping_status":"","sticky":false,"template":"","format":"standard","meta":{"footnotes":""},"categories":[2815],"tags":[1111,11,1777,674,1011,27,811,4288,1307,12,25,104,2803,208],"class_list":{"0":"post-514910","1":"post","2":"type-post","3":"status-publish","4":"format-standard","5":"has-post-thumbnail","7":"category-lille","8":"tag-actu","9":"tag-actualites","10":"tag-eu","11":"tag-europe","12":"tag-fr","13":"tag-france","14":"tag-hauts-de-france","15":"tag-ilevia","16":"tag-lille","17":"tag-news","18":"tag-republique-francaise","19":"tag-societe","20":"tag-transport","21":"tag-velo"},"share_on_mastodon":{"url":"https:\/\/pubeurope.com\/@fr\/115500468670388520","error":""},"_links":{"self":[{"href":"https:\/\/www.europesays.com\/fr\/wp-json\/wp\/v2\/posts\/514910","targetHints":{"allow":["GET"]}}],"collection":[{"href":"https:\/\/www.europesays.com\/fr\/wp-json\/wp\/v2\/posts"}],"about":[{"href":"https:\/\/www.europesays.com\/fr\/wp-json\/wp\/v2\/types\/post"}],"author":[{"embeddable":true,"href":"https:\/\/www.europesays.com\/fr\/wp-json\/wp\/v2\/users\/2"}],"replies":[{"embeddable":true,"href":"https:\/\/www.europesays.com\/fr\/wp-json\/wp\/v2\/comments?post=514910"}],"version-history":[{"count":0,"href":"https:\/\/www.europesays.com\/fr\/wp-json\/wp\/v2\/posts\/514910\/revisions"}],"wp:featuredmedia":[{"embeddable":true,"href":"https:\/\/www.europesays.com\/fr\/wp-json\/wp\/v2\/media\/514911"}],"wp:attachment":[{"href":"https:\/\/www.europesays.com\/fr\/wp-json\/wp\/v2\/media?parent=514910"}],"wp:term":[{"taxonomy":"category","embeddable":true,"href":"https:\/\/www.europesays.com\/fr\/wp-json\/wp\/v2\/categories?post=514910"},{"taxonomy":"post_tag","embeddable":true,"href":"https:\/\/www.europesays.com\/fr\/wp-json\/wp\/v2\/tags?post=514910"}],"curies":[{"name":"wp","href":"https:\/\/api.w.org\/{rel}","templated":true}]}}