{"id":514918,"date":"2025-11-06T02:50:32","date_gmt":"2025-11-06T02:50:32","guid":{"rendered":"https:\/\/www.europesays.com\/fr\/514918\/"},"modified":"2025-11-06T02:50:32","modified_gmt":"2025-11-06T02:50:32","slug":"pres-de-lyon-un-habitant-decouvre-un-tresor-en-creusant-dans-son-jardin","status":"publish","type":"post","link":"https:\/\/www.europesays.com\/fr\/514918\/","title":{"rendered":"pr\u00e8s de Lyon, un habitant d\u00e9couvre un tr\u00e9sor en creusant dans son jardin"},"content":{"rendered":"<p>\n    L\u2019origine du butin reste un myst\u00e8re, l\u2019ancien propri\u00e9taire du terrain o\u00f9 il a \u00e9t\u00e9 d\u00e9couvert \u00e9tant d\u00e9c\u00e9d\u00e9.<\/p>\n<p class=\"fig-paragraph\">Des lingots et des pi\u00e8ces en or estim\u00e9s \u00e0 quelque 700.000 euros\u00a0: un habitant de Neuville-sur-Sa\u00f4ne, pr\u00e8s de\u00a0<a href=\"https:\/\/www.lefigaro.fr\/lyon\" target=\"_blank\" data-fig-type=\"Section\" rel=\"sponsored noopener nofollow\" data-gtm-custom-categorie=\"navigation\" data-gtm-custom-action=\"crossclick\" data-gtm-custom-label=\"Contextuel\" data-gtm-event=\"customEventSPE\" data-fig-domain=\"LEFIGARO\">Lyon<\/a>, a d\u00e9couvert un v\u00e9ritable tr\u00e9sor en creusant une piscine dans son jardin, a indiqu\u00e9 mercredi la mairie. Apr\u00e8s sa trouvaille, qui remonte \u00e0 mai, il avait inform\u00e9 les autorit\u00e9s comp\u00e9tentes, dont la\u00a0<a href=\"https:\/\/www.lefigaro.fr\/tag\/drac\" target=\"_blank\" rel=\"sponsored noopener nofollow\" data-gtm-custom-categorie=\"navigation\" data-gtm-custom-action=\"crossclick\" data-gtm-custom-label=\"Contextuel\" data-gtm-event=\"customEventSPE\">Direction r\u00e9gionale des affaires culturelles<\/a>\u00a0(DRAC), a pr\u00e9cis\u00e9 \u00e0 l&rsquo;AFP la mairie de Neuville-sur-Sa\u00f4ne, confirmant une information du Progr\u00e8s.<\/p>\n<p>\u00abCinq lingots et de nombreuses pi\u00e8ces\u00bb<\/p>\n<p class=\"fig-paragraph\">Celles-ci avaient \u00e9cart\u00e9 la piste d&rsquo;un tr\u00e9sor arch\u00e9ologique, ce qui lui permet de rester propri\u00e9taire du magot. Selon le journal r\u00e9gional, le tr\u00e9sor se compose de \u00abcinq lingots et de nombreuses pi\u00e8ces\u00bb emball\u00e9s dans des sachets de plastique. L&rsquo;or, acquis de \u00abfa\u00e7on l\u00e9gale\u00bb d&rsquo;apr\u00e8s l&rsquo;enqu\u00eate des gendarmes, avait \u00e9t\u00e9 fondu il y a une \u00abquinzaine ou une vingtaine d&rsquo;ann\u00e9es\u00bb dans une entreprise de la r\u00e9gion lyonnaise. L&rsquo;origine du butin reste un myst\u00e8re, l&rsquo;ancien propri\u00e9taire du terrain o\u00f9 il a \u00e9t\u00e9 d\u00e9couvert \u00e9tant d\u00e9c\u00e9d\u00e9, selon la mairie de Neuville.<\/p>\n","protected":false},"excerpt":{"rendered":"L\u2019origine du butin reste un myst\u00e8re, l\u2019ancien propri\u00e9taire du terrain o\u00f9 il a \u00e9t\u00e9 d\u00e9couvert \u00e9tant d\u00e9c\u00e9d\u00e9. Des&hellip;\n","protected":false},"author":2,"featured_media":514919,"comment_status":"","ping_status":"","sticky":false,"template":"","format":"standard","meta":{"footnotes":""},"categories":[1889],"tags":[1111,11,2430,5975,1777,674,1011,27,2428,12,25,7785],"class_list":{"0":"post-514918","1":"post","2":"type-post","3":"status-publish","4":"format-standard","5":"has-post-thumbnail","7":"category-lyon","8":"tag-actu","9":"tag-actualites","10":"tag-auvergne-rhone-alpes","11":"tag-decouverte","12":"tag-eu","13":"tag-europe","14":"tag-fr","15":"tag-france","16":"tag-lyon","17":"tag-news","18":"tag-republique-francaise","19":"tag-tresor"},"share_on_mastodon":{"url":"https:\/\/pubeurope.com\/@fr\/115500484091949472","error":""},"_links":{"self":[{"href":"https:\/\/www.europesays.com\/fr\/wp-json\/wp\/v2\/posts\/514918","targetHints":{"allow":["GET"]}}],"collection":[{"href":"https:\/\/www.europesays.com\/fr\/wp-json\/wp\/v2\/posts"}],"about":[{"href":"https:\/\/www.europesays.com\/fr\/wp-json\/wp\/v2\/types\/post"}],"author":[{"embeddable":true,"href":"https:\/\/www.europesays.com\/fr\/wp-json\/wp\/v2\/users\/2"}],"replies":[{"embeddable":true,"href":"https:\/\/www.europesays.com\/fr\/wp-json\/wp\/v2\/comments?post=514918"}],"version-history":[{"count":0,"href":"https:\/\/www.europesays.com\/fr\/wp-json\/wp\/v2\/posts\/514918\/revisions"}],"wp:featuredmedia":[{"embeddable":true,"href":"https:\/\/www.europesays.com\/fr\/wp-json\/wp\/v2\/media\/514919"}],"wp:attachment":[{"href":"https:\/\/www.europesays.com\/fr\/wp-json\/wp\/v2\/media?parent=514918"}],"wp:term":[{"taxonomy":"category","embeddable":true,"href":"https:\/\/www.europesays.com\/fr\/wp-json\/wp\/v2\/categories?post=514918"},{"taxonomy":"post_tag","embeddable":true,"href":"https:\/\/www.europesays.com\/fr\/wp-json\/wp\/v2\/tags?post=514918"}],"curies":[{"name":"wp","href":"https:\/\/api.w.org\/{rel}","templated":true}]}}