{"id":514924,"date":"2025-11-06T02:55:19","date_gmt":"2025-11-06T02:55:19","guid":{"rendered":"https:\/\/www.europesays.com\/fr\/514924\/"},"modified":"2025-11-06T02:55:19","modified_gmt":"2025-11-06T02:55:19","slug":"avant-de-partir-dans-le-sud-michel-sardou-a-ete-le-voisin-de-cet-animateur-star-a-paris","status":"publish","type":"post","link":"https:\/\/www.europesays.com\/fr\/514924\/","title":{"rendered":"Avant de partir dans le Sud, Michel Sardou a \u00e9t\u00e9 le voisin de cet animateur star \u00e0 Paris"},"content":{"rendered":"<p class=\"mb-4 text-lg md:leading-8 break-words\">Michel Sardou, d\u00e9sormais install\u00e9 \u00e0 Bormes-les-Mimosas, a longtemps v\u00e9cu dans le 8\u1d49 arrondissement de Paris, o\u00f9 il partageait le m\u00eame immeuble qu&rsquo;un c\u00e9l\u00e8bre animateur. Ce dernier a racont\u00e9 ce mercredi 5 novembre leurs \u00e9changes amicaux et leurs rencontres dans l\u2019ascenseur, avec Anne-Marie P\u00e9rier, l&rsquo;\u00e9pouse du chanteur.<\/p>\n<p class=\"mb-4 text-lg md:leading-8 break-words\">Depuis un an, <a href=\"https:\/\/www.purepeople.com\/people\/michel-sardou_p1371\" rel=\"nofollow noopener\" target=\"_blank\" data-ylk=\"slk:Michel Sardou;elm:context_link;itc:0;sec:content-canvas\" class=\"link \">Michel Sardou <\/a>est install\u00e9 \u00e0 Bormes-les-Mimosas, dans le Var. L\u2019interpr\u00e8te des Lacs du Connemara habite <a href=\"https:\/\/fr.news.yahoo.com\/michel-sardou-d%C3%A9voile-aper%C3%A7u-nouveau-200200184.html\" data-ylk=\"slk:une villa de 600m2;elm:context_link;itc:0;sec:content-canvas;outcm:mb_qualified_link;_E:mb_qualified_link;ct:story;\" class=\"link  yahoo-link\" target=\"_blank\" rel=\"noopener\">une villa de 600m2<\/a> situ\u00e9e sur la colline du Cap B\u00e9nat et surveill\u00e9e par des gardes. \u00ab\u00a0Je ne voulais pas de Nice, ni de Cannes. J\u2019ai cherch\u00e9 vers Cassis avant de me rapprocher d\u2019ici. Ici, on ne m\u2019emmerde pas.\u00a0On ne me demande pas de selfie.\u00a0\u00bb, vient-il tout r\u00e9cemment de confier \u00e0 Var-Matin.<\/p>\n<p class=\"mb-4 text-lg md:leading-8 break-words\">Ce mercredi 5 novembre 2025, dans l&rsquo;\u00e9mission TBT9, Gilles Verdez a rapport\u00e9 les confidences faites par le chanteur dans les pages <a href=\"https:\/\/www.nicematin.com\/culture\/j-ai-eu-une-vie-assez-belle-a-l-occasion-de-ses-soixante-ans-de-carriere-michel-sardou-nous-a-recus-chez-lui-a-bormes-les-mimosas-10655046\" rel=\"nofollow noopener\" target=\"_blank\" data-ylk=\"slk:du quotidien r\u00e9gional;elm:context_link;itc:0;sec:content-canvas\" class=\"link \">du quotidien r\u00e9gional<\/a>, alors qu&rsquo;il revenait avec Cyril Hanouna sur les derni\u00e8res actualit\u00e9 people. \u00ab\u00a0Je l&#8217;embrasse mon Michel\u00a0\u00bb, a alors r\u00e9agi ce dernier, <strong>avant de r\u00e9v\u00e9ler \u00e0 sa bande qu&rsquo;il a \u00e9t\u00e9 le voisin de Michel Sardou pendant plusieurs ann\u00e9es.<\/strong><\/p>\n<p class=\"mb-4 text-lg md:leading-8 break-words\">\u00ab\u00a0<strong>On habitait dans le m\u00eame immeuble, dans le 8e arrondissement \u00e0 Paris. J&rsquo;habitais au 5e (\u00e9tage, ndlr) et lui au 6e<\/strong>\u00ab\u00a0, a racont\u00e9 l&rsquo;animateur, en pr\u00e9cisant que Touche pas \u00e0 mon poste avait d\u00e9j\u00e0 commenc\u00e9 et qu&rsquo;il \u00e9tait d\u00e9j\u00e0 connu. \u00a0Et d&rsquo;ajouter : \u00ab\u00a0On s&rsquo;adorait, je l&rsquo;adore. Et j&rsquo;adore sa femme aussi (Anne-Marie P\u00e9rier, ndlr), qui est un amour. Je les voyais tout le temps, on prenait l&rsquo;ascenseur ensemble.\u00a0\u00bb<\/p>\n<p class=\"mb-4 text-lg md:leading-8 break-words\">Cyril Hanouna ancien voisin de Michel Sardou, un de ses chroniqueurs a achet\u00e9 \u00ab\u00a0l&rsquo;appartement o\u00f9 il a grandi\u00a0\u00bb<\/p>\n<p class=\"mb-4 text-lg md:leading-8 break-words\">\u00a0<\/p>\n<p class=\"mb-4 text-lg md:leading-8 break-words\">Une anecdote que le papa de<a href=\"https:\/\/fr.news.yahoo.com\/lino-bianca-mont-mis-honte-155900122.html\" data-ylk=\"slk:Lino et Bianca;elm:context_link;itc:0;sec:content-canvas;outcm:mb_qualified_link;_E:mb_qualified_link;ct:story;\" class=\"link  yahoo-link\" target=\"_blank\" rel=\"noopener\"> Lino et Bianca <\/a>avait d\u00e9j\u00e0 racont\u00e9e en f\u00e9vrier dernier dans TPMP. Son chroniqueur Fabien Lecoeuvre, qui l&rsquo;a suivi sur TBT9, avait alors confirm\u00e9 que Michel Sardou est un \u00ab\u00a0bon voisin\u00a0\u00bb, avant d&rsquo;expliquer comment il le sait : \u00ab\u00a0J&rsquo;ai achet\u00e9 l&rsquo;appartement o\u00f9 il a grandi, rue Ramey (dans le 18e arrondissement, l\u00e0 o\u00f9 Michel Sardou a scell\u00e9 son premier mariage avec <a href=\"https:\/\/fr.news.yahoo.com\/michel-sardou-mari%C3%A9-%C3%A0-fran%C3%A7oise-190300953.html\" data-ylk=\"slk:Fran\u00e7oise Pettr\u00e9;elm:context_link;itc:0;sec:content-canvas;outcm:mb_qualified_link;_E:mb_qualified_link;ct:story;\" class=\"link  yahoo-link\" target=\"_blank\" rel=\"noopener\">Fran\u00e7oise Pettr\u00e9<\/a>, en l&rsquo;\u00c9glise Saint-Pierre de Montmartre, ndlr). J&rsquo;y ai habit\u00e9, c&rsquo;\u00e9tait mon premier appartement que j&rsquo;ai achet\u00e9 \u00e0 Paris. C&rsquo;est l\u00e0 o\u00f9 les parents de Michel Sardou ont \u00e9lev\u00e9 le petit Michel.\u00a0\u00bb\u00a0<\/p>\n<p class=\"mb-4 text-lg md:leading-8 break-words\">Michel Sardou deviendra par la suite l&rsquo;artiste que tout le monde connait : il a re\u00e7u au total cinq Victoires de la musique et en 2017, ses ventes \u00e9taient estim\u00e9es \u00e0 plus de 100\u00a0millions de disques, ce qui le classait alors parmi les plus grands vendeurs de disques fran\u00e7ais. Il est officiellement \u00e0 la retraite depuis <a href=\"https:\/\/fr.news.yahoo.com\/exclu-concerts-dadieu-michel-sardou-191300355.html\" data-ylk=\"slk:la fin de sa tourn\u00e9e d&#039;adieu;elm:context_link;itc:0;sec:content-canvas;outcm:mb_qualified_link;_E:mb_qualified_link;ct:story;\" class=\"link  yahoo-link\" target=\"_blank\" rel=\"noopener\">la fin de sa tourn\u00e9e d&rsquo;adieu<\/a> en mars 2024.<\/p>\n<p class=\"mb-4 text-lg md:leading-8 break-words\">\u00a0<\/p>\n<p class=\"mb-4 text-lg md:leading-8 break-words\"><a href=\"https:\/\/www.purepeople.com\/article\/on-etait-dans-le-meme-immeuble-dans-le-8e-arrondissement-avant-de-partir-dans-le-sud-michel-sardou-a-ete-le-voisin-de-cet-animateur-star-a-paris_a544351\/1\" rel=\"nofollow noopener\" target=\"_blank\" data-ylk=\"slk:Article original sur Purepeople;elm:context_link;itc:0;sec:content-canvas\" class=\"link \">Article original sur Purepeople<\/a><\/p>\n","protected":false},"excerpt":{"rendered":"Michel Sardou, d\u00e9sormais install\u00e9 \u00e0 Bormes-les-Mimosas, a longtemps v\u00e9cu dans le 8\u1d49 arrondissement de Paris, o\u00f9 il partageait&hellip;\n","protected":false},"author":2,"featured_media":514925,"comment_status":"","ping_status":"","sticky":false,"template":"","format":"standard","meta":{"footnotes":""},"categories":[1888],"tags":[1111,1928,11,1927,63534,1083,1777,674,1011,27,4006,30040,12,1926,626,1925,25,8625],"class_list":{"0":"post-514924","1":"post","2":"type-post","3":"status-publish","4":"format-standard","5":"has-post-thumbnail","7":"category-paris","8":"tag-actu","9":"tag-actu-paris","10":"tag-actualites","11":"tag-actualites-paris","12":"tag-bormes-les-mimosas","13":"tag-cyril-hanouna","14":"tag-eu","15":"tag-europe","16":"tag-fr","17":"tag-france","18":"tag-le-chanteur","19":"tag-michel-sardou","20":"tag-news","21":"tag-news-paris","22":"tag-paris","23":"tag-paris-news","24":"tag-republique-francaise","25":"tag-victoires-de-la-musique"},"share_on_mastodon":{"url":"https:\/\/pubeurope.com\/@fr\/115500504143647894","error":""},"_links":{"self":[{"href":"https:\/\/www.europesays.com\/fr\/wp-json\/wp\/v2\/posts\/514924","targetHints":{"allow":["GET"]}}],"collection":[{"href":"https:\/\/www.europesays.com\/fr\/wp-json\/wp\/v2\/posts"}],"about":[{"href":"https:\/\/www.europesays.com\/fr\/wp-json\/wp\/v2\/types\/post"}],"author":[{"embeddable":true,"href":"https:\/\/www.europesays.com\/fr\/wp-json\/wp\/v2\/users\/2"}],"replies":[{"embeddable":true,"href":"https:\/\/www.europesays.com\/fr\/wp-json\/wp\/v2\/comments?post=514924"}],"version-history":[{"count":0,"href":"https:\/\/www.europesays.com\/fr\/wp-json\/wp\/v2\/posts\/514924\/revisions"}],"wp:featuredmedia":[{"embeddable":true,"href":"https:\/\/www.europesays.com\/fr\/wp-json\/wp\/v2\/media\/514925"}],"wp:attachment":[{"href":"https:\/\/www.europesays.com\/fr\/wp-json\/wp\/v2\/media?parent=514924"}],"wp:term":[{"taxonomy":"category","embeddable":true,"href":"https:\/\/www.europesays.com\/fr\/wp-json\/wp\/v2\/categories?post=514924"},{"taxonomy":"post_tag","embeddable":true,"href":"https:\/\/www.europesays.com\/fr\/wp-json\/wp\/v2\/tags?post=514924"}],"curies":[{"name":"wp","href":"https:\/\/api.w.org\/{rel}","templated":true}]}}