{"id":514938,"date":"2025-11-06T03:03:21","date_gmt":"2025-11-06T03:03:21","guid":{"rendered":"https:\/\/www.europesays.com\/fr\/514938\/"},"modified":"2025-11-06T03:03:21","modified_gmt":"2025-11-06T03:03:21","slug":"discours-de-maryam-radjavi-dans-une-conference-en-allemagne-sur","status":"publish","type":"post","link":"https:\/\/www.europesays.com\/fr\/514938\/","title":{"rendered":"Discours de Maryam Radjavi dans une conf\u00e9rence en Allemagne sur\u2026"},"content":{"rendered":"<p>\t\t\t\t\t\t\t\t\t\t\tMassacre effroyable des prisonniers en Iran \u2013 La communaut\u00e9 internationale doit agir<\/p>\n<p>Honorables parlementaires,<br \/>Personnalit\u00e9s distingu\u00e9es,<br \/>Je vous remercie de l\u2019attention que vous portez \u00e0 la situation en Iran.<br \/>Aujourd\u2019hui, je voudrais aborder une question fondamentale, \u00e0 savoir les massacres effroyables perp\u00e9tr\u00e9s dans les prisons. Dans un nouveau record d\u2019atrocit\u00e9s, le r\u00e9gime cl\u00e9rical a pendu au moins 285 prisonniers en octobre 2025, dont 7 femmes et un mineur \u00e2g\u00e9 de moins de 18 ans au moment des faits reproch\u00e9s.<\/p>\n<p>Une col\u00e8re populaire croissante<\/p>\n<p>Il y a trois ans, lors d\u2019un soul\u00e8vement majeur, le peuple iranien a appel\u00e9 au renversement de ce r\u00e9gime. Apr\u00e8s cela, le guide supr\u00eame des mollahs s\u2019est tourn\u00e9 vers<a href=\"https:\/\/www.maryam-rajavi.com\/fr\/la-tete-du-serpent-du-bellicisme-et-du-terrorisme-est-a-teheran-est-devenu-plus-evident-que-jamais\/\" target=\"_blank\" rel=\"noopener\"><strong> le bellicisme r\u00e9gional<\/strong> <\/a>pour emp\u00eacher un nouveau soul\u00e8vement.<br \/>Pourtant, aujourd\u2019hui, Khamenei est confront\u00e9 \u00e0 la col\u00e8re populaire. Les Iraniens en ont assez de la r\u00e9pression, de la pauvret\u00e9, de l\u2019injustice et de la corruption sans fin des organes gouvernementaux. Ils ne veulent pas du gaspillage des richesses de la nation, y compris les revenus p\u00e9troliers. Ils refusent de voir Khamenei et ses gardiens de la r\u00e9volution d\u00e9penser la majeure partie des revenus du pays dans la r\u00e9pression, la guerre et les <a href=\"https:\/\/www.maryam-rajavi.com\/fr\/points-de-vue\/programme-nucleaire-regime-iran-libre\/\" target=\"_blank\" rel=\"noopener\"><strong>programmes nucl\u00e9aires et balistiques<\/strong><\/a>.<br \/>Parall\u00e8lement au profond m\u00e9contentement qui r\u00e8gne dans la soci\u00e9t\u00e9, les conflits entre les factions du r\u00e9gime se sont intensifi\u00e9s. L\u2019ancien pr\u00e9sident du r\u00e9gime, le mollah Hassan Rohani, a fait une d\u00e9claration sans pr\u00e9c\u00e9dent en affirmant que le parlement actuel ne b\u00e9n\u00e9ficie que de 10 % des voix du peuple. Ce chiffre correspond \u00e0 celui annonc\u00e9 pr\u00e9c\u00e9demment par le Conseil national de la r\u00e9sistance iranienne sur la participation des \u00e9lecteurs aux \u00e9lections l\u00e9gislatives organis\u00e9es par le r\u00e9gime. En r\u00e9ponse, les membres du Parlement ont demand\u00e9 son arrestation.<\/p>\n<p>Effondrement de l\u2019\u00e9conomie<\/p>\n<p>Le r\u00e9gime souffre d\u2019une instabilit\u00e9 fondamentale. Il n\u2019est plus en mesure de contr\u00f4ler l\u2019effondrement continu de l\u2019\u00e9conomie nationale. Il n\u2019a pas non plus la force de contenir le chaos croissant dans les services publics. De graves p\u00e9nuries d\u2019\u00e9lectricit\u00e9, d\u2019eau et de gaz ont paralys\u00e9 des parties de la production, de l\u2019\u00e9ducation et de l\u2019administration du pays.<br \/>Au cours de l\u2019ann\u00e9e \u00e9coul\u00e9e, les prix des denr\u00e9es alimentaires ont augment\u00e9 de 65 % et la monnaie nationale est devenue l\u2019une des plus faibles au monde.<br \/>En m\u00eame temps, ce r\u00e9gime ne peut \u00eatre r\u00e9form\u00e9. Toutes ses factions ont un point commun : la r\u00e9pression du peuple iranien pour garantir la survie du r\u00e9gime.<\/p>\n<p>Escalade des ex\u00e9cutions<\/p>\n<p>Khamenei craint profond\u00e9ment cette situation. Pour emp\u00eacher de futurs soul\u00e8vements, il a recours \u00e0 toujours plus d\u2019ex\u00e9cutions.<br \/>Et pour contrer les progr\u00e8s de la r\u00e9sistance du peuple iranien, le r\u00e9gime a condamn\u00e9 \u00e0 mort plusieurs <a href=\"https:\/\/www.maryam-rajavi.com\/fr\/resistance-des-prisonniers-politiques-en-iran\/\" target=\"_blank\" rel=\"noopener\"><strong>prisonniers politiques<\/strong><\/a> pour appartenance \u00e0 l\u2019Organisation des Moudjahidine du peuple, l\u2019OMPI. Toutes ces condamnations ont \u00e9t\u00e9 prononc\u00e9es en violation des normes les plus \u00e9l\u00e9mentaires d\u2019un proc\u00e8s \u00e9quitable.<br \/>Ehsan Faridi est un \u00e9tudiant de 22 ans emprisonn\u00e9. Son avocat a r\u00e9v\u00e9l\u00e9 que la justice du r\u00e9gime avait rejet\u00e9 sa demande de r\u00e9vision de proc\u00e8s en moins d\u2019une heure, sans m\u00eame la lire.<br \/>Mme Zahra Tabari, est une autre prisonni\u00e8re politique, dont le simulacre de proc\u00e8s s\u2019est d\u00e9roul\u00e9 par vid\u00e9oconf\u00e9rence et n\u2019a dur\u00e9 que dix minutes.<br \/>Si ce r\u00e9gime respectait les normes internationales en mati\u00e8re de proc\u00e8s \u00e9quitable, les fondements m\u00eames de son pouvoir s\u2019effondreraient.<br \/>R\u00e9cemment, Behrouz Ehsani et Mehdi Hassani ont \u00e9t\u00e9 ex\u00e9cut\u00e9s pour leur soutien \u00e0 l\u2019OMPI.<\/p>\n<p>Le mouvement \u00ab non aux ex\u00e9cutions \u00bb<\/p>\n<p>Face aux ex\u00e9cutions croissantes men\u00e9es par le r\u00e9gime pour contrer les soul\u00e8vements et semer la terreur parmi la population, la R\u00e9sistance iranienne appelle depuis longtemps \u00e0 <a href=\"https:\/\/www.maryam-rajavi.com\/fr\/campagne-contre-les-executions-en-iran\/\" target=\"_blank\" rel=\"noopener\"><strong>une campagne mondiale intitul\u00e9e \u00ab Non \u00e0 la peine de mort \u00bb<\/strong><\/a>.<br \/>Dans 54 prisons, depuis 93 semaines, les prisonniers m\u00e8nent des gr\u00e8ves de la faim chaque mardi sous le slogan \u00ab Les mardis du non \u00e0 la peine de mort \u00bb.<br \/>Les enseignants, les travailleurs, les infirmi\u00e8res, les retrait\u00e9s et d\u2019autres secteurs de nos compatriotes brandissent des pancartes <a href=\"https:\/\/www.maryam-rajavi.com\/fr\/points-de-vue\/abolition-de-la-peine-de-mort-en-iran\/\" target=\"_blank\" rel=\"noopener\"><strong>\u00ab Non aux ex\u00e9cutions \u00bb<\/strong><\/a> lors de leurs manifestations. Ils disent : \u00ab N\u2019essayez pas de nous faire peur en ex\u00e9cutant des prisonniers sous nos yeux. \u00bb<br \/>Nous appelons la communaut\u00e9 internationale \u00e0 soutenir ce mouvement. Il faut mettre fin \u00e0 la terreur exerc\u00e9e sur la population par les pendaisons.<\/p>\n<p>Pressions sur les Iraniens \u00e0 l\u2019\u00e9tranger<\/p>\n<p>D\u2019autre part, le bureau du <a href=\"https:\/\/www.maryam-rajavi.com\/fr\/interim-session-of-the-national-council-of-resistance-of-iran\/\" target=\"_blank\" rel=\"noopener\"><strong>CNRI<\/strong><\/a> en Allemagne a re\u00e7u des informations provenant de dizaines d\u2019Iraniens vivant dans ce pays selon lesquelles, en raison de leur soutien \u00e0 l\u2019OMPI et de leur participation aux \u00e9v\u00e9nements de la R\u00e9sistance, leurs familles en Iran ont subi des pressions du r\u00e9gime et eux-m\u00eames ont re\u00e7u des menaces en Allemagne<br \/>Au nom de la R\u00e9sistance iranienne, nous appelons l\u2019Allemagne et les autres \u00c9tats membres de l\u2019Union europ\u00e9enne \u00e0 :<br \/>\u2013 Demander instamment que <a href=\"https:\/\/www.maryam-rajavi.com\/fr\/points-de-vue\/droits-humains-en-iran\/\" target=\"_blank\" rel=\"noopener\"><strong>les violations des droits humains en Iran<\/strong><\/a> soient port\u00e9es devant le Conseil de s\u00e9curit\u00e9 des Nations unies ;<br \/>\u2013 Appliquer le principe de comp\u00e9tence universelle afin de tenir les dirigeants et les responsables du r\u00e9gime responsables de crimes contre l\u2019humanit\u00e9 et de g\u00e9nocide ;<br \/>\u2013 Et faire pression sur le r\u00e9gime iranien pour qu\u2019il autorise les Nations Unies et d\u2019autres organisations de d\u00e9fense des droits humains \u00e0 visiter les prisons et les prisonniers en Iran, en particulier les prisonniers politiques.<\/p>\n<p>Le droit du peuple de se d\u00e9fendre<\/p>\n<p>Chers amis,<br \/>La dictature religieuse n\u2019abandonnera pas les trois piliers fondamentaux de son pouvoir tant qu\u2019il ne sera pas renvers\u00e9. Ces piliers sont<br \/>\u2013 les ex\u00e9cutions, la torture et la r\u00e9pression \u00e0 l\u2019int\u00e9rieur de l\u2019Iran,<br \/>\u2013 le bellicisme et le terrorisme \u00e0 l\u2019\u00e9tranger,<br \/>\u2013 et le programme de fabrication de la bombe atomique.<br \/>Les \u00e9v\u00e9nements de l\u2019ann\u00e9e \u00e9coul\u00e9e ont montr\u00e9 que ces politiques ne prendront fin qu\u2019avec le renversement du r\u00e9gime par la r\u00e9sistance organis\u00e9e du peuple iranien.<br \/>Il est donc urgent et n\u00e9cessaire de reconna\u00eetre la lutte du peuple iranien pour renverser la dictature des mollahs<br \/>Lorsque les prisons sont devenues des abattoirs, les jeunes qui se r\u00e9voltent ont le droit de d\u00e9fendre leur peuple.<br \/>Quand les gens se font tuer parce qu\u2019ils participent \u00e0 des manifestations de rue, ils ont le droit de se d\u00e9fendre.<br \/>Maintenant que, avec la r\u00e9activation des r\u00e9solutions du Conseil de s\u00e9curit\u00e9 des Nations Unies, le r\u00e9gime des mollahs est \u00e0 nouveau plac\u00e9 sous le Chapitre VII de la Charte des Nations Unies en tant que menace pour la paix et la s\u00e9curit\u00e9 internationales, le peuple soumis \u00e0 son joug doivent avoir le droit \u00e0 se d\u00e9fendre.<br \/>Nous exhortons les gouvernements de l\u2019Union europ\u00e9enne et tous les gouvernements du monde \u00e0 reconna\u00eetre ce droit juste et longtemps ignor\u00e9.<br \/>Nous luttons pour une <a href=\"https:\/\/www.maryam-rajavi.com\/fr\/points-de-vue\/droits-humains-en-iran\/\" target=\"_blank\" rel=\"noopener\"><strong>r\u00e9publique d\u00e9mocratique<\/strong><\/a> et la souverainet\u00e9 populaire. Comme l\u2019a r\u00e9affirm\u00e9 <a href=\"https:\/\/www.maryam-rajavi.com\/fr\/resistance-iranienne-direction-massoud-radjavi-rempli-mission-historique\/\" target=\"_blank\" rel=\"noopener\"><strong>Massoud Radjavi<\/strong><\/a>, le dirigeant de la R\u00e9sistance iranienne, dans son r\u00e9cent message : \u00ab Nous voulons r\u00e9cup\u00e9rer notre pays. Nous voulons la libert\u00e9 pour notre peuple encha\u00een\u00e9. Et nous ne connaitrons pas de r\u00e9pit tant que cela ne sera pas fait. \u00bb<\/p>\n","protected":false},"excerpt":{"rendered":"Massacre effroyable des prisonniers en Iran \u2013 La communaut\u00e9 internationale doit agir Honorables parlementaires,Personnalit\u00e9s distingu\u00e9es,Je vous remercie de&hellip;\n","protected":false},"author":2,"featured_media":514939,"comment_status":"","ping_status":"","sticky":false,"template":"","format":"standard","meta":{"footnotes":""},"categories":[1587],"tags":[11,672,1804,1805,1803,63535,1777,674,1801,63536,12,1802,63537,63273],"class_list":{"0":"post-514938","1":"post","2":"type-post","3":"status-publish","4":"format-standard","5":"has-post-thumbnail","7":"category-allemagne","8":"tag-actualites","9":"tag-allemagne","10":"tag-bundesrepublik-deutschland","11":"tag-de","12":"tag-deutschland","13":"tag-droit-de-lhomme","14":"tag-eu","15":"tag-europe","16":"tag-germany","17":"tag-maryam-radjavi","18":"tag-news","19":"tag-republique-federale-dallemagne","20":"tag-soulevement-en-iran","21":"tag-violations-des-droits-humains"},"share_on_mastodon":{"url":"https:\/\/pubeurope.com\/@fr\/115500535157989709","error":""},"_links":{"self":[{"href":"https:\/\/www.europesays.com\/fr\/wp-json\/wp\/v2\/posts\/514938","targetHints":{"allow":["GET"]}}],"collection":[{"href":"https:\/\/www.europesays.com\/fr\/wp-json\/wp\/v2\/posts"}],"about":[{"href":"https:\/\/www.europesays.com\/fr\/wp-json\/wp\/v2\/types\/post"}],"author":[{"embeddable":true,"href":"https:\/\/www.europesays.com\/fr\/wp-json\/wp\/v2\/users\/2"}],"replies":[{"embeddable":true,"href":"https:\/\/www.europesays.com\/fr\/wp-json\/wp\/v2\/comments?post=514938"}],"version-history":[{"count":0,"href":"https:\/\/www.europesays.com\/fr\/wp-json\/wp\/v2\/posts\/514938\/revisions"}],"wp:featuredmedia":[{"embeddable":true,"href":"https:\/\/www.europesays.com\/fr\/wp-json\/wp\/v2\/media\/514939"}],"wp:attachment":[{"href":"https:\/\/www.europesays.com\/fr\/wp-json\/wp\/v2\/media?parent=514938"}],"wp:term":[{"taxonomy":"category","embeddable":true,"href":"https:\/\/www.europesays.com\/fr\/wp-json\/wp\/v2\/categories?post=514938"},{"taxonomy":"post_tag","embeddable":true,"href":"https:\/\/www.europesays.com\/fr\/wp-json\/wp\/v2\/tags?post=514938"}],"curies":[{"name":"wp","href":"https:\/\/api.w.org\/{rel}","templated":true}]}}