{"id":514966,"date":"2025-11-06T03:23:45","date_gmt":"2025-11-06T03:23:45","guid":{"rendered":"https:\/\/www.europesays.com\/fr\/514966\/"},"modified":"2025-11-06T03:23:45","modified_gmt":"2025-11-06T03:23:45","slug":"daniel-craig-est-officiellement-un-anti-james-bond-qui-porte-des-dr-martens","status":"publish","type":"post","link":"https:\/\/www.europesays.com\/fr\/514966\/","title":{"rendered":"Daniel Craig est officiellement un anti-James Bond qui porte des Dr. Martens"},"content":{"rendered":"<p>Lorsque Daniel Craig a mis fin \u00e0 ses 15 ann\u00e9es dans le r\u00f4le de James Bond en 2021, il s&rsquo;est lanc\u00e9 dans une aventure vestimentaire que personne n&rsquo;aurait pu pr\u00e9voir. Au cours des quatre ann\u00e9es qui ont suivi le moment o\u00f9 il a raccroch\u00e9 pour la derni\u00e8re fois les \u00e9l\u00e9gants costumes Tom Ford sur mesure de <a href=\"https:\/\/www.gqmagazine.fr\/article\/qui-sera-le-prochain-james-bond\" target=\"_blank\" rel=\"noopener\">007<\/a>, l&rsquo;acteur anglais s&rsquo;est essay\u00e9 \u00e0 des tenues extr\u00eamement n\u00e9glig\u00e9es, \u00e0 un style de cadre moyen et \u00e0 une garde-robe digne d&rsquo;un riche collectionneur d&rsquo;art excentrique. Il a m\u00eame recrut\u00e9 sa femme, l&rsquo;actrice Rachel Weisz, pour coordonner des tricots ultra-color\u00e9s dignes d&rsquo;un couple de v\u00e9t\u00e9rans du Burning Man pour le d\u00e9fil\u00e9 printemps 2025 de Loewe. Mais il semble maintenant que Craig ait adopt\u00e9 un nouvel arch\u00e9type esth\u00e9tique : celui de ce mec autrefois c\u00e9l\u00e8bre sur Internet pour sa page Tumblr anonyme en noir et blanc, devenu aujourd&rsquo;hui un fanatique de cr\u00e9atine, et toujours obs\u00e9d\u00e9 par Lou Reed.<\/p>\n<p>Pour son apparition cette semaine dans l&rsquo;\u00e9mission de radio Sirius XM d&rsquo;Andy Cohen \u00e0 New York, Daniel Craig portait une paire de bottines \u00e0 lacets Dr. Martens d&rsquo;un rouge d\u00e9licieusement patin\u00e9, qu&rsquo;il a associ\u00e9es \u00e0 un jean Levi&rsquo;s vintage \u00e0 coupe droite, une combinaison tr\u00e8s 2013, digne d&rsquo;un amateur de bi\u00e8re artisanale. Il portait par-dessus une chemise en flanelle bleue et un blouson aviateur qui mettait en valeur ses biceps, tous deux sign\u00e9s JW Anderson (la marque du cr\u00e9ateur Jonathan Anderson, qui a habill\u00e9 Craig dans <a href=\"https:\/\/www.gqmagazine.fr\/article\/justin-kuritzkes-scenariste-queer-interview\" target=\"_blank\" rel=\"noopener\">Queer<\/a> de Luca Guadagnino).<\/p>\n<p>Ce pas seulement le c\u00f4t\u00e9 indie-sleaze de la tenue \u2013 compos\u00e9e d&rsquo;une chemise en flanelle, d&rsquo;un jean d\u00e9lav\u00e9 et de bottes militaires \u2013 qui nous ram\u00e8ne \u00e0 l&rsquo;\u00e2ge d&rsquo;or des blogs, mais c&rsquo;est aussi le tee-shirt graphique <a href=\"https:\/\/www.gqmagazine.fr\/article\/collaborations-mode-homme\" target=\"_blank\" rel=\"noopener\">Patti Smith<\/a> qu&rsquo;il portait en dessous, sans oublier la casquette de livreur de journaux qu&rsquo;il a enfil\u00e9e en sortant du studio d&rsquo;enregistrement new-yorkais plus tard dans la journ\u00e9e.<\/p>\n<p><img decoding=\"async\" alt=\"Daniel Craig\" loading=\"lazy\" class=\"ResponsiveImageContainer-eNxvmU cfBbTk responsive-image__image\"   src=\"https:\/\/www.europesays.com\/fr\/wp-content\/uploads\/2025\/11\/2244857757.jpeg\"\/><\/p>\n<p>Daniel Craig lors de l&rsquo;\u00e9mission d&rsquo;Andy Cohen Live sur SiriusXM le 3 novembre \u00e0 New York.\u00a9 Bryan Bedder\/Getty Images<\/p>\n<p>L&rsquo;acteur \u00e9tait l\u00e0 pour promouvoir le dernier volet de la s\u00e9rie polici\u00e8re Knives Out, Wake Up Dead Man: A Knives Out Mystery, dans lequel Craig reprend son r\u00f4le du d\u00e9tective Dixieland Benoit Blanc. Il n&rsquo;est pas impossible que l&rsquo;\u00e9l\u00e9gant d\u00e9tective Blanc pr\u00e9f\u00e8re les casquettes plates en laine de Brunello Cucinelli ; Craig, quant \u00e0 lui, arbore ce style depuis plus d&rsquo;une d\u00e9cennie. Tout comme la casquette de baseball des Mets us\u00e9e de <a href=\"https:\/\/www.gqmagazine.fr\/article\/jeremy-allen-white-bomber-louis-vuitton-londres\" target=\"_blank\" rel=\"noopener\">Jeremy Allen White<\/a>, la forme us\u00e9e de la casquette de Craig est un argument de poids en faveur du fait de porter vos accessoires pr\u00e9f\u00e9r\u00e9s jusqu&rsquo;\u00e0 ce qu&rsquo;ils soient us\u00e9s.<\/p>\n<p>Qui sait o\u00f9 Craig a trouv\u00e9 ce tee-shirt Patti Smith ? Avec un peu de chance, dans une friperie. L&rsquo;image de la chanteuse punk est issue d&rsquo;un clich\u00e9 de 1977 par la photographe Lynn Goldsmith. La musicienne pose devant un mur jaune sur lequel est griffonn\u00e9 \u201cPasolini et vie\u201d en cursive. Cette phrase fait r\u00e9f\u00e9rence \u00e0 l&rsquo;intellectuel italien Pier Paolo Pasolini, dont les citations auraient probablement \u00e9t\u00e9 reprises \u00e0 grand renfort de reblogs par l&rsquo;avatar hypoth\u00e9tique de Daniel Craig, en hipster.<\/p>\n<p>Article initialement publi\u00e9 sur <a href=\"https:\/\/www.gq.com\/story\/daniel-craig-indie-sleaze-style-patti-smith-shirt\" target=\"_blank\" rel=\"noopener\">GQ US<\/a><\/p>\n","protected":false},"excerpt":{"rendered":"Lorsque Daniel Craig a mis fin \u00e0 ses 15 ann\u00e9es dans le r\u00f4le de James Bond en 2021,&hellip;\n","protected":false},"author":2,"featured_media":514967,"comment_status":"","ping_status":"","sticky":false,"template":"","format":"standard","meta":{"footnotes":""},"categories":[1354],"tags":[6064,58,59,1346,1011,27,63538,63539,1360],"class_list":{"0":"post-514966","1":"post","2":"type-post","3":"status-publish","4":"format-standard","5":"has-post-thumbnail","7":"category-films","8":"tag-daniel-craig","9":"tag-divertissement","10":"tag-entertainment","11":"tag-films","12":"tag-fr","13":"tag-france","14":"tag-hommes-styles","15":"tag-jw-anderson","16":"tag-movies"},"share_on_mastodon":{"url":"https:\/\/pubeurope.com\/@fr\/115500614519244622","error":""},"_links":{"self":[{"href":"https:\/\/www.europesays.com\/fr\/wp-json\/wp\/v2\/posts\/514966","targetHints":{"allow":["GET"]}}],"collection":[{"href":"https:\/\/www.europesays.com\/fr\/wp-json\/wp\/v2\/posts"}],"about":[{"href":"https:\/\/www.europesays.com\/fr\/wp-json\/wp\/v2\/types\/post"}],"author":[{"embeddable":true,"href":"https:\/\/www.europesays.com\/fr\/wp-json\/wp\/v2\/users\/2"}],"replies":[{"embeddable":true,"href":"https:\/\/www.europesays.com\/fr\/wp-json\/wp\/v2\/comments?post=514966"}],"version-history":[{"count":0,"href":"https:\/\/www.europesays.com\/fr\/wp-json\/wp\/v2\/posts\/514966\/revisions"}],"wp:featuredmedia":[{"embeddable":true,"href":"https:\/\/www.europesays.com\/fr\/wp-json\/wp\/v2\/media\/514967"}],"wp:attachment":[{"href":"https:\/\/www.europesays.com\/fr\/wp-json\/wp\/v2\/media?parent=514966"}],"wp:term":[{"taxonomy":"category","embeddable":true,"href":"https:\/\/www.europesays.com\/fr\/wp-json\/wp\/v2\/categories?post=514966"},{"taxonomy":"post_tag","embeddable":true,"href":"https:\/\/www.europesays.com\/fr\/wp-json\/wp\/v2\/tags?post=514966"}],"curies":[{"name":"wp","href":"https:\/\/api.w.org\/{rel}","templated":true}]}}