{"id":514987,"date":"2025-11-06T03:34:24","date_gmt":"2025-11-06T03:34:24","guid":{"rendered":"https:\/\/www.europesays.com\/fr\/514987\/"},"modified":"2025-11-06T03:34:24","modified_gmt":"2025-11-06T03:34:24","slug":"sommes-nous-tous-sous-influence-2","status":"publish","type":"post","link":"https:\/\/www.europesays.com\/fr\/514987\/","title":{"rendered":"sommes-nous tous sous influence ?"},"content":{"rendered":"<p>Comment r\u00e9sister ? Comment gagner ce bras de fer contre la toute-puissante industrie agroalimentaire ? Pr\u00e9sid\u00e9e par Hubert Attenont, la Conf\u00e9rence R\u00e9gionale de la Sant\u00e9 et de l\u2019Autonomie (CRSA) Grand Est, organe autonome de la r\u00e9gion qui d\u00e9fend les int\u00e9r\u00eats des usagers et contribue \u00e0 l\u2019\u00e9laboration des politiques publiques de sant\u00e9 aupr\u00e8s de l\u2019Agence r\u00e9gionale de sant\u00e9 (ARS), a propos\u00e9 un d\u00e9bat public (Le Sucre dans nos vies) sur l\u2019ingestion de sucre d\u00e9mentielle de nos soci\u00e9t\u00e9s et son impact sur la sant\u00e9. Au c\u0153ur de cette journ\u00e9e organis\u00e9e \u00e0 Nancy ce mardi 4 novembre, la pr\u00e9sentation des manipulations dont nous faisons l\u2019objet par la Pr  Chantal Julia, m\u00e9decin sp\u00e9cialiste de l\u2019\u00e9valuation des politiques publiques en nutrition. Face \u00e0 des marques internationales capables que nous faire avaler un id\u00e9al de vie saine en nous faisant engloutir des kilos de sucres et de graisse, que faire ?<\/p>\n<p>  Des cibles privil\u00e9gi\u00e9es<\/p>\n<p>Car les poids lourds de l\u2019ob\u00e9sit\u00e9 nous vendent du r\u00eave avant de nous vendre des c\u00e9r\u00e9ales, des graisses satur\u00e9es, du sucre transform\u00e9 et du soda calorique. Exemples \u00e0 l\u2019appui, Chantal Julia a d\u00e9montr\u00e9 que, non seulement le rapport de force \u00e9tait d\u00e9s\u00e9quilibr\u00e9, mais, qu\u2019il l\u2019\u00e9tait, en plus, au d\u00e9savantage des classes populaires et moyennes. Plus expos\u00e9es au matraquage marketing et plus sensibles aux messages martel\u00e9s, elles sont les cibles privil\u00e9gi\u00e9es d\u2019une industrie qui a compris depuis les ann\u00e9es 70 que la pr\u00e9sentation ouvre l\u2019app\u00e9tit. Les fabricants ont d\u00e9corr\u00e9l\u00e9 graduellement leurs produits de la qualit\u00e9 nutritionnelle attendue, cr\u00e9ant de toutes pi\u00e8ces une alimentation juste d\u00e9sirable et addictive \u00e0 base de sucres, de sel et de gras. \u00ab Ils proposent des produits associ\u00e9s \u00e0 des valeurs qui n\u2019ont \u00e0 rien \u00e0 voir avec la qualit\u00e9 nutritionnelle, a expliqu\u00e9 Chantal Julia. Le but est de renforcer les associations positives avec une marque. \u00bb<\/p>\n<p>Autre strat\u00e9gie mise en \u0153uvre pour nous faire consommer toujours plus, augmenter la taille de nos assiettes, de nos verres, de nos rations. Particuli\u00e8rement vraie aux \u00c9tats-Unis, cette tactique a eu des effets d\u00e9l\u00e9t\u00e8res sur les populations les plus vuln\u00e9rables. Outre-atlantique, le cocktail bon march\u00e9 glucides-prot\u00e9ines-lipides absorb\u00e9 \u00e0 hautes doses a fait exploser l\u2019ob\u00e9sit\u00e9. Coupl\u00e9 \u00e0 une s\u00e9dentarit\u00e9 croissante, il a entra\u00een\u00e9 une catastrophe sanitaire. Selon les donn\u00e9es des Centers for Disease Control and Prevention (CDC), <a href=\"https:\/\/www.estrepublicain.fr\/magazine-sante\/2025\/09\/15\/ozempic-wegovy-mounjaro-alerte-sur-le-detournement-des-medicaments-antiobesite\" target=\"_blank\" rel=\"noopener\">la pr\u00e9valence de l\u2019ob\u00e9sit\u00e9 chez les adultes atteignait 40 % en 2023<\/a>. En France, pas mieux. En 2024, d\u2019apr\u00e8s l\u2019\u00e9tude OFEO (Observatoire Fran\u00e7ais d\u2019\u00c9pid\u00e9miologie de l\u2019Ob\u00e9sit\u00e9) de la Ligue nationale Contre l\u2019Ob\u00e9sit\u00e9, 48,8 % de la population adulte \u00e9tait en situation de surpoids ou d\u2019ob\u00e9sit\u00e9. Soit, 26,497 millions de personnes.<\/p>\n<p>  Sous emprise<\/p>\n<p>Une \u00e9pid\u00e9mie qui n\u2019est pas le simple fait d\u2019errements individuels, mais <a href=\"https:\/\/www.republicain-lorrain.fr\/magazine-sante\/2023\/03\/17\/obesite-des-chiffres-en-hausse-mais-des-solutions-pour-soigner-la-maladie\" target=\"_blank\" rel=\"noopener\">provient beaucoup du milieu o\u00f9 nous \u00e9voluons<\/a> , a insist\u00e9 Chantal Julia qui a travaill\u00e9 sur le Nutri-score et ses vertus : \u00ab Il y a l\u2019influence des environnements proches, de l\u2019environnement g\u00e9ographique dans laquelle nous nous situons, de l\u2019environnement urbain (est-ce que je peux me d\u00e9placer tranquillement chez moi ? Est-ce que j\u2019ai acc\u00e8s \u00e0 autre chose que des fast-foods ?), mais aussi un certain nombre d\u2019environnements qui sont beaucoup plus distants, qui sont soci\u00e9taux. Des \u00e9l\u00e9ments qui sont d\u2019ordre politique. Les prix des denr\u00e9es alimentaires, par exemple, d\u00e9pendent de politiques publiques et des march\u00e9s qui sont souvent extr\u00eamement distants finalement de notre capacit\u00e9 de contr\u00f4le individuel. \u00bb<\/p>\n<p>Dans les strat\u00e9gies de pr\u00e9vention, l\u2019id\u00e9e, selon la chercheuse, est donc d\u2019int\u00e9grer \u00ab ces \u00e9l\u00e9ments-l\u00e0 pour ensuite d\u00e9velopper des actions adapt\u00e9es. \u00bb Pour Chantal Julia, une \u00ab plus forte consommation de produits gras, sal\u00e9s et sucr\u00e9s et une moindre activit\u00e9 physique \u00bb sont des comportements, certes, li\u00e9s \u00e0 des facteurs individuels et de pr\u00e9f\u00e9rences individuelles, mais ils sont \u00ab aussi et surtout, li\u00e9s \u00e0 des facteurs environnementaux : offre alimentaire, marketing, prix, accessibilit\u00e9\u2026 \u00bb. \u00ab On peut avoir toutes les connaissances nutritionnelles du monde, ce qui est le cas de 95 % de la population, si notre environnement est d\u00e9favorable, on ne va pas pouvoir aller vers une alimentation favorable \u00e0 la sant\u00e9. \u00bb Pour la s\u00e9dentarit\u00e9, Chantal Julia a d\u00e9montr\u00e9 qu\u2019il fallait aussi cr\u00e9er les conditions de la marche. \u00ab Une ville qui n\u2019a pas de trottoir, pas d\u2019\u00e9clairage public, peu de commerces de proximit\u00e9, exclut le marcheur. \u00bb Ce qu\u2019il faut donc retenir, c\u2019est que \u00ab l\u2019environnement favorise des comportements d\u00e9favorables \u00e0 la sant\u00e9. \u00bb<\/p>\n","protected":false},"excerpt":{"rendered":"Comment r\u00e9sister ? Comment gagner ce bras de fer contre la toute-puissante industrie agroalimentaire ? Pr\u00e9sid\u00e9e par Hubert&hellip;\n","protected":false},"author":2,"featured_media":513339,"comment_status":"","ping_status":"","sticky":false,"template":"","format":"standard","meta":{"footnotes":""},"categories":[9635],"tags":[1111,11,1777,674,1011,27,775,5362,224,3457,1702,12,3456,25,71],"class_list":{"0":"post-514987","1":"post","2":"type-post","3":"status-publish","4":"format-standard","5":"has-post-thumbnail","7":"category-nancy","8":"tag-actu","9":"tag-actualites","10":"tag-eu","11":"tag-europe","12":"tag-fr","13":"tag-france","14":"tag-grand-est","15":"tag-magazine-sante","16":"tag-medecine","17":"tag-meurthe-et-moselle","18":"tag-nancy","19":"tag-news","20":"tag-region-lorraine","21":"tag-republique-francaise","22":"tag-sante"},"share_on_mastodon":{"url":"https:\/\/pubeurope.com\/@fr\/115500657141580783","error":""},"_links":{"self":[{"href":"https:\/\/www.europesays.com\/fr\/wp-json\/wp\/v2\/posts\/514987","targetHints":{"allow":["GET"]}}],"collection":[{"href":"https:\/\/www.europesays.com\/fr\/wp-json\/wp\/v2\/posts"}],"about":[{"href":"https:\/\/www.europesays.com\/fr\/wp-json\/wp\/v2\/types\/post"}],"author":[{"embeddable":true,"href":"https:\/\/www.europesays.com\/fr\/wp-json\/wp\/v2\/users\/2"}],"replies":[{"embeddable":true,"href":"https:\/\/www.europesays.com\/fr\/wp-json\/wp\/v2\/comments?post=514987"}],"version-history":[{"count":0,"href":"https:\/\/www.europesays.com\/fr\/wp-json\/wp\/v2\/posts\/514987\/revisions"}],"wp:featuredmedia":[{"embeddable":true,"href":"https:\/\/www.europesays.com\/fr\/wp-json\/wp\/v2\/media\/513339"}],"wp:attachment":[{"href":"https:\/\/www.europesays.com\/fr\/wp-json\/wp\/v2\/media?parent=514987"}],"wp:term":[{"taxonomy":"category","embeddable":true,"href":"https:\/\/www.europesays.com\/fr\/wp-json\/wp\/v2\/categories?post=514987"},{"taxonomy":"post_tag","embeddable":true,"href":"https:\/\/www.europesays.com\/fr\/wp-json\/wp\/v2\/tags?post=514987"}],"curies":[{"name":"wp","href":"https:\/\/api.w.org\/{rel}","templated":true}]}}