{"id":514988,"date":"2025-11-06T03:35:17","date_gmt":"2025-11-06T03:35:17","guid":{"rendered":"https:\/\/www.europesays.com\/fr\/514988\/"},"modified":"2025-11-06T03:35:17","modified_gmt":"2025-11-06T03:35:17","slug":"coupe-de-france-la-fff-modifie-la-programmation-de-tomblaine-r3","status":"publish","type":"post","link":"https:\/\/www.europesays.com\/fr\/514988\/","title":{"rendered":"Coupe de France : la FFF modifie la programmation de Tomblaine (R3)"},"content":{"rendered":"<p>Le GSA Tomblaine (R\u00e9gional 3) s&rsquo;appr\u00eate \u00e0 vivre un moment fort de son histoire en accueillant l&rsquo;AS Nancy-Lorraine (Ligue 2) pour <a href=\"https:\/\/www.foot-national.com\/coupe-de-france\/coupe-de-france-le-tirage-au-sort-complet-du-septieme-tour-avec-les-potentielles-affiches-du-huitieme-928707\" target=\"_blank\" rel=\"noopener\">le septi\u00e8me tour<\/a> de la Coupe de France. Si les deux clubs s&rsquo;\u00e9taient initialement mis d&rsquo;accord pour organiser cette confrontation au stade Marcel-Picot le samedi 15 novembre \u00e0 18h00, un revirement de situation a chang\u00e9 la donne. Selon les informations de <a href=\"https:\/\/www.estrepublicain.fr\/sport\/2025\/11\/04\/changement-de-date-et-d-horaire-pour-le-match-entre-l-as-nancy-lorraine-et-tomblaine\" target=\"_blank\" rel=\"noopener\">L&rsquo;EST R\u00e9publicain<\/a>, la rencontre se jouera finalement le dimanche 16 novembre \u00e0 15h45, un horaire impos\u00e9 par le diffuseur de la comp\u00e9tition, en l&rsquo;occurrence France 3.<\/p>\n<p>Cette modification administrative est source de regret pour le pensionnaire de la neuvi\u00e8me division fran\u00e7aise. Le pr\u00e9sident du GSAT, Philippe Kadem, a confi\u00e9 au micro de L&rsquo;Est R\u00e9publicain : \u00ab\u00a0Pour tout le monde, c\u2019\u00e9tait un horaire formidable. Pour les enfants qui jouent le samedi en d\u00e9but d\u2019apr\u00e8s-midi, qui pouvaient venir au stade. Pour tous les footballeurs amateurs aussi, puisqu\u2019ils jouent le dimanche. Et m\u00eame pour l\u2019ASNL, puisque \u00e7a lui permettait de b\u00e9n\u00e9ficier d\u2019un jour de repos suppl\u00e9mentaire avant son prochain match de Ligue 2. \u00c7a aurait \u00e9t\u00e9 une belle f\u00eate du football pour toute la m\u00e9tropole. Donc forc\u00e9ment, on est un peu d\u00e9\u00e7u.\u00a0\u00bb<\/p>\n<p><strong>\u00ab\u00a0Un moment grandiose dans la vie du club\u00a0\u00bb<\/strong><\/p>\n<p>Malgr\u00e9 la d\u00e9ception li\u00e9e \u00e0 l&rsquo;horaire, le club amateur se montre r\u00e9silient et ravi de cette affiche de prestige. Le GSA Tomblaine reste concentr\u00e9 sur l&rsquo;aspect sportif et festif de l&rsquo;\u00e9v\u00e9nement. Le dirigeant du GSAT reconna\u00eet la contrainte mais positive l&rsquo;approche : \u00ab\u00a0On doit s\u2019adapter et suivre les directives de la f\u00e9d\u00e9ration. Il y aura peut-\u00eatre un peu moins de monde au stade dimanche, mais \u00e7a restera un moment grandiose dans la vie du club. On est tout de m\u00eame hypercontents, on sent une vraie effervescence autour nous depuis le tirage. J\u2019ai re\u00e7u beaucoup de messages de personnes que je n\u2019avais pas vues depuis longtemps.\u00a0\u00bb La f\u00eate aura donc bien lieu dimanche apr\u00e8s-midi, m\u00eame si les imp\u00e9ratifs de la t\u00e9l\u00e9vision ont eu raison de la meilleure organisation possible.<\/p>\n<p>Partagez cette info avec vos amis et vos proches en cliquant ici<br \/>Pour r\u00e9sumer<\/p>\n<p>Selon les informations de l&rsquo;EST R\u00e9publicain, l&rsquo;affiche de r\u00eave entre le GSA Tomblaine (R\u00e9gional 3) et l&rsquo;AS Nancy-Lorraine (Ligue 2) au septi\u00e8me tour de la Coupe de France est entach\u00e9e par un changement d&rsquo;horaire impos\u00e9.<\/p>\n<p> <img decoding=\"async\" width=\"76\" height=\"76\" loading=\"lazy\" src=\"https:\/\/static.wui.fr\/images_v3\/avatar-footnational.png\" alt=\"Aris Djennadi\"\/><\/p>\n","protected":false},"excerpt":{"rendered":"Le GSA Tomblaine (R\u00e9gional 3) s&rsquo;appr\u00eate \u00e0 vivre un moment fort de son histoire en accueillant l&rsquo;AS Nancy-Lorraine&hellip;\n","protected":false},"author":2,"featured_media":514989,"comment_status":"","ping_status":"","sticky":false,"template":"","format":"standard","meta":{"footnotes":""},"categories":[9635],"tags":[1111,11,61432,1777,674,9314,1011,27,775,59995,1702,12,25],"class_list":{"0":"post-514988","1":"post","2":"type-post","3":"status-publish","4":"format-standard","5":"has-post-thumbnail","7":"category-nancy","8":"tag-actu","9":"tag-actualites","10":"tag-coupes-coupe-de-france","11":"tag-eu","12":"tag-europe","13":"tag-foot-amateur","14":"tag-fr","15":"tag-france","16":"tag-grand-est","17":"tag-ligue-2-actus","18":"tag-nancy","19":"tag-news","20":"tag-republique-francaise"},"share_on_mastodon":{"url":"https:\/\/pubeurope.com\/@fr\/115500661616295070","error":""},"_links":{"self":[{"href":"https:\/\/www.europesays.com\/fr\/wp-json\/wp\/v2\/posts\/514988","targetHints":{"allow":["GET"]}}],"collection":[{"href":"https:\/\/www.europesays.com\/fr\/wp-json\/wp\/v2\/posts"}],"about":[{"href":"https:\/\/www.europesays.com\/fr\/wp-json\/wp\/v2\/types\/post"}],"author":[{"embeddable":true,"href":"https:\/\/www.europesays.com\/fr\/wp-json\/wp\/v2\/users\/2"}],"replies":[{"embeddable":true,"href":"https:\/\/www.europesays.com\/fr\/wp-json\/wp\/v2\/comments?post=514988"}],"version-history":[{"count":0,"href":"https:\/\/www.europesays.com\/fr\/wp-json\/wp\/v2\/posts\/514988\/revisions"}],"wp:featuredmedia":[{"embeddable":true,"href":"https:\/\/www.europesays.com\/fr\/wp-json\/wp\/v2\/media\/514989"}],"wp:attachment":[{"href":"https:\/\/www.europesays.com\/fr\/wp-json\/wp\/v2\/media?parent=514988"}],"wp:term":[{"taxonomy":"category","embeddable":true,"href":"https:\/\/www.europesays.com\/fr\/wp-json\/wp\/v2\/categories?post=514988"},{"taxonomy":"post_tag","embeddable":true,"href":"https:\/\/www.europesays.com\/fr\/wp-json\/wp\/v2\/tags?post=514988"}],"curies":[{"name":"wp","href":"https:\/\/api.w.org\/{rel}","templated":true}]}}