{"id":514994,"date":"2025-11-06T03:38:20","date_gmt":"2025-11-06T03:38:20","guid":{"rendered":"https:\/\/www.europesays.com\/fr\/514994\/"},"modified":"2025-11-06T03:38:20","modified_gmt":"2025-11-06T03:38:20","slug":"derniere-chance-de-participer-a-montpellier","status":"publish","type":"post","link":"https:\/\/www.europesays.com\/fr\/514994\/","title":{"rendered":"derni\u00e8re chance de participer \u00e0 Montpellier"},"content":{"rendered":"<p> Troph\u00e9e des Femmes du Troisi\u00e8me Mill\u00e9naire : un \u00e9v\u00e9nement pour c\u00e9l\u00e9brer l&rsquo;\u00e9galit\u00e9 et l&rsquo;innovation<\/p>\n<p>Le <strong>10 d\u00e9cembre<\/strong>, la d\u00e9l\u00e9gation <strong>Femmes 3 000 Languedoc-Roussillon<\/strong> organisera son premier gala, un \u00e9v\u00e9nement d\u00e9di\u00e9 \u00e0 la mise en lumi\u00e8re des jeunes entrepreneures de la r\u00e9gion. Cette initiative vise \u00e0 promouvoir l&rsquo;\u00e9galit\u00e9 et la parit\u00e9 dans le monde professionnel, tout en c\u00e9l\u00e9brant l&rsquo;innovation et la cr\u00e9ativit\u00e9.<\/p>\n<p>Aline Bouix, pr\u00e9sidente de cette d\u00e9l\u00e9gation, explique que l&rsquo;association a \u00e9t\u00e9 fond\u00e9e par <a href=\"https:\/\/fr.wikipedia.org\/wiki\/Mich%C3%A8le_Barzach\" rel=\"noopener\" target=\"_blank\">Mich\u00e8le Barzach<\/a> avant les ann\u00e9es 2000 et a \u00e9volu\u00e9 pour devenir apolitique. Elle a pour mission de soutenir les femmes dans leur qu\u00eate d&rsquo;\u00e9galit\u00e9 salariale et de repr\u00e9sentation dans les instances d\u00e9cisionnelles. Aline Bouix <strong>\u00ab\u00a0Il y a encore beaucoup de travail \u00e0 faire. Les progr\u00e8s sont visibles, mais la parit\u00e9 n&rsquo;est pas encore atteinte\u00a0\u00bb<\/strong>, souligne-t-elle.<\/p>\n<p>Aline Bouix met en lumi\u00e8re les diff\u00e9rences de perception entre hommes et femmes lorsqu&rsquo;il s&rsquo;agit de saisir des opportunit\u00e9s professionnelles. Elle illustre cela par une anecdote, o\u00f9 les hommes se montrent souvent plus confiants et enthousiastes \u00e0 l&rsquo;id\u00e9e de prendre des responsabilit\u00e9s, tandis que les femmes h\u00e9sitent, craignant de ne pas \u00eatre \u00e0 la hauteur.<\/p>\n<p><img loading=\"lazy\" decoding=\"async\" src=\"https:\/\/www.europesays.com\/fr\/wp-content\/uploads\/2025\/11\/adM7ysQN9v.jpeg\" alt=\"\" width=\"500\" height=\"261\"\/><\/p>\n<p>Les troph\u00e9es : valoriser l&rsquo;entrepreneuriat f\u00e9minin<\/p>\n<p>Le gala du 10 d\u00e9cembre sera l&rsquo;occasion de remettre trois troph\u00e9es importants\u00a0:<\/p>\n<ul>\n<li><strong>Troph\u00e9e Humour<\/strong> : R\u00e9compense un projet entrepreneurial int\u00e9grant l&rsquo;humour comme \u00e9l\u00e9ment central de son d\u00e9veloppement.<\/li>\n<li><strong>Troph\u00e9e Innovation \u00c9tonnante<\/strong> : Distingue une innovation particuli\u00e8rement surprenante et cr\u00e9ative.<\/li>\n<li><strong>Troph\u00e9e Expansion Nationale\/Internationale<\/strong> : Valorise un projet avec un potentiel de d\u00e9veloppement au niveau national puis international.<\/li>\n<\/ul>\n<p>De plus, un <strong>coup de c\u0153ur du jury<\/strong> sera attribu\u00e9 \u00e0 un projet au service de tous, remis par Michael Delafosse, maire de Montpellier. Bouix souligne l&rsquo;importance de cet \u00e9v\u00e9nement : <strong>\u00ab\u00a0Nous voulons mettre \u00e0 l&rsquo;honneur les p\u00e9pites de notre r\u00e9gion.\u00a0\u00bb<\/strong> Les participantes peuvent d\u00e9poser leurs dossiers via le lien suivant\u00a0 <a class=\"MRRcOEIzRvbRicBXxoqiBeMraPtGfKthi \" href=\"https:\/\/lnkd.in\/e9GyHvvk\" tabindex=\"0\" data-test-app-aware-link=\"\" data-artdeco-is-focused=\"true\" target=\"_blank\" rel=\"noopener\">https:\/\/lnkd.in\/e9GyHvvk<\/a>, et elles ont encore trois semaines pour le faire.<\/p>\n<p>Le gala se d\u00e9roulera au <strong>FDI Stadium<\/strong> et sera ouvert \u00e0 tous, avec une priorit\u00e9 pour les membres de l&rsquo;association. Le co\u00fbt d&rsquo;entr\u00e9e est fix\u00e9 \u00e0 25 euros par personne, une somme qui sera revers\u00e9e \u00e0 l&rsquo;association pour soutenir ses actions futures. <strong>\u00ab\u00a0Nous voulons que cette soir\u00e9e soit accessible \u00e0 tous, tout en offrant une exp\u00e9rience de qualit\u00e9\u00a0\u00bb<\/strong>, pr\u00e9cise Aline Bouix.<\/p>\n<p>Les festivit\u00e9s comprendront un d\u00eener de gala pr\u00e9par\u00e9 par de jeunes entreprises locales, ainsi qu&rsquo;une ambiance musicale anim\u00e9e par un DJ, favorisant les \u00e9changes et la convivialit\u00e9. Des vigneronnes de la r\u00e9gion seront \u00e9galement pr\u00e9sentes pour faire d\u00e9guster leurs productions.<\/p>\n<p>Pour plus d&rsquo;informations, les int\u00e9ress\u00e9s peuvent consulter la page <a href=\"https:\/\/www.linkedin.com\/company\/femmes-3000-languedoc-roussillon\/posts\/?feedView=all\" rel=\"noopener\" target=\"_blank\"><strong>LinkedIn<\/strong> de Femmes 3 000 Languedoc-Roussillon<\/a> ainsi que leur site Internet, o\u00f9 sont r\u00e9pertori\u00e9es les manifestations pass\u00e9es et \u00e0 venir.<\/p>\n<p>Ce gala repr\u00e9sente une \u00e9tape significative pour l&rsquo;association dans sa lutte pour l&rsquo;\u00e9galit\u00e9 des sexes et la valorisation de l&rsquo;entrepreneuriat f\u00e9minin. \u00c0 travers cet \u00e9v\u00e9nement, les femmes de la r\u00e9gion sont encourag\u00e9es \u00e0 se faire entendre et \u00e0 prendre leur place dans le monde professionnel.<\/p>\n","protected":false},"excerpt":{"rendered":"Troph\u00e9e des Femmes du Troisi\u00e8me Mill\u00e9naire : un \u00e9v\u00e9nement pour c\u00e9l\u00e9brer l&rsquo;\u00e9galit\u00e9 et l&rsquo;innovation Le 10 d\u00e9cembre, la&hellip;\n","protected":false},"author":2,"featured_media":514995,"comment_status":"","ping_status":"","sticky":false,"template":"","format":"standard","meta":{"footnotes":""},"categories":[9599],"tags":[1111,11,63544,28194,56945,58916,63547,63543,1777,674,63550,63545,63546,63541,1011,27,6145,63549,5701,55178,11241,2208,12,2680,63542,63548,25,37369,63551],"class_list":{"0":"post-514994","1":"post","2":"type-post","3":"status-publish","4":"format-standard","5":"has-post-thumbnail","7":"category-montpellier","8":"tag-actu","9":"tag-actualites","10":"tag-aline-bouix","11":"tag-creativite","12":"tag-diner-de-gala","13":"tag-egalite-professionnelle","14":"tag-egalite-salariale","15":"tag-entrepreneuriat-feminin","16":"tag-eu","17":"tag-europe","18":"tag-expansion-internationale","19":"tag-fdi-stadium","20":"tag-femmes-3-000-languedoc-roussillon","21":"tag-femmes-entrepreneures","22":"tag-fr","23":"tag-france","24":"tag-gala","25":"tag-humour-entrepreneurial","26":"tag-innovation","27":"tag-jeunes-talents","28":"tag-michael-delafosse","29":"tag-montpellier","30":"tag-news","31":"tag-occitanie","32":"tag-parite","33":"tag-representation-decisionnelle","34":"tag-republique-francaise","35":"tag-trophees","36":"tag-vigneronnes-locales"},"share_on_mastodon":{"url":"https:\/\/pubeurope.com\/@fr\/115500675244104313","error":""},"_links":{"self":[{"href":"https:\/\/www.europesays.com\/fr\/wp-json\/wp\/v2\/posts\/514994","targetHints":{"allow":["GET"]}}],"collection":[{"href":"https:\/\/www.europesays.com\/fr\/wp-json\/wp\/v2\/posts"}],"about":[{"href":"https:\/\/www.europesays.com\/fr\/wp-json\/wp\/v2\/types\/post"}],"author":[{"embeddable":true,"href":"https:\/\/www.europesays.com\/fr\/wp-json\/wp\/v2\/users\/2"}],"replies":[{"embeddable":true,"href":"https:\/\/www.europesays.com\/fr\/wp-json\/wp\/v2\/comments?post=514994"}],"version-history":[{"count":0,"href":"https:\/\/www.europesays.com\/fr\/wp-json\/wp\/v2\/posts\/514994\/revisions"}],"wp:featuredmedia":[{"embeddable":true,"href":"https:\/\/www.europesays.com\/fr\/wp-json\/wp\/v2\/media\/514995"}],"wp:attachment":[{"href":"https:\/\/www.europesays.com\/fr\/wp-json\/wp\/v2\/media?parent=514994"}],"wp:term":[{"taxonomy":"category","embeddable":true,"href":"https:\/\/www.europesays.com\/fr\/wp-json\/wp\/v2\/categories?post=514994"},{"taxonomy":"post_tag","embeddable":true,"href":"https:\/\/www.europesays.com\/fr\/wp-json\/wp\/v2\/tags?post=514994"}],"curies":[{"name":"wp","href":"https:\/\/api.w.org\/{rel}","templated":true}]}}