{"id":515030,"date":"2025-11-06T03:58:14","date_gmt":"2025-11-06T03:58:14","guid":{"rendered":"https:\/\/www.europesays.com\/fr\/515030\/"},"modified":"2025-11-06T03:58:14","modified_gmt":"2025-11-06T03:58:14","slug":"le-menu-dominical-doudou-du-restaurant-magate-a-marseille","status":"publish","type":"post","link":"https:\/\/www.europesays.com\/fr\/515030\/","title":{"rendered":"Le menu dominical doudou du restaurant Mag\u00e2t\u00e9 \u00e0 Marseille"},"content":{"rendered":"<p>Apr\u00e8s ses menus rentr\u00e9e des classes autour des standards de la cantoche revisit\u00e9s, <a href=\"https:\/\/restaurantsandbars.accor.com\/fr\/restaurant\/0911_R001\" target=\"_blank\" rel=\"noopener\">Mag\u00e2t\u00e9<\/a>, le restaurant marseillais du boulevard Charles-Livon, s\u2019inspire des classiques de la cuisine de m\u00e9nage dominicale.<\/p>\n<p>D\u00e8s le dimanche 9 novembre, l\u2019\u00e9tablissement lance son concept \u00ab\u00a0Les G\u00e2t\u00e9s du dimanche\u00a0\u00bb. Le principe ? Partager un repas r\u00e9confortant autour d\u2019un m\u00eame plat principal central, pour un d\u00e9jeuner au restaurant qui prend des faux airs de table familiale.<\/p>\n<p>Con\u00e7ue pour quatre \u00e0 six personnes, chaque recette assume son c\u00f4t\u00e9 r\u00e9gressif et s\u2019inspire des dimanches chez les parents ou grands-parents.<\/p>\n<p>Un plat diff\u00e9rent chaque mois<\/p>\n<p>La carte fonctionne sur une rotation mensuelle\u00a0: en novembre, poulet r\u00f4ti au thym, miel et citron frais, pommes de terre grenaille confites et ail en chemise\u00a0; en d\u00e9cembre, hachis parmentier au paleron de b\u0153uf, jus au vin rouge, geni\u00e8vre et clou de girofle\u00a0; en janvier, brandade de poisson safran\u00e9e aux herbes fra\u00eeches\u00a0; en f\u00e9vrier, roast de poitrine de veau laqu\u00e9e, pommes de terre et carottes r\u00f4ties\u00a0; en mars, lasagne de saumon, ch\u00e8vre, \u00e9pinard et curry\u00a0; en avril, \u00e9paule d\u2019agneau confite \u00e0 l\u2019ail et au thym, fricass\u00e9e de l\u00e9gumes printaniers.<\/p>\n<p>Les G\u00e2t\u00e9s du dimanche du restaurant Mag\u00e2t\u00e9 au Novotel Vieux-Port, 36 boulevard Charles-Livon, Marseille 7e. Chaque dimanche du 9\u00a0novembre\u00a02025 au 5\u00a0avril\u00a02026. Tarif\u00a0: 15\u00a0\u20ac par personne (menu sp\u00e9cial de P\u00e2ques\u00a0: 35\u00a0\u20ac). R\u00e9servations 04\u00a091\u00a015\u00a059\u00a000 ou https:\/\/restaurantsandbars.accor.com\/fr\/restaurant\/0911_R001<\/p>\n","protected":false},"excerpt":{"rendered":"Apr\u00e8s ses menus rentr\u00e9e des classes autour des standards de la cantoche revisit\u00e9s, Mag\u00e2t\u00e9, le restaurant marseillais du&hellip;\n","protected":false},"author":2,"featured_media":515031,"comment_status":"","ping_status":"","sticky":false,"template":"","format":"standard","meta":{"footnotes":""},"categories":[2814],"tags":[17,1111,11,55199,34872,1777,674,1011,27,63556,884,11417,12,882,16,25,1340],"class_list":{"0":"post-515030","1":"post","2":"type-post","3":"status-publish","4":"format-standard","5":"has-post-thumbnail","7":"category-marseille","8":"tag-17","9":"tag-actu","10":"tag-actualites","11":"tag-dominical","12":"tag-doudou","13":"tag-eu","14":"tag-europe","15":"tag-fr","16":"tag-france","17":"tag-magate","18":"tag-marseille","19":"tag-menu","20":"tag-news","21":"tag-provence-alpes-cote-dazur","22":"tag-region","23":"tag-republique-francaise","24":"tag-restaurant"},"share_on_mastodon":{"url":"https:\/\/pubeurope.com\/@fr\/115500751500641364","error":""},"_links":{"self":[{"href":"https:\/\/www.europesays.com\/fr\/wp-json\/wp\/v2\/posts\/515030","targetHints":{"allow":["GET"]}}],"collection":[{"href":"https:\/\/www.europesays.com\/fr\/wp-json\/wp\/v2\/posts"}],"about":[{"href":"https:\/\/www.europesays.com\/fr\/wp-json\/wp\/v2\/types\/post"}],"author":[{"embeddable":true,"href":"https:\/\/www.europesays.com\/fr\/wp-json\/wp\/v2\/users\/2"}],"replies":[{"embeddable":true,"href":"https:\/\/www.europesays.com\/fr\/wp-json\/wp\/v2\/comments?post=515030"}],"version-history":[{"count":0,"href":"https:\/\/www.europesays.com\/fr\/wp-json\/wp\/v2\/posts\/515030\/revisions"}],"wp:featuredmedia":[{"embeddable":true,"href":"https:\/\/www.europesays.com\/fr\/wp-json\/wp\/v2\/media\/515031"}],"wp:attachment":[{"href":"https:\/\/www.europesays.com\/fr\/wp-json\/wp\/v2\/media?parent=515030"}],"wp:term":[{"taxonomy":"category","embeddable":true,"href":"https:\/\/www.europesays.com\/fr\/wp-json\/wp\/v2\/categories?post=515030"},{"taxonomy":"post_tag","embeddable":true,"href":"https:\/\/www.europesays.com\/fr\/wp-json\/wp\/v2\/tags?post=515030"}],"curies":[{"name":"wp","href":"https:\/\/api.w.org\/{rel}","templated":true}]}}