{"id":515032,"date":"2025-11-06T03:59:12","date_gmt":"2025-11-06T03:59:12","guid":{"rendered":"https:\/\/www.europesays.com\/fr\/515032\/"},"modified":"2025-11-06T03:59:12","modified_gmt":"2025-11-06T03:59:12","slug":"marseille-de-zerbi-les-regles-a-madrid-sont-differentes-de-celles-a-marseille-video-sports","status":"publish","type":"post","link":"https:\/\/www.europesays.com\/fr\/515032\/","title":{"rendered":"Marseille &#8211; De Zerbi : \u00ab\u00a0Les r\u00e8gles \u00e0 Madrid sont diff\u00e9rentes de celles \u00e0 Marseille\u00a0\u00bb vid\u00e9o : Sports"},"content":{"rendered":"<p>\n                                            \u00ab\u00a0\u00c0 Madrid, le m\u00eame penalty, mais les r\u00e8gles \u00e0 Madrid sont diff\u00e9rentes de celles de Marseille.\u00a0\u00bb a d\u00e9clar\u00e9 Roberto De Zerbi avec ironie, \u00e0 la suite d\u2019un penalty non siffl\u00e9 en faveur de l\u2019OM contre l\u2019Atalanta mercredi, apr\u00e8s une main d\u2019un d\u00e9fenseur italien dans la surface. L\u2019entra\u00eeneur olympien estime que son \u00e9quipe s\u2019\u00e9tait inclin\u00e9e sur une action similaire, siffl\u00e9e en faveur du Real Madrid, il y a quelques semaines en Ligue des champions.\n                                    <\/p>\n<p>Vid\u00e9o suivante dans 5 secondes<\/p>\n","protected":false},"excerpt":{"rendered":"\u00ab\u00a0\u00c0 Madrid, le m\u00eame penalty, mais les r\u00e8gles \u00e0 Madrid sont diff\u00e9rentes de celles de Marseille.\u00a0\u00bb a d\u00e9clar\u00e9&hellip;\n","protected":false},"author":2,"featured_media":515033,"comment_status":"","ping_status":"","sticky":false,"template":"","format":"standard","meta":{"footnotes":""},"categories":[2814],"tags":[1111,11,43431,1777,674,63,1011,27,23456,884,12,40658,46979,882,25,968,52873],"class_list":{"0":"post-515032","1":"post","2":"type-post","3":"status-publish","4":"format-standard","5":"has-post-thumbnail","7":"category-marseille","8":"tag-actu","9":"tag-actualites","10":"tag-atalanta","11":"tag-eu","12":"tag-europe","13":"tag-football","14":"tag-fr","15":"tag-france","16":"tag-french","17":"tag-marseille","18":"tag-news","19":"tag-news-football","20":"tag-olympique-marseille","21":"tag-provence-alpes-cote-dazur","22":"tag-republique-francaise","23":"tag-roberto-de-zerbi","24":"tag-uefa-champions-league-europe"},"share_on_mastodon":{"url":"https:\/\/pubeurope.com\/@fr\/115500755602843914","error":""},"_links":{"self":[{"href":"https:\/\/www.europesays.com\/fr\/wp-json\/wp\/v2\/posts\/515032","targetHints":{"allow":["GET"]}}],"collection":[{"href":"https:\/\/www.europesays.com\/fr\/wp-json\/wp\/v2\/posts"}],"about":[{"href":"https:\/\/www.europesays.com\/fr\/wp-json\/wp\/v2\/types\/post"}],"author":[{"embeddable":true,"href":"https:\/\/www.europesays.com\/fr\/wp-json\/wp\/v2\/users\/2"}],"replies":[{"embeddable":true,"href":"https:\/\/www.europesays.com\/fr\/wp-json\/wp\/v2\/comments?post=515032"}],"version-history":[{"count":0,"href":"https:\/\/www.europesays.com\/fr\/wp-json\/wp\/v2\/posts\/515032\/revisions"}],"wp:featuredmedia":[{"embeddable":true,"href":"https:\/\/www.europesays.com\/fr\/wp-json\/wp\/v2\/media\/515033"}],"wp:attachment":[{"href":"https:\/\/www.europesays.com\/fr\/wp-json\/wp\/v2\/media?parent=515032"}],"wp:term":[{"taxonomy":"category","embeddable":true,"href":"https:\/\/www.europesays.com\/fr\/wp-json\/wp\/v2\/categories?post=515032"},{"taxonomy":"post_tag","embeddable":true,"href":"https:\/\/www.europesays.com\/fr\/wp-json\/wp\/v2\/tags?post=515032"}],"curies":[{"name":"wp","href":"https:\/\/api.w.org\/{rel}","templated":true}]}}