{"id":515034,"date":"2025-11-06T04:00:20","date_gmt":"2025-11-06T04:00:20","guid":{"rendered":"https:\/\/www.europesays.com\/fr\/515034\/"},"modified":"2025-11-06T04:00:20","modified_gmt":"2025-11-06T04:00:20","slug":"comment-la-metropole-veut-en-finir","status":"publish","type":"post","link":"https:\/\/www.europesays.com\/fr\/515034\/","title":{"rendered":"comment la M\u00e9tropole veut en finir"},"content":{"rendered":"<p>            Par<br \/>\n        <strong><br \/>\n            <a href=\"https:\/\/actu.fr\/auteur\/anthony-soudani\" title=\"Consulter tous les articles de Anthony Soudani\" target=\"_blank\" rel=\"noopener\">Anthony Soudani<\/a><br \/>\n        <\/strong><\/p>\n<p>        Publi\u00e9 le<\/p>\n<p>            5 nov. 2025 \u00e0 17h11        <\/p>\n<p>\u00ab\u00a0Bazar monstre\u00a0\u00bb. De nombreux automobilistes venus en <strong>Presqu\u2019\u00eele<\/strong> pour faire du shopping ou se balader \u00e0 <a href=\"https:\/\/actu.fr\/auvergne-rhone-alpes\/lyon_69123\" target=\"_blank\" rel=\"noopener\">Lyon<\/a> le samedi sont rest\u00e9s bloqu\u00e9s pendant des heures dans <a href=\"https:\/\/actu.fr\/auvergne-rhone-alpes\/lyon_69123\/lyon-bazar-monstre-coincee-3h-elle-raconte-son-calvaire-dans-les-bouchons-de-ce-parking_63387507.html\" target=\"_blank\" rel=\"noopener\">les bouchons pour sortir du parking Bellecour<\/a> ces derni\u00e8res semaines. En cause : le nouveau plan de circulation du secteur mis en place par la M\u00e9tropole de Lyon. <br \/>La collectivit\u00e9 compte limiter ces <strong>nouveaux embouteillages<\/strong> d\u00e8s ce week-end avec une solution r\u00e9v\u00e9l\u00e9e \u00e0 actu Lyon.<\/p>\n<p>La M\u00e9tropole de Lyon promet d\u2019adapter le plan de feux<\/p>\n<p class=\" wall-content\">Tr\u00e8s critiqu\u00e9e d\u00e9but octobre par Pierre Oliver, maire LR du 2e arrondissement, dans une vid\u00e9o devenue virale sur les r\u00e9seaux sociaux, la M\u00e9tropole pr\u00e9sid\u00e9e par l\u2019\u00e9cologiste Bruno Bernard a fini par s\u2019exprimer un mois plus tard sur cette probl\u00e9matique grandissante.<\/p>\n<blockquote class=\"tiktok-embed\" cite=\"https:\/\/www.tiktok.com\/@pierreoliver69\/video\/7557708539532168470\" data-video-id=\"7557708539532168470\" data-embed-from=\"oembed\" style=\"max-width:605px; min-width:325px;\"><p>\n<a target=\"_blank\" title=\"@pierreoliver69\" href=\"https:\/\/www.tiktok.com\/@pierreoliver69?refer=embed\" rel=\"noopener\">@pierreoliver69<\/a> <\/p>\n<p>\ud83d\udea7 Lyon : le parking Bellecour paralys\u00e9 par les choix de la M\u00e9tropole.<\/p>\n<p> <a target=\"_blank\" title=\"\u266c Million Dolla Hip Hop - Brentin Davis\" href=\"https:\/\/www.tiktok.com\/music\/Million-Dolla-Hip-Hop-7274023553422772278?refer=embed\" rel=\"noopener\">\u266c Million Dolla Hip Hop \u2013 Brentin Davis<\/a> <\/p>\n<\/blockquote>\n<p class=\" wall-content\">La collectivit\u00e9 \u00e9cologiste se dit \u00ab attentive aux situations de saturation lors de l\u2019hyper pointe du samedi \u00bb depuis la mise en place de cette nouvelle sortie par le Nord de Bellecour.<\/p>\n<p class=\" wall-content\">La M\u00e9tropole de Lyon assure \u00ab\u00a0mettre en place des mesures d\u2019ajustement pour am\u00e9liorer la circulation sur ce secteur\u00a0\u00bb et nous annonce en exclusivit\u00e9 l\u2019adaptation du plan de feux sur l\u2019ensemble de l\u2019axe Nord Bellecour.\u00a0<\/p>\n<p>    <img   decoding=\"async\" loading=\"lazy\" src=\"https:\/\/www.europesays.com\/fr\/wp-content\/uploads\/2025\/11\/embouteillage-parking-bellecour-lyon-960x640.jpg\" alt=\"Les embouteillages paralysent le parking Bellecour les samedis de forte affluence \u00e0 Lyon.\" width=\"960\" height=\"640\"\/><br \/>\n    Les embouteillages paralysent le parking Bellecour les samedis de forte affluence \u00e0 Lyon. (\u00a9Capture d\u2019\u00e9cran Tiktok Pierre Oliver \/ Montage actu Lyon)La sortie du parking fluidifi\u00e9e d\u00e8s samedi ?<\/p>\n<p class=\" wall-content\">En cas de forte congestion, le gestionnaire du parking Bellecour (Indigo) aura la possibilit\u00e9 de contacter le PC Criter, charg\u00e9 du trafic au quotidien, pour activer le phasage sp\u00e9cial des feux, d\u00e8s ce samedi 8 novembre. \u00ab Ce nouveau plan de feux devrait donner plus de fluidit\u00e9 \u00e0 la sortie du parking \u00bb, affirme la collectivit\u00e9.<\/p>\n<p class=\" wall-content\">\u00ab De mani\u00e8re globale sur le secteur Bellecour, les nouveaux am\u00e9nagements n\u00e9cessitent une adaptation fine des carrefours \u00e0 feux \u00bb, ajoute la M\u00e9tropole. D\u2019autres mesures correctives pourront \u00eatre envisag\u00e9es si le nouveau phasage des feux ne donne pas enti\u00e8re satisfaction\u2026<\/p>\n<p>Votre r\u00e9gion, votre actu !<\/p>\n<p>Recevez chaque jour les infos qui comptent pour vous.<\/p>\n<p>\t<a href=\"https:\/\/actu.fr\/newsletter\" class=\"ac-btn ac-btn--corner ac-btn--medium ac-btn--blue800\" target=\"_blank\" rel=\"noopener\">S&rsquo;incrire<\/a><br \/>\nBellecour est \u00ab\u00a0trop central pour \u00eatre fluide\u00a0\u00bb<\/p>\n<p class=\" wall-content\">Concernant les <a href=\"https:\/\/actu.fr\/auvergne-rhone-alpes\/lyon_69123\/lyon-on-n-a-jamais-traverse-bellecour-sans-s-arreter-pourquoi-les-bouchons-ne-sont-pas-prets-de-sauter_63198408.html\" target=\"_blank\" rel=\"noopener\">embouteillages \u00e0 Bellecour<\/a>, Pierre Soulard, membre depuis 15 ans du service des Infrastructures et de l\u2019Exploitation des Mobilit\u00e9s de M\u00e9tropole de Lyon, affirmait : \u00ab\u00a0On n\u2019a <strong>jamais travers\u00e9 Bellecour sans s\u2019arr\u00eater<\/strong>, sauf la nuit.\u00a0\u00bb<\/p>\n<p>    <img   decoding=\"async\" loading=\"lazy\" src=\"https:\/\/www.europesays.com\/fr\/wp-content\/uploads\/2025\/11\/bellecour-bouchons-lyon-960x640.jpeg\" alt=\"Les bouchons au niveau de la rue de la Barre pr\u00e8s de la place Bellecour \u00e0 Lyon.\" width=\"960\" height=\"640\"\/><br \/>\n    Les bouchons au niveau de la rue de la Barre pr\u00e8s de la place Bellecour \u00e0 Lyon. (\u00a9Nicolas Zaugra\/ actu Lyon)<\/p>\n<p class=\" wall-content\">Premier secteur de Lyon \u00e9quip\u00e9 de feux tricolores, Bellecour est \u00ab\u00a0trop central pour \u00eatre fluide\u00a0\u00bb. Chaque phase de feu r\u00e9servant un temps uniquement aux travers\u00e9es des passants : \u00ab\u00a0C\u2019est le passage pi\u00e9ton le plus emprunt\u00e9 de toute la m\u00e9tropole\u00a0\u00bb, souligne le sp\u00e9cialiste.<\/p>\n<p class=\" wall-content\">Comment fluidifier efficacement la place ? \u00ab\u00a0Les propositions amen\u00e9es, c\u2019est de l\u2019optimisation au niveau des feux jusqu\u2019\u00e0 que ce soit physiquement impossible de faire passer plus de monde, ou les solutions de transports en commun et v\u00e9lo pour offrir des alternatives\u00a0\u00bb, r\u00e9pondait Pierre Soulard.<\/p>\n<p class=\" wall-content\">Personnalisez votre actualit\u00e9 en ajoutant vos villes et m\u00e9dias en favori avec <a href=\"https:\/\/moncompte.actu.fr\" title=\"D\u00e9couvez Mon Actu\" rel=\"nofollow noopener\" data-trk=\"{&quot;cta&quot;:{&quot;action&quot;:&quot;https:\\\/\\\/moncompte.actu.fr&quot;,&quot;category&quot;:&quot;mon compte&quot;,&quot;from&quot;:&quot;article footer&quot;,&quot;name&quot;:&quot;Mon actu&quot;,&quot;type&quot;:&quot;cta&quot;}}\" target=\"_blank\">Mon Actu<\/a>.<\/p>\n<p>                    <script async src=\"\/\/www.tiktok.com\/embed.js\"><\/script><\/p>\n","protected":false},"excerpt":{"rendered":"Par Anthony Soudani Publi\u00e9 le 5 nov. 2025 \u00e0 17h11 \u00ab\u00a0Bazar monstre\u00a0\u00bb. De nombreux automobilistes venus en Presqu\u2019\u00eele&hellip;\n","protected":false},"author":2,"featured_media":515035,"comment_status":"","ping_status":"","sticky":false,"template":"","format":"standard","meta":{"footnotes":""},"categories":[1889],"tags":[1111,11,2430,5272,3542,1777,674,1011,27,2808,2428,12,25,104],"class_list":{"0":"post-515034","1":"post","2":"type-post","3":"status-publish","4":"format-standard","5":"has-post-thumbnail","7":"category-lyon","8":"tag-actu","9":"tag-actualites","10":"tag-auvergne-rhone-alpes","11":"tag-bellecour","12":"tag-circulation","13":"tag-eu","14":"tag-europe","15":"tag-fr","16":"tag-france","17":"tag-grand-lyon","18":"tag-lyon","19":"tag-news","20":"tag-republique-francaise","21":"tag-societe"},"share_on_mastodon":{"url":"https:\/\/pubeurope.com\/@fr\/115500760040551365","error":""},"_links":{"self":[{"href":"https:\/\/www.europesays.com\/fr\/wp-json\/wp\/v2\/posts\/515034","targetHints":{"allow":["GET"]}}],"collection":[{"href":"https:\/\/www.europesays.com\/fr\/wp-json\/wp\/v2\/posts"}],"about":[{"href":"https:\/\/www.europesays.com\/fr\/wp-json\/wp\/v2\/types\/post"}],"author":[{"embeddable":true,"href":"https:\/\/www.europesays.com\/fr\/wp-json\/wp\/v2\/users\/2"}],"replies":[{"embeddable":true,"href":"https:\/\/www.europesays.com\/fr\/wp-json\/wp\/v2\/comments?post=515034"}],"version-history":[{"count":0,"href":"https:\/\/www.europesays.com\/fr\/wp-json\/wp\/v2\/posts\/515034\/revisions"}],"wp:featuredmedia":[{"embeddable":true,"href":"https:\/\/www.europesays.com\/fr\/wp-json\/wp\/v2\/media\/515035"}],"wp:attachment":[{"href":"https:\/\/www.europesays.com\/fr\/wp-json\/wp\/v2\/media?parent=515034"}],"wp:term":[{"taxonomy":"category","embeddable":true,"href":"https:\/\/www.europesays.com\/fr\/wp-json\/wp\/v2\/categories?post=515034"},{"taxonomy":"post_tag","embeddable":true,"href":"https:\/\/www.europesays.com\/fr\/wp-json\/wp\/v2\/tags?post=515034"}],"curies":[{"name":"wp","href":"https:\/\/api.w.org\/{rel}","templated":true}]}}