{"id":51504,"date":"2025-04-25T10:19:08","date_gmt":"2025-04-25T10:19:08","guid":{"rendered":"https:\/\/www.europesays.com\/fr\/51504\/"},"modified":"2025-04-25T10:19:08","modified_gmt":"2025-04-25T10:19:08","slug":"un-couteau-et-des-stupefiants-saisis","status":"publish","type":"post","link":"https:\/\/www.europesays.com\/fr\/51504\/","title":{"rendered":"un couteau et des stup\u00e9fiants saisis"},"content":{"rendered":"<p>            Par<br \/>\n        <strong><br \/>\n            <a href=\"https:\/\/actu.fr\/auteur\/brian-legoff\" title=\"Consulter tous les articles de Brian Le Goff\" rel=\"nofollow noopener\" target=\"_blank\">Brian Le Goff<\/a><br \/>\n        <\/strong><\/p>\n<p>        Publi\u00e9 le<\/p>\n<p>            25 avr. 2025 \u00e0 12h00        <\/p>\n<p>Le <strong>contr\u00f4le de la police rennaise<\/strong> \u00e9tait pr\u00e9vue depuis plusieurs jours. Mais, dans le contexte de<a href=\"https:\/\/actu.fr\/faits-divers\/attaque-au-couteau-dans-un-lycee-de-nantes-depressif-fan-d-hitler-le-profil-de-l-agresseur-se-devoile_62555779.html\" rel=\"nofollow noopener\" target=\"_blank\"> l\u2019attaque au couteau dans un coll\u00e8ge-lyc\u00e9e de Nantes qui a co\u00fbt\u00e9 la vie \u00e0 une \u00e9l\u00e8ve<\/a>, jeudi 24 avril 2025, ce dernier a pris une <strong>\u00ab\u00a0dimension plus pr\u00e9gnante\u00a0\u00bb,<\/strong> explique la porte-parole des forces de l\u2019ordre aupr\u00e8s d\u2019<a href=\"https:\/\/actu.fr\/rennes\/\" rel=\"nofollow noopener\" target=\"_blank\">actu Rennes<\/a>.<\/p>\n<p class=\" wall-content\">Ce vendredi 25 avril matin, <strong>14 agents<\/strong> ont \u00e9t\u00e9 mobilis\u00e9s pour une op\u00e9ration de s\u00e9curisation aux abords du <strong>lyc\u00e9e Ren\u00e9 Descartes,<\/strong> dans le quartier de la Poterie \u00e0 Rennes.\u00a0<\/p>\n<p class=\" wall-content\">Les policiers ont ainsi effectu\u00e9 des v\u00e9rifications aupr\u00e8s de <strong>179 personnes<\/strong>.\u00a0<\/p>\n<p>Un \u00e9tudiant porteur d\u2019un couteau<\/p>\n<p class=\" wall-content\">L\u2019une d\u2019entre elles, un \u00e9tudiant, \u00e9tait porteur d\u2019un couteau. Il lui a \u00e9t\u00e9 <strong>saisi<\/strong>. \u00ab\u00a0Il est en effet interdit de porter ce genre d\u2019objets sur soi, car il est consid\u00e9r\u00e9 comme une<strong> arme de cat\u00e9gorie D.<\/strong> Cela constitue un <strong>d\u00e9lit condamnable\u00a0\u00bb<\/strong>, continue la porte-parole de la police.<\/p>\n<p class=\" wall-content\">\n<p class=\" wall-content\">Des <strong>stup\u00e9fiants<\/strong>, dont les substances et quantit\u00e9s n\u2019ont pas \u00e9t\u00e9 communiqu\u00e9s, ont aussi \u00e9t\u00e9 <strong>saisis<\/strong>.<\/p>\n<p>Vid\u00e9os : en ce moment sur Actu<\/p>\n<p class=\" wall-content\">Suivez toute l\u2019actualit\u00e9 de vos villes et m\u00e9dias favoris en vous inscrivant \u00e0 <a href=\"https:\/\/moncompte.actu.fr\" title=\"D\u00e9couvez Mon Actu\" rel=\"nofollow noopener\" data-trk=\"{&quot;cta&quot;:{&quot;action&quot;:&quot;https:\\\/\\\/moncompte.actu.fr&quot;,&quot;category&quot;:&quot;mon compte&quot;,&quot;from&quot;:&quot;article footer&quot;,&quot;name&quot;:&quot;Mon actu&quot;,&quot;type&quot;:&quot;cta&quot;}}\" target=\"_blank\">Mon Actu<\/a>.<\/p>\n","protected":false},"excerpt":{"rendered":"Par Brian Le Goff Publi\u00e9 le 25 avr. 2025 \u00e0 12h00 Le contr\u00f4le de la police rennaise \u00e9tait&hellip;\n","protected":false},"author":2,"featured_media":51505,"comment_status":"","ping_status":"","sticky":false,"template":"","format":"standard","meta":{"footnotes":""},"categories":[2821],"tags":[1111,11,829,1052,1057,1777,674,118,1011,27,12,1072,584,25],"class_list":{"0":"post-51504","1":"post","2":"type-post","3":"status-publish","4":"format-standard","5":"has-post-thumbnail","7":"category-rennes","8":"tag-actu","9":"tag-actualites","10":"tag-bretagne","11":"tag-drogue","12":"tag-education","13":"tag-eu","14":"tag-europe","15":"tag-faits-divers","16":"tag-fr","17":"tag-france","18":"tag-news","19":"tag-police","20":"tag-rennes","21":"tag-republique-francaise"},"share_on_mastodon":{"url":"https:\/\/pubeurope.com\/@fr\/114398099122636617","error":""},"_links":{"self":[{"href":"https:\/\/www.europesays.com\/fr\/wp-json\/wp\/v2\/posts\/51504","targetHints":{"allow":["GET"]}}],"collection":[{"href":"https:\/\/www.europesays.com\/fr\/wp-json\/wp\/v2\/posts"}],"about":[{"href":"https:\/\/www.europesays.com\/fr\/wp-json\/wp\/v2\/types\/post"}],"author":[{"embeddable":true,"href":"https:\/\/www.europesays.com\/fr\/wp-json\/wp\/v2\/users\/2"}],"replies":[{"embeddable":true,"href":"https:\/\/www.europesays.com\/fr\/wp-json\/wp\/v2\/comments?post=51504"}],"version-history":[{"count":0,"href":"https:\/\/www.europesays.com\/fr\/wp-json\/wp\/v2\/posts\/51504\/revisions"}],"wp:featuredmedia":[{"embeddable":true,"href":"https:\/\/www.europesays.com\/fr\/wp-json\/wp\/v2\/media\/51505"}],"wp:attachment":[{"href":"https:\/\/www.europesays.com\/fr\/wp-json\/wp\/v2\/media?parent=51504"}],"wp:term":[{"taxonomy":"category","embeddable":true,"href":"https:\/\/www.europesays.com\/fr\/wp-json\/wp\/v2\/categories?post=51504"},{"taxonomy":"post_tag","embeddable":true,"href":"https:\/\/www.europesays.com\/fr\/wp-json\/wp\/v2\/tags?post=51504"}],"curies":[{"name":"wp","href":"https:\/\/api.w.org\/{rel}","templated":true}]}}