{"id":515051,"date":"2025-11-06T04:10:19","date_gmt":"2025-11-06T04:10:19","guid":{"rendered":"https:\/\/www.europesays.com\/fr\/515051\/"},"modified":"2025-11-06T04:10:19","modified_gmt":"2025-11-06T04:10:19","slug":"le-president-des-etats-unis-donald-trump-brandit-la-menace-du-communisme-apres-de-cuisants-revers-electoraux-a-new-york-en-virginie-et-dans-le-new-jersey","status":"publish","type":"post","link":"https:\/\/www.europesays.com\/fr\/515051\/","title":{"rendered":"Le pr\u00e9sident des \u00c9tats-Unis, Donald Trump, brandit la menace du \u00abcommunisme\u00bb apr\u00e8s de cuisants revers \u00e9lectoraux \u00e0 New York, en Virginie et dans le New Jersey"},"content":{"rendered":"<p>C\u2019est lui ou le \u00ab\u00a0communisme\u00a0\u00bb\u00a0: <a href=\"https:\/\/www.ledevoir.com\/donald-trump\" rel=\"nofollow noopener\" target=\"_blank\">Donald Trump<\/a> est rest\u00e9 fid\u00e8le \u00e0 sa strat\u00e9gie de polarisation apr\u00e8s avoir subi de cuisants revers lors d\u2019\u00e9lections locales, qui mettent son parti dans une posture d\u00e9licate pour les l\u00e9gislatives de l\u2019automne 2026.<\/p>\n<p>Il y a un an jour pour jour, il \u00e9tait r\u00e9\u00e9lu apr\u00e8s avoir assur\u00e9 qu\u2019il doperait le pouvoir d\u2019achat des Am\u00e9ricains.<\/p>\n<p>Mais les \u00e9lecteurs jugent que la promesse n\u2019a pas \u00e9t\u00e9 tenue, et mardi soir, les candidats de l\u2019opposition l\u2019ont emport\u00e9 largement dans le New Jersey, <a href=\"https:\/\/www.ledevoir.com\/monde\/etats-unis\/931053\/democrate-spanberger-elue-gouverneure-virginie-scrutin-test-trump\" target=\"_blank\" rel=\"nofollow noopener\">en Virginie<\/a> et \u00e0 New York, o\u00f9 le socialiste <a href=\"https:\/\/www.ledevoir.com\/monde\/etats-unis\/930891\/new-yorkais-elisent-maire-zohran-mamdani-part-favori\" target=\"_blank\" rel=\"nofollow noopener\">Zohran Mamdani a \u00e9t\u00e9 \u00e9lu \u00e0 la mairie<\/a> apr\u00e8s une ascension politique fulgurante.<\/p>\n<p>C\u2019\u00e9tait \u00ab\u00a0tr\u00e8s, tr\u00e8s mauvaise soir\u00e9e\u00a0\u00bb pour Trump, d\u00e9clare \u00e0 l\u2019Agence France-Presse (AFP) Robert Rowland, professeur de communication \u00e0 l\u2019universit\u00e9 du Kansas.<\/p>\n<p>\u00ab\u00a0Nous avons le choix entre le communisme et le bon sens\u00a0\u00bb, a r\u00e9agi le pr\u00e9sident am\u00e9ricain dans un discours \u00e0 Miami, en Floride, dans le sud des \u00c9tats-Unis.<\/p>\n<p>\u00ab\u00a0Si vous voulez savoir ce que les parlementaires d\u00e9mocrates veulent faire \u00e0 l\u2019Am\u00e9rique, regardez le r\u00e9sultat de l\u2019\u00e9lection hier \u00e0 New York, o\u00f9 leur parti a install\u00e9 un communiste \u00e0 la mairie\u00a0\u00bb, a encore dit le milliardaire de 79\u00a0ans.<\/p>\n<p>Trump, lui-m\u00eame new-yorkais, a toutefois assur\u00e9 pendant un entretien sur la cha\u00eene Fox News qu\u2019il \u00ab\u00a0voulait que la ville r\u00e9ussisse\u00a0\u00bb.<\/p>\n<p> \u00ab\u00a0Miracle \u00e9conomique\u00a0\u00bb<\/p>\n<p>Le pr\u00e9sident am\u00e9ricain a d\u00e9fendu sans broncher sa politique \u00e9conomique et appel\u00e9 son parti \u00e0 faire de m\u00eame, alors m\u00eame que selon Thomas Kahn, professeur de sciences politiques \u00e0 l\u2019American University \u00e0 Washington, les victoires d\u00e9mocrates ont \u00ab\u00a0une th\u00e9matique commune\u00a0: le co\u00fbt de la vie\u00a0\u00bb.<\/p>\n<p>\u00ab\u00a0Nous r\u00e9alisons un miracle \u00e9conomique\u00a0\u00bb, a assur\u00e9 Trump \u00e0 Miami, alors que les sondages montrent un m\u00e9contentement croissant des Am\u00e9ricains sur la vie ch\u00e8re et sur sa strat\u00e9gie de droits de douane.<\/p>\n<p>Il assure avoir fait baisser les prix de l\u2019essence \u2014 qui n\u2019ont pas boug\u00e9 depuis un an \u2014 et de l\u2019alimentation \u2014 qui devraient augmenter de 3\u00a0% cette ann\u00e9e selon le minist\u00e8re de l\u2019Agriculture.<\/p>\n<p>Dans son propre camp, une certaine inqui\u00e9tude pointe.<\/p>\n<p>Les r\u00e9publicains doivent entendre \u00ab\u00a0l\u2019avertissement\u00a0\u00bb, a alert\u00e9 mardi Steve Bannon, l\u2019un des grands id\u00e9ologues du mouvement trumpiste Maga (Make America Great Again, ou Rendre sa grandeur \u00e0 l\u2019Am\u00e9rique, en fran\u00e7ais).<\/p>\n<p>Quant au vice-pr\u00e9sident <a href=\"https:\/\/www.ledevoir.com\/jdvance\" rel=\"nofollow noopener\" target=\"_blank\">J.D. Vance<\/a>, s\u2019il a jug\u00e9 sur X qu\u2019il serait \u00ab\u00a0idiot de surr\u00e9agir\u00a0\u00bb aux scrutins locaux, il a aussi appel\u00e9 \u00e0 \u00ab\u00a0se concentrer sur la politique int\u00e9rieure\u00a0\u00bb.<\/p>\n<p>\u00ab\u00a0Nous continuerons \u00e0 travailler pour permettre un niveau de vie d\u00e9cent dans ce pays, et c\u2019est sur ce point que nous serons jug\u00e9s\u00a0\u00bb lors des l\u00e9gislatives de mi-mandat, a-t-il averti.<\/p>\n<p>\u00ab\u00a0Avoir toujours raison\u00a0\u00bb<\/p>\n<p>L\u2019approche de Trump \u00ab\u00a0c\u2019est d\u2019avoir toujours raison\u00a0\u00bb, d\u00e9crypte Robert Rowland. \u00ab\u00a0Mais tout cela bute sur ce que vivent les gens quand ils vont au supermarch\u00e9\u00a0\u00bb.<\/p>\n<p>Thomas Kahn \u00e9voque lui les dorures dont le r\u00e9publicain remplit la Maison-Blanche ou une f\u00eate clinquante qu\u2019il a donn\u00e9e pour Halloween\u00a0: \u00ab\u00a0Les Am\u00e9ricains sont \u00e0 la peine et ils le voient vivre comme un prince\u00a0\u00bb, dit l\u2019universitaire \u00e0 l\u2019AFP.<\/p>\n<p>Les r\u00e9publicains, qui contr\u00f4lent de peu le Parlement, sont dans une position inconfortable \u00e0 un an des \u00ab\u00a0midterms\u00a0\u00bb. Ces \u00e9lections renouvellent un tiers des si\u00e8ges du S\u00e9nat et tous ceux de l\u2019autre composante du Congr\u00e8s, la Chambre des repr\u00e9sentants.<\/p>\n<p>Les conservateurs \u00ab\u00a0ont li\u00e9 leur destin \u00e0 Trump\u00a0\u00bb et toute la question pour eux est d\u2019arriver \u00e0 \u00ab\u00a0s\u2019en dissocier\u00a0\u00bb, analyse pour l\u2019AFP Wendy Schiller, professeure de sciences politiques \u00e0 la Brown University.<\/p>\n<p>Mais les candidats r\u00e9publicains \u00ab\u00a0ne peuvent s\u2019opposer frontalement\u00a0\u00bb \u00e0 lui sous peine d\u2019\u00eatre \u00e9cart\u00e9s au profit de profils plus radicaux pendant les primaires, temp\u00e8re Robert Rowland.<\/p>\n<p>Trump lui-m\u00eame a appel\u00e9 mercredi son camp \u00e0 adopter une ligne dure au Congr\u00e8s, au risque de prolonger encore la paralysie budg\u00e9taire qui dure depuis plus de 35 jours, un record.<\/p>\n","protected":false},"excerpt":{"rendered":"C\u2019est lui ou le \u00ab\u00a0communisme\u00a0\u00bb\u00a0: Donald Trump est rest\u00e9 fid\u00e8le \u00e0 sa strat\u00e9gie de polarisation apr\u00e8s avoir subi&hellip;\n","protected":false},"author":2,"featured_media":515052,"comment_status":"","ping_status":"","sticky":false,"template":"","format":"standard","meta":{"footnotes":""},"categories":[1589],"tags":[11,73,1866,12,1864,1865,1863,308],"class_list":{"0":"post-515051","1":"post","2":"type-post","3":"status-publish","4":"format-standard","5":"has-post-thumbnail","7":"category-etats-unis","8":"tag-actualites","9":"tag-etats-unis","10":"tag-etats-unis-damerique","11":"tag-news","12":"tag-united-states","13":"tag-united-states-of-america","14":"tag-us","15":"tag-usa"},"share_on_mastodon":{"url":"https:\/\/pubeurope.com\/@fr\/115500798687903265","error":""},"_links":{"self":[{"href":"https:\/\/www.europesays.com\/fr\/wp-json\/wp\/v2\/posts\/515051","targetHints":{"allow":["GET"]}}],"collection":[{"href":"https:\/\/www.europesays.com\/fr\/wp-json\/wp\/v2\/posts"}],"about":[{"href":"https:\/\/www.europesays.com\/fr\/wp-json\/wp\/v2\/types\/post"}],"author":[{"embeddable":true,"href":"https:\/\/www.europesays.com\/fr\/wp-json\/wp\/v2\/users\/2"}],"replies":[{"embeddable":true,"href":"https:\/\/www.europesays.com\/fr\/wp-json\/wp\/v2\/comments?post=515051"}],"version-history":[{"count":0,"href":"https:\/\/www.europesays.com\/fr\/wp-json\/wp\/v2\/posts\/515051\/revisions"}],"wp:featuredmedia":[{"embeddable":true,"href":"https:\/\/www.europesays.com\/fr\/wp-json\/wp\/v2\/media\/515052"}],"wp:attachment":[{"href":"https:\/\/www.europesays.com\/fr\/wp-json\/wp\/v2\/media?parent=515051"}],"wp:term":[{"taxonomy":"category","embeddable":true,"href":"https:\/\/www.europesays.com\/fr\/wp-json\/wp\/v2\/categories?post=515051"},{"taxonomy":"post_tag","embeddable":true,"href":"https:\/\/www.europesays.com\/fr\/wp-json\/wp\/v2\/tags?post=515051"}],"curies":[{"name":"wp","href":"https:\/\/api.w.org\/{rel}","templated":true}]}}