{"id":515055,"date":"2025-11-06T04:12:12","date_gmt":"2025-11-06T04:12:12","guid":{"rendered":"https:\/\/www.europesays.com\/fr\/515055\/"},"modified":"2025-11-06T04:12:12","modified_gmt":"2025-11-06T04:12:12","slug":"depuis-le-13-novembre-2015-la-france-a-resiste-a-la-tentation-de-hair-en-retour","status":"publish","type":"post","link":"https:\/\/www.europesays.com\/fr\/515055\/","title":{"rendered":"Depuis le 13 novembre 2015, la France a r\u00e9sist\u00e9 \u201c\u00e0 la tentation de ha\u00efr en retour\u201d"},"content":{"rendered":"\n<p>Une forte d\u00e9tonation retentit, juste derri\u00e8re moi. Les tribunes tremblent. Un p\u00e9tard, me dis-je. Trois minutes plus tard, j\u2019entends une nouvelle d\u00e9flagration. Et l\u00e0, je comprends. Ce ne sont pas des p\u00e9tards. En bas, sur la pelouse du Stade de France, l\u2019Allemagne affronte les Bleus. Le d\u00e9fenseur Patrice\u00a0Evra semble h\u00e9siter, et effectue une passe en retrait.<\/p>\n<p>Dix ans se sont \u00e9coul\u00e9s depuis ce vendredi\u00a013. Mais la douleur est toujours l\u00e0. C\u2019est d\u2019abord autour du stade que les terroristes ont attaqu\u00e9, avant de perp\u00e9trer un carnage dans la salle de concert du Bataclan et aux terrasses des caf\u00e9s dans l\u2019est de Paris. Il faisait si doux ce soir-l\u00e0.<\/p>\n<p>Le massacre islamiste du 13\u00a0novembre 2015 est rest\u00e9 grav\u00e9 au fer rouge dans la m\u00e9moire collective des Parisiens. Cent trente\u00a0personnes ont \u00e9t\u00e9 tu\u00e9es [131 en comptant un rescap\u00e9 de l\u2019attaque du Bataclan dont le suicide, en 2017, a \u00e9t\u00e9 reconnu comme directement li\u00e9 aux attentats], des centaines ont \u00e9t\u00e9\u00a0bless\u00e9es\u00a0; quant \u00e0 ceux qui ont \u00e9t\u00e9 touch\u00e9s dans leur \u00e2me, ils sont innombrables. En France, la date est appel\u00e9e \u201cV13\u201d, pour \u201cvendredi\u00a013<a href=\"#huit-anchor-en-francais-dans-le-texte\">*<\/a>\u201d.<\/p>\n<p>Je n\u2019en ai v\u00e9cu qu\u2019une infime partie. Pourtant, depuis cette nuit, je sais ce que l\u2019on ressent quand on est la cible du terrorisme. Ce que l\u2019on \u00e9prouve int\u00e9rieurement. Et \u00e0 quel point une soci\u00e9t\u00e9 fait la d\u00e9mo<\/p>\n","protected":false},"excerpt":{"rendered":"Une forte d\u00e9tonation retentit, juste derri\u00e8re moi. Les tribunes tremblent. Un p\u00e9tard, me dis-je. Trois minutes plus tard,&hellip;\n","protected":false},"author":2,"featured_media":515056,"comment_status":"","ping_status":"","sticky":false,"template":"","format":"standard","meta":{"footnotes":""},"categories":[1587],"tags":[11,672,63559,1804,1805,1803,1777,674,27,1801,3821,12,626,1802,1254,34045],"class_list":{"0":"post-515055","1":"post","2":"type-post","3":"status-publish","4":"format-standard","5":"has-post-thumbnail","7":"category-allemagne","8":"tag-actualites","9":"tag-allemagne","10":"tag-attentats-de-novembre-2015-en-france","11":"tag-bundesrepublik-deutschland","12":"tag-de","13":"tag-deutschland","14":"tag-eu","15":"tag-europe","16":"tag-france","17":"tag-germany","18":"tag-la-france-vue-de-lu2019u00e9tranger","19":"tag-news","20":"tag-paris","21":"tag-republique-federale-dallemagne","22":"tag-terrorisme","23":"tag-terrorisme-islamiste"},"share_on_mastodon":{"url":"https:\/\/pubeurope.com\/@fr\/115500806563484226","error":""},"_links":{"self":[{"href":"https:\/\/www.europesays.com\/fr\/wp-json\/wp\/v2\/posts\/515055","targetHints":{"allow":["GET"]}}],"collection":[{"href":"https:\/\/www.europesays.com\/fr\/wp-json\/wp\/v2\/posts"}],"about":[{"href":"https:\/\/www.europesays.com\/fr\/wp-json\/wp\/v2\/types\/post"}],"author":[{"embeddable":true,"href":"https:\/\/www.europesays.com\/fr\/wp-json\/wp\/v2\/users\/2"}],"replies":[{"embeddable":true,"href":"https:\/\/www.europesays.com\/fr\/wp-json\/wp\/v2\/comments?post=515055"}],"version-history":[{"count":0,"href":"https:\/\/www.europesays.com\/fr\/wp-json\/wp\/v2\/posts\/515055\/revisions"}],"wp:featuredmedia":[{"embeddable":true,"href":"https:\/\/www.europesays.com\/fr\/wp-json\/wp\/v2\/media\/515056"}],"wp:attachment":[{"href":"https:\/\/www.europesays.com\/fr\/wp-json\/wp\/v2\/media?parent=515055"}],"wp:term":[{"taxonomy":"category","embeddable":true,"href":"https:\/\/www.europesays.com\/fr\/wp-json\/wp\/v2\/categories?post=515055"},{"taxonomy":"post_tag","embeddable":true,"href":"https:\/\/www.europesays.com\/fr\/wp-json\/wp\/v2\/tags?post=515055"}],"curies":[{"name":"wp","href":"https:\/\/api.w.org\/{rel}","templated":true}]}}