{"id":515067,"date":"2025-11-06T04:20:16","date_gmt":"2025-11-06T04:20:16","guid":{"rendered":"https:\/\/www.europesays.com\/fr\/515067\/"},"modified":"2025-11-06T04:20:16","modified_gmt":"2025-11-06T04:20:16","slug":"paul-willemse-raconte-sa-dure-reconversion-apres-le-rugby","status":"publish","type":"post","link":"https:\/\/www.europesays.com\/fr\/515067\/","title":{"rendered":"Paul Willemse raconte sa dure reconversion apr\u00e8s le rugby"},"content":{"rendered":"<p>            Par<br \/>\n        <strong><br \/>\n            <a href=\"https:\/\/actu.fr\/auteur\/redaction-rugby\" title=\"Consulter tous les articles de R\u00e9daction Rugby\" target=\"_blank\" rel=\"noopener\">R\u00e9daction Rugby<\/a><br \/>\n        <\/strong><\/p>\n<p>        Publi\u00e9 le<\/p>\n<p>            5 nov. 2025 \u00e0 16h59        <\/p>\n<p>Mi-septembre, <strong>Paul Willemse<\/strong> a dit officiellement stop, arr\u00eatant sa carri\u00e8re de joueur. Le deuxi\u00e8me ligne international de Montpellier (32 ans ; 32 s\u00e9lections) ne pouvait plus prendre le risque de jouer avec sa sant\u00e9, lui qui <a href=\"https:\/\/actu.fr\/occitanie\/montpellier_34172\/vers-le-clap-de-fin-pour-paul-willemse-montpellier-victime-de-six-commotions-cerebrales-en-un-an_62619800.html\" target=\"_blank\" rel=\"noopener\">a encha\u00een\u00e9 les commotions c\u00e9r\u00e9brales \u00e0 r\u00e9p\u00e9tition<\/a>. <strong>Place d\u00e9sormais \u00e0 l\u2019apr\u00e8s-carri\u00e8re<\/strong>, cette p\u00e9riode souvent floue pour tout ancien sportif de haut niveau. Le Sud-Africain d\u2019origine s\u2019est confi\u00e9 sur sa nouvelle vie, et va soutenir <a href=\"https:\/\/actu.fr\/rugby\/xv-de-france\" target=\"_blank\" rel=\"noopener\">le XV de France<\/a>, qui va affronter les Springboks pour son premier test de novembre.<\/p>\n<p class=\"ac-article-content__question wall-content\"><strong class=\"color-primary\">Actu : <\/strong>Ressentez-vous encore les sympt\u00f4mes de vos multiples commotions c\u00e9r\u00e9brales ?<\/p>\n<p class=\" wall-content\"><strong class=\"color-primary\">Paul Willemse : <\/strong>\u00ab\u00a0Aujourd&rsquo;hui, j&rsquo;ai encore quelques sympt\u00f4mes, qui diminuent. J&rsquo;ai des probl\u00e8mes avec mes yeux quand ils bougent de gauche \u00e0 droite ou quand je tourne rapidement la t\u00eate. J&rsquo;ai encore des soucis avec \u00e7a. Et puis des douleurs normales \u00e0 la t\u00eate. Si je fais un effort physique avec la t\u00eate en position de plaquage, \u00e7a revient. Mais je suis assez confiant. Avoir encore des sympt\u00f4mes un an apr\u00e8s, \u00e7a veut dire que j&rsquo;ai arr\u00eat\u00e9 au bon moment avant d&rsquo;avoir des s\u00e9quelles \u00e0 long terme.\u00a0\u00bb<\/p>\n<p>La reconversion de Paul Willemse<\/p>\n<p class=\"ac-article-content__question wall-content\">Comment se passe votre nouvelle vie, Paul ?<\/p>\n<p class=\" wall-content\"><strong class=\"color-primary\">P.W : <\/strong>\u00ab\u00a0\u00c7a fait un peu plus d&rsquo;un an maintenant que j&rsquo;ai jou\u00e9 mon dernier match. Le principal, c&rsquo;\u00e9tait surtout de g\u00e9rer le c\u00f4t\u00e9 \u00e9motionnel. On peut appeler \u00e7a le c\u00f4t\u00e9 sombre. Heureusement, j&rsquo;ai r\u00e9ussi \u00e0 en sortir un peu et \u00e0 trouver des moyens de dig\u00e9rer tout \u00e7a. Maintenant, je commence doucement \u00e0 trouver une direction pour ce que je veux faire et ce que je veux devenir, parce que c&rsquo;est vraiment compliqu\u00e9 de trouver un nouveau r\u00eave. C&rsquo;est tr\u00e8s difficile parce que j&rsquo;ai eu un seul r\u00eave toute ma vie, joueur de rugby international (&#8230;) J&rsquo;ai mon entreprise de compl\u00e9ments alimentaires avec quelques amis. On a commenc\u00e9 \u00e0 la d\u00e9velopper doucement et \u00e0 voir si je peux y jouer un r\u00f4le plus important. Et puis, le reste du temps, je fais un peu de travail sur mes comp\u00e9tences pour voir quelle direction je veux prendre.\u00a0\u00bb<\/p>\n<p class=\"ac-article-content__question wall-content\">Vous \u00eates aussi dans le staff de N\u00eemes, en Nationale 2 ?<\/p>\n<p class=\" wall-content\"><strong class=\"color-primary\">P.W : <\/strong>\u00ab\u00a0J&rsquo;y vais une fois par semaine pour aider un peu. Et aussi pour voir si le coaching est quelque chose que je veux faire. Je ne suis toujours pas convaincu de devenir coach parce que je n&rsquo;aime pas le style de vie : ne jamais avoir de week-end, vivre sous contrat, et puis le stress que si quelqu&rsquo;un doit se faire virer, tu es le premier sur la liste. Mais j&rsquo;appr\u00e9cie vraiment d&rsquo;y aller. \u00c7a m&rsquo;a beaucoup aid\u00e9 quand j&rsquo;\u00e9tais dans une p\u00e9riode sombre mentalement, juste le fait de sortir de chez moi et de me sentir utile \u00e0 nouveau\u00a0\u00bb.<\/p>\n<p>Paul Willemse va soutenir le XV de France<\/p>\n<p class=\"ac-article-content__question wall-content\">Samedi, supporterez-vous la France ou l&rsquo;Afrique du sud ?<\/p>\n<p class=\" wall-content\"><strong class=\"color-primary\">P.W : <\/strong>\u00ab\u00a0Pour moi, c&rsquo;est simple, c&rsquo;est mes co\u00e9quipiers. L&rsquo;\u00e9quipe de France, c&rsquo;est mes gars. Ceux avec qui j&rsquo;ai partag\u00e9 des r\u00eaves, r\u00e9alis\u00e9 des choses incroyables. Donc non, aucune h\u00e9sitation. Je ne suis pas juste un supporter avec deux pays. Non, c&rsquo;est mon \u00e9quipe. J&rsquo;ai port\u00e9 ce maillot, j&rsquo;ai fait beaucoup de sacrifices pour lui.\u00a0\u00bb<\/p>\n<p class=\"ac-article-content__question wall-content\">Quel regard portez-vous sur Emmanuel Meafou, votre successeur \u00e0 votre poste dans le XV de France ?<\/p>\n<p class=\" wall-content\"><strong class=\"color-primary\">P.W : <\/strong>\u00ab\u00a0Il peut clairement jouer un r\u00f4le \u00e9norme \u00e0 ce poste. Mais \u00e7a demande aussi une mentalit\u00e9 : il faut devenir la personne dominante sur le terrain. \u00c7a vient avec la confiance en soi, qui arrive avec l&rsquo;exp\u00e9rience. Plus il en aura, plus j&rsquo;aimerais le voir devenir ce patron. Et puis d\u00e9velopper son jeu, travailler les d\u00e9tails au-del\u00e0 des charges, c&rsquo;est toujours la diff\u00e9rence.\u00a0\u00bb<\/p>\n<p class=\" wall-content\"><strong>C.M, avec @AFP<\/strong><\/p>\n<p class=\" wall-content\">Personnalisez votre actualit\u00e9 en ajoutant vos villes et m\u00e9dias en favori avec <a href=\"https:\/\/moncompte.actu.fr\" title=\"D\u00e9couvez Mon Actu\" rel=\"nofollow noopener\" data-trk=\"{&quot;cta&quot;:{&quot;action&quot;:&quot;https:\\\/\\\/moncompte.actu.fr&quot;,&quot;category&quot;:&quot;mon compte&quot;,&quot;from&quot;:&quot;article footer&quot;,&quot;name&quot;:&quot;Mon actu&quot;,&quot;type&quot;:&quot;cta&quot;}}\" target=\"_blank\">Mon Actu<\/a>.<\/p>\n","protected":false},"excerpt":{"rendered":"Par R\u00e9daction Rugby Publi\u00e9 le 5 nov. 2025 \u00e0 16h59 Mi-septembre, Paul Willemse a dit officiellement stop, arr\u00eatant&hellip;\n","protected":false},"author":2,"featured_media":515068,"comment_status":"","ping_status":"","sticky":false,"template":"","format":"standard","meta":{"footnotes":""},"categories":[1416],"tags":[1011,27,20544,479,1468,60,513],"class_list":{"0":"post-515067","1":"post","2":"type-post","3":"status-publish","4":"format-standard","5":"has-post-thumbnail","7":"category-rugby","8":"tag-fr","9":"tag-france","10":"tag-montpellier-herault-rugby-mhr","11":"tag-rugby","12":"tag-rugby-football","13":"tag-sports","14":"tag-xv-de-france"},"share_on_mastodon":{"url":"https:\/\/pubeurope.com\/@fr\/115500837992026417","error":""},"_links":{"self":[{"href":"https:\/\/www.europesays.com\/fr\/wp-json\/wp\/v2\/posts\/515067","targetHints":{"allow":["GET"]}}],"collection":[{"href":"https:\/\/www.europesays.com\/fr\/wp-json\/wp\/v2\/posts"}],"about":[{"href":"https:\/\/www.europesays.com\/fr\/wp-json\/wp\/v2\/types\/post"}],"author":[{"embeddable":true,"href":"https:\/\/www.europesays.com\/fr\/wp-json\/wp\/v2\/users\/2"}],"replies":[{"embeddable":true,"href":"https:\/\/www.europesays.com\/fr\/wp-json\/wp\/v2\/comments?post=515067"}],"version-history":[{"count":0,"href":"https:\/\/www.europesays.com\/fr\/wp-json\/wp\/v2\/posts\/515067\/revisions"}],"wp:featuredmedia":[{"embeddable":true,"href":"https:\/\/www.europesays.com\/fr\/wp-json\/wp\/v2\/media\/515068"}],"wp:attachment":[{"href":"https:\/\/www.europesays.com\/fr\/wp-json\/wp\/v2\/media?parent=515067"}],"wp:term":[{"taxonomy":"category","embeddable":true,"href":"https:\/\/www.europesays.com\/fr\/wp-json\/wp\/v2\/categories?post=515067"},{"taxonomy":"post_tag","embeddable":true,"href":"https:\/\/www.europesays.com\/fr\/wp-json\/wp\/v2\/tags?post=515067"}],"curies":[{"name":"wp","href":"https:\/\/api.w.org\/{rel}","templated":true}]}}