{"id":515069,"date":"2025-11-06T04:21:11","date_gmt":"2025-11-06T04:21:11","guid":{"rendered":"https:\/\/www.europesays.com\/fr\/515069\/"},"modified":"2025-11-06T04:21:11","modified_gmt":"2025-11-06T04:21:11","slug":"wta-masters-anisimova-elimine-swiatek-sports","status":"publish","type":"post","link":"https:\/\/www.europesays.com\/fr\/515069\/","title":{"rendered":"WTA &#8211; Masters : Anisimova \u00e9limine Swiatek : Sports"},"content":{"rendered":"<p class=\"date\">\n                                                            Faraj Benlahoucine, Media365, publi\u00e9 le mercredi 05 novembre 2025 \u00e0 20h51\n                                                    <\/p>\n<p>En plus de surclasser et d&rsquo;\u00e9liminer Iga Swiatek des Masters, Amanda Anisimova s&rsquo;est qualifi\u00e9e pour les demies. \u00c0 l&rsquo;instar d&rsquo;Elena Rybakina, leader du groupe.<\/p>\n<p>Avant 2025, Iga Swiatek et Amanda Anisimova ne s&rsquo;\u00e9taient jamais affront\u00e9es. Cette ann\u00e9e leurs trois confrontations ont toutes sans exception \u00e9t\u00e9 marquantes. Leur premier duel est entr\u00e9 dans la post\u00e9rit\u00e9, la Polonaise a inflig\u00e9 un double 6-0 qui restera dans les annales en finale de Wimbledon. Moins de deux mois plus tard, l&rsquo;Am\u00e9ricaine a pris une revanche \u00e9clatante, stoppant la favorite de l&rsquo;US Open en quarts. Et ce mercredi du c\u00f4t\u00e9 de Riyad en Arabie Saoudite, Amanda Anisimova a r\u00e9\u00e9dit\u00e9 sa performance en s&rsquo;offrant le scalp de la n\u00b02 mondiale lors du dernier match du groupe B des Masters ((3)6-7, 6-4, 6-2).<\/p>\n<p>Rybakina solide leader du groupe B<\/p>\n<p>Inspir\u00e9e en d\u00e9pit de la perte du premier set au tie-break, l&rsquo;Am\u00e9ricaine a sign\u00e9 la bagatelle de 43 coups gagnants contre 25 en faveur d&rsquo;Iga Swiatek. Gr\u00e2ce \u00e0 sa victoire renversante en trois manches, sa deuxi\u00e8me d&rsquo;affil\u00e9e deux jours apr\u00e8s avoir renvers\u00e9 sa compatriote Madison Keys, Amanda Anisimova se qualifie pour le dernier carr\u00e9 des Masters et \u00e9limine par la m\u00eame occasion sa rivale du jour, laur\u00e9ate de l&rsquo;\u00e9preuve en 2023. Qualifi\u00e9e en tant que deuxi\u00e8me de groupe, la n\u00b04 mondiale ignore l&rsquo;identit\u00e9 de sa future adversaire mais Aryna Sabalenka fait office de favorite apr\u00e8s ses deux premiers succ\u00e8s acquis contre Jasmine Paolini et Jessica Pegula.<\/p>\n<p>Plus t\u00f4t au cours de la journ\u00e9e, Elena Rybakina a pour sa part sign\u00e9 une troisi\u00e8me victoire en autant de rencontres \u00e0 Riyad, surclassant Ekaterina Alexandrova en deux manches (6-4, 6-4). La Kazakhe s&rsquo;est adjug\u00e9e son 9e triomphe cons\u00e9cutif sur le circuit WTA, elle avait d\u00e9j\u00e0 domin\u00e9 son adversaire du jour en finale du tournoi de Ningbo un peu moins d&rsquo;un mois plus t\u00f4t. En demies, Elena Rybakina devrait selon toute vraisemblance croiser le fer avec Jessica Pegula ou Coco Gauff.<\/p>\n","protected":false},"excerpt":{"rendered":"Faraj Benlahoucine, Media365, publi\u00e9 le mercredi 05 novembre 2025 \u00e0 20h51 En plus de surclasser et d&rsquo;\u00e9liminer Iga&hellip;\n","protected":false},"author":2,"featured_media":515070,"comment_status":"","ping_status":"","sticky":false,"template":"","format":"standard","meta":{"footnotes":""},"categories":[1415],"tags":[1011,27,60,1467],"class_list":{"0":"post-515069","1":"post","2":"type-post","3":"status-publish","4":"format-standard","5":"has-post-thumbnail","7":"category-tennis","8":"tag-fr","9":"tag-france","10":"tag-sports","11":"tag-tennis"},"share_on_mastodon":{"url":"https:\/\/pubeurope.com\/@fr\/115500841886087227","error":""},"_links":{"self":[{"href":"https:\/\/www.europesays.com\/fr\/wp-json\/wp\/v2\/posts\/515069","targetHints":{"allow":["GET"]}}],"collection":[{"href":"https:\/\/www.europesays.com\/fr\/wp-json\/wp\/v2\/posts"}],"about":[{"href":"https:\/\/www.europesays.com\/fr\/wp-json\/wp\/v2\/types\/post"}],"author":[{"embeddable":true,"href":"https:\/\/www.europesays.com\/fr\/wp-json\/wp\/v2\/users\/2"}],"replies":[{"embeddable":true,"href":"https:\/\/www.europesays.com\/fr\/wp-json\/wp\/v2\/comments?post=515069"}],"version-history":[{"count":0,"href":"https:\/\/www.europesays.com\/fr\/wp-json\/wp\/v2\/posts\/515069\/revisions"}],"wp:featuredmedia":[{"embeddable":true,"href":"https:\/\/www.europesays.com\/fr\/wp-json\/wp\/v2\/media\/515070"}],"wp:attachment":[{"href":"https:\/\/www.europesays.com\/fr\/wp-json\/wp\/v2\/media?parent=515069"}],"wp:term":[{"taxonomy":"category","embeddable":true,"href":"https:\/\/www.europesays.com\/fr\/wp-json\/wp\/v2\/categories?post=515069"},{"taxonomy":"post_tag","embeddable":true,"href":"https:\/\/www.europesays.com\/fr\/wp-json\/wp\/v2\/tags?post=515069"}],"curies":[{"name":"wp","href":"https:\/\/api.w.org\/{rel}","templated":true}]}}