{"id":515071,"date":"2025-11-06T04:25:22","date_gmt":"2025-11-06T04:25:22","guid":{"rendered":"https:\/\/www.europesays.com\/fr\/515071\/"},"modified":"2025-11-06T04:25:22","modified_gmt":"2025-11-06T04:25:22","slug":"vtt-cyclisme-route-alan-hatherly-la-transition-du-vtt-a-la-route","status":"publish","type":"post","link":"https:\/\/www.europesays.com\/fr\/515071\/","title":{"rendered":"Vtt. Cyclisme. Route &#8211; Alan Hatherly : \u00abLa transition du VTT \u00e0 la route&#8230;\u00bb"},"content":{"rendered":"<p>Fra\u00eechement m\u00e9daill\u00e9 de bronze aux<strong> <a href=\"https:\/\/www.cyclismactu.net\/..\/\" target=\"_blank\" rel=\"noopener\">Jeux olympiques de Paris<\/a><\/strong> et vainqueur de la <strong><a href=\"https:\/\/www.cyclismactu.net\/..\/news-vtt-coupe-du-monde-vtt-luca-martin-a-remporte-xcc-canada-francais-en-feu-90540.html\" target=\"_blank\" rel=\"noopener\">Coupe du monde de VTT<\/a><\/strong>,<strong> Alan Hatherly<\/strong> vit une transition d\u00e9cisive. Le Sud-Africain, d\u00e9sormais coureur de la <strong><a href=\"https:\/\/www.cyclismactu.net\/..\/news-route-gene-bates-nomme-directeur-sportif-de-equipe-jayco-alula-90865.html\" target=\"_blank\" rel=\"noopener\">Team\u00a0Jayco AlUla<\/a><\/strong>, d\u00e9couvre la route sans renier ses racines de v\u00e9t\u00e9tiste. Entre apprentissage, ambitions olympiques et envie de progresser, il s&rsquo;est confi\u00e9 \u00e0 nos confr\u00e8res de <a href=\"https:\/\/esmtb.com\/\" target=\"_blank\" rel=\"noopener\">ESTMB<\/a>. Il raconte comment il veut conjuguer deux mondes sans en abandonner aucun. L\u2019objectif reste clair : d\u00e9crocher l\u2019or aux <strong><a href=\"https:\/\/www.cyclismactu.net\/..\/news-los-angeles-2028-route-le-cyclisme-3eme-plus-gros-sport-des-jeux-de-los-angeles-87296.html\" target=\"_blank\" rel=\"noopener\">Jeux de Los Angeles 2028<\/a><\/strong>, tout en gardant les pieds sur la terre du VTT.<\/p>\n<p>Vid\u00e9o &#8211; Alan Hatherly, champion du monde \u00e0 Crans-Montana Lire la suite de l&rsquo;article&#13;<\/p>\n<p>\u00a0<\/p>\n<p>&#13;<br \/>\n\u00ab\u00a0Je suis avant tout fier du chemin d\u00e9j\u00e0 parcouru\u00a0\u00bb&#13;<\/p>\n<p>\u00c0 29 ans, Alan Hatherly vit une p\u00e9riode charni\u00e8re. Apr\u00e8s avoir tout gagn\u00e9 ou presque en VTT, le Sud-Africain a choisi de se lancer un nouveau d\u00e9fi, la route. \u00ab\u00a0Sentir que j\u2019\u00e9tais arriv\u00e9 \u00e0 un point o\u00f9 j\u2019avais besoin d\u2019apprendre et de progresser autrement\u00a0\u00bb, explique-t-il. Recrut\u00e9 par <strong>Jayco AlUla<\/strong>, il a rapidement trouv\u00e9 sa place dans le peloton, m\u00eame s\u2019il reconna\u00eet encore devoir s\u2019adapter \u00e0 une discipline tr\u00e8s diff\u00e9rente. \u00ab\u00a0Sur route, tout repose sur la r\u00e9sistance \u00e0 la fatigue. Il faut \u00eatre capable de donner son maximum m\u00eame \u00e9puis\u00e9. C\u2019est un apprentissage total.\u00a0\u00bb Malgr\u00e9 les diff\u00e9rences, <strong>Hatherly <\/strong>dit avoir \u00ab\u00a0pris \u00e9norm\u00e9ment de plaisir\u00a0\u00bb \u00e0 d\u00e9couvrir ce nouveau monde et se dit \u00ab\u00a0fier du chemin parcouru\u00a0\u00bb.<\/p>\n<p>&#13;<\/p>\n<p>\u00a0<\/p>\n<p>&#13;<br \/>\n\u00ab\u00a0J&rsquo;ai compris que la transition du VTT \u00e0 la route peut \u00eatre rapide\u00a0\u00bb&#13;<\/p>\n<p>S\u2019il d\u00e9couvre la route avec enthousiasme, <strong>Alan Hatherly<\/strong> n\u2019entend pas renoncer \u00e0 ce qui a forg\u00e9 son identit\u00e9. \u00ab\u00a0Je reviendrai d\u00e9fendre mon titre mondial pour la troisi\u00e8me fois\u00a0\u00bb, affirme-t-il sans h\u00e9sitation. Le Sud-Africain, qui avoue pr\u00e9f\u00e9rer \u00ab\u00a0les courses longues, dures, avec de vraies mont\u00e9es\u00a0\u00bb, assure que le VTT restera toujours pr\u00e9sent dans sa carri\u00e8re. \u00ab\u00a0M\u00eame si je gagne l\u2019or olympique, je ne quitterai jamais le VTT. C\u2019est ce qui m\u2019a construit, c\u2019est dans mon ADN.\u00a0\u00bb L\u2019adaptation \u00e0 la route ne l\u2019emp\u00eache pas d\u2019entretenir sa puissance et son explosivit\u00e9 caract\u00e9ristiques du XCO (Cross-Country Olympique). \u00ab\u00a0J\u2019ai compris qu\u2019on pouvait passer de la route au VTT rapidement et efficacement\u00a0\u00bb, confie-t-il. <strong>Hatherly <\/strong>veut d\u00e9sormais concilier les deux univers, en jonglant avec les calendriers . \u00ab\u00a0Peut-\u00eatre que je ferai un peu moins de manches de Coupe du monde, mais j\u2019essaierai toujours d\u2019en faire quelques-unes et le Mondial, chaque ann\u00e9e.\u00a0\u00bb Un \u00e9quilibre fragile, mais assum\u00e9 : \u00ab\u00a0Il faut \u00eatre courageux, s\u2019engager \u00e0 fond sur la route quand c\u2019est le moment, puis revenir au VTT avec la m\u00eame intensit\u00e9.\u00a0\u00bb<\/p>\n","protected":false},"excerpt":{"rendered":"Fra\u00eechement m\u00e9daill\u00e9 de bronze aux Jeux olympiques de Paris et vainqueur de la Coupe du monde de VTT,&hellip;\n","protected":false},"author":2,"featured_media":515072,"comment_status":"","ping_status":"","sticky":false,"template":"","format":"standard","meta":{"footnotes":""},"categories":[1411],"tags":[1154,207,211,1011,27,209,60,210,212,208,8012,213],"class_list":{"0":"post-515071","1":"post","2":"type-post","3":"status-publish","4":"format-standard","5":"has-post-thumbnail","7":"category-cyclisme","8":"tag-cycling","9":"tag-cyclisme","10":"tag-ffc","11":"tag-fr","12":"tag-france","13":"tag-route","14":"tag-sports","15":"tag-tour-de-france","16":"tag-uci","17":"tag-velo","18":"tag-vtt","19":"tag-world-tour"},"share_on_mastodon":{"url":"https:\/\/pubeurope.com\/@fr\/115500857791361775","error":""},"_links":{"self":[{"href":"https:\/\/www.europesays.com\/fr\/wp-json\/wp\/v2\/posts\/515071","targetHints":{"allow":["GET"]}}],"collection":[{"href":"https:\/\/www.europesays.com\/fr\/wp-json\/wp\/v2\/posts"}],"about":[{"href":"https:\/\/www.europesays.com\/fr\/wp-json\/wp\/v2\/types\/post"}],"author":[{"embeddable":true,"href":"https:\/\/www.europesays.com\/fr\/wp-json\/wp\/v2\/users\/2"}],"replies":[{"embeddable":true,"href":"https:\/\/www.europesays.com\/fr\/wp-json\/wp\/v2\/comments?post=515071"}],"version-history":[{"count":0,"href":"https:\/\/www.europesays.com\/fr\/wp-json\/wp\/v2\/posts\/515071\/revisions"}],"wp:featuredmedia":[{"embeddable":true,"href":"https:\/\/www.europesays.com\/fr\/wp-json\/wp\/v2\/media\/515072"}],"wp:attachment":[{"href":"https:\/\/www.europesays.com\/fr\/wp-json\/wp\/v2\/media?parent=515071"}],"wp:term":[{"taxonomy":"category","embeddable":true,"href":"https:\/\/www.europesays.com\/fr\/wp-json\/wp\/v2\/categories?post=515071"},{"taxonomy":"post_tag","embeddable":true,"href":"https:\/\/www.europesays.com\/fr\/wp-json\/wp\/v2\/tags?post=515071"}],"curies":[{"name":"wp","href":"https:\/\/api.w.org\/{rel}","templated":true}]}}