{"id":515075,"date":"2025-11-06T04:27:14","date_gmt":"2025-11-06T04:27:14","guid":{"rendered":"https:\/\/www.europesays.com\/fr\/515075\/"},"modified":"2025-11-06T04:27:14","modified_gmt":"2025-11-06T04:27:14","slug":"adriana-karembeu-marc-lavoine-et-nina-une-bien-belle-famille-recomposee-a-disneyland-paris","status":"publish","type":"post","link":"https:\/\/www.europesays.com\/fr\/515075\/","title":{"rendered":"Adriana Karembeu, Marc Lavoine et Nina : une bien belle famille recompos\u00e9e \u00e0 Disneyland Paris"},"content":{"rendered":"<p>      R\u00e9sum\u00e9<\/p>\n<p>Adriana Karembeu, Marc Lavoine et Nina ont pass\u00e9 une journ\u00e9e magique \u00e0 Disneyland Paris \u00e0 l&rsquo;occasion d&rsquo;Halloween, partageant rires et moments complices au c\u0153ur du parc.<\/p>\n<p>        Sommaire<\/p>\n<p>C&rsquo;est <strong>une sortie f\u00e9erique<\/strong> qu&rsquo;a partag\u00e9e <a href=\"https:\/\/www.public.fr\/tag\/adriana-karembeu\" target=\"_blank\" rel=\"noopener\"><strong>Adriana Karembeu<\/strong><\/a> avec ses abonn\u00e9s <a href=\"https:\/\/www.instagram.com\/adrianakarembeusklenarikova\/\" target=\"_blank\" rel=\"noreferrer noopener\">Instagram<\/a> ce mercredi 5\u00a0novembre 2025. <\/p>\n<p>De passage \u00e0 Paris, la top et animatrice a profit\u00e9 de son s\u00e9jour pour s&rsquo;accorder une parenth\u00e8se enchant\u00e9e <strong>\u00e0 Disneyland Paris, en compagnie de sa fille Nina et du chanteur <a href=\"https:\/\/www.public.fr\/tag\/marc-lavoine\" target=\"_blank\" rel=\"noopener\">Marc Lavoine<\/a>. <\/strong><\/p>\n<p>Un trio inattendu, mais visiblement complice, qui a savour\u00e9 pleinement la magie d&rsquo;Halloween au c\u0153ur du parc.<\/p>\n<p>Une journ\u00e9e bien remplie pour Adriana Karembeu, Marc Lavoine et Nina<\/p>\n<p>Sous les lumi\u00e8res orang\u00e9es et les citrouilles souriantes qui d\u00e9corent Main Street, Adriana Karembeu a retrouv\u00e9 son \u00e2me d&rsquo;enfant. Entre les attractions \u00e0 sensations et les balades f\u00e9eriques, la journ\u00e9e a \u00e9t\u00e9 rythm\u00e9e par les rires et les \u00e9merveillements. La petite Nina, quant \u00e0 elle, a m\u00eame eu droit \u00e0 <strong>une s\u00e9ance maquillage sur le th\u00e8me d&rsquo;Halloween. <\/strong><\/p>\n<p>Sur son feed Instagram, Adriana Karembeu a d\u00e9voil\u00e9 plusieurs clich\u00e9s et vid\u00e9os de cette escapade familiale. <\/p>\n<p>On y d\u00e9couvre notamment Marc Lavoine et elle, radieux, en train de poser aupr\u00e8s de Minnie dans son costume d&rsquo;automne. La complicit\u00e9 entre les deux tourtereaux saute litt\u00e9ralement aux yeux, et les sourires semblent plus sinc\u00e8res que jamais. <\/p>\n<p>Outre cette belle rencontre avec la femme de Mickey, le duo a \u00e9galement profit\u00e9 du c\u00e9l\u00e8bre spectacle de lumi\u00e8res projet\u00e9 sur le ch\u00e2teau de la Belle au bois dormant, avant d&rsquo;<strong>admirer le feu d&rsquo;artifice<\/strong> qui a cl\u00f4tur\u00e9 la soir\u00e9e.<\/p>\n<p>Les fans sous le charme<\/p>\n<p>Les images ont rapidement enflamm\u00e9 les r\u00e9seaux sociaux. Les fans ont en effet salu\u00e9 la simplicit\u00e9 et la joie qui se d\u00e9gagent de cette sortie familiale. <\/p>\n<p>Certains y ont vu un beau message, celui de profiter des petits bonheurs et de la magie des instants partag\u00e9s.<\/p>\n<p>Adriana Karembeu, toujours rayonnante, a prouv\u00e9 une fois encore qu&rsquo;elle savait conjuguer \u00e9l\u00e9gance et authenticit\u00e9. <\/p>\n<p>Une journ\u00e9e enchant\u00e9e qui restera sans doute <strong>grav\u00e9e dans les souvenirs de Nina&#8230;<\/strong> et dans le c\u0153ur de ses admirateurs.<\/p>\n<p>\n          Hits &amp; People en continu\n        <\/p>\n<p>\n          Public Radio\n        <\/p>\n<p>      Mentionn\u00e9s dans cet article<\/p>\n<p>      Sur le m\u00eame sujet<\/p>\n<p>  <script async src=\"\/\/www.instagram.com\/embed.js\"><\/script><\/p>\n","protected":false},"excerpt":{"rendered":"R\u00e9sum\u00e9 Adriana Karembeu, Marc Lavoine et Nina ont pass\u00e9 une journ\u00e9e magique \u00e0 Disneyland Paris \u00e0 l&rsquo;occasion d&rsquo;Halloween,&hellip;\n","protected":false},"author":2,"featured_media":515076,"comment_status":"","ping_status":"","sticky":false,"template":"","format":"standard","meta":{"footnotes":""},"categories":[1359],"tags":[6382,4906,58,59,1011,27,7593,973],"class_list":{"0":"post-515075","1":"post","2":"type-post","3":"status-publish","4":"format-standard","5":"has-post-thumbnail","7":"category-people","8":"tag-adriana-karembeu","9":"tag-disneyland-paris","10":"tag-divertissement","11":"tag-entertainment","12":"tag-fr","13":"tag-france","14":"tag-marc-lavoine","15":"tag-people"},"share_on_mastodon":{"url":"https:\/\/pubeurope.com\/@fr\/115500865512344979","error":""},"_links":{"self":[{"href":"https:\/\/www.europesays.com\/fr\/wp-json\/wp\/v2\/posts\/515075","targetHints":{"allow":["GET"]}}],"collection":[{"href":"https:\/\/www.europesays.com\/fr\/wp-json\/wp\/v2\/posts"}],"about":[{"href":"https:\/\/www.europesays.com\/fr\/wp-json\/wp\/v2\/types\/post"}],"author":[{"embeddable":true,"href":"https:\/\/www.europesays.com\/fr\/wp-json\/wp\/v2\/users\/2"}],"replies":[{"embeddable":true,"href":"https:\/\/www.europesays.com\/fr\/wp-json\/wp\/v2\/comments?post=515075"}],"version-history":[{"count":0,"href":"https:\/\/www.europesays.com\/fr\/wp-json\/wp\/v2\/posts\/515075\/revisions"}],"wp:featuredmedia":[{"embeddable":true,"href":"https:\/\/www.europesays.com\/fr\/wp-json\/wp\/v2\/media\/515076"}],"wp:attachment":[{"href":"https:\/\/www.europesays.com\/fr\/wp-json\/wp\/v2\/media?parent=515075"}],"wp:term":[{"taxonomy":"category","embeddable":true,"href":"https:\/\/www.europesays.com\/fr\/wp-json\/wp\/v2\/categories?post=515075"},{"taxonomy":"post_tag","embeddable":true,"href":"https:\/\/www.europesays.com\/fr\/wp-json\/wp\/v2\/tags?post=515075"}],"curies":[{"name":"wp","href":"https:\/\/api.w.org\/{rel}","templated":true}]}}