{"id":51508,"date":"2025-04-25T10:21:09","date_gmt":"2025-04-25T10:21:09","guid":{"rendered":"https:\/\/www.europesays.com\/fr\/51508\/"},"modified":"2025-04-25T10:21:09","modified_gmt":"2025-04-25T10:21:09","slug":"strasbourg-une-exposition-spirituelle-inspiree-des-hauts-lieux-energetiques-dalsace","status":"publish","type":"post","link":"https:\/\/www.europesays.com\/fr\/51508\/","title":{"rendered":"Strasbourg. Une exposition spirituelle inspir\u00e9e des hauts lieux \u00e9nerg\u00e9tiques d\u2019Alsace"},"content":{"rendered":"<p>Inutile de ma\u00eetriser les croyances populaires attach\u00e9es aux lieux ou m\u00eame d\u2019y adh\u00e9rer. Julie Laymond, originaire de Pau, et Ilazki de Portuondo, actuellement \u00e9tablie au Mexique, formant le Duo Y, sont d\u2019abord artistes et le public est bien convi\u00e9\u00a0\u00e0 une exposition d\u2019art contemporain.<\/p>\n<p>Ensemble, elles ont arpent\u00e9 l\u2019Alsace, les Vosges et la Moselle entre\u00a02023 et\u00a02024, \u00e0 l\u2019invitation du CEAAC (Centre europ\u00e9en d\u2019actions artistiques contemporaines). Dans leur bagage, un livre de sourcier, celui d\u2019 <a href=\"https:\/\/www.dna.fr\/edition-de-guebwiller\/2017\/02\/19\/adolphe-landspurg-est-decede-le-monde-des-sourciers-en-deuil\" target=\"_blank\" rel=\"nofollow noopener\">Adolphe Landspurg<\/a> , r\u00e9pertoriant&#8230;<\/p>\n","protected":false},"excerpt":{"rendered":"Inutile de ma\u00eetriser les croyances populaires attach\u00e9es aux lieux ou m\u00eame d\u2019y adh\u00e9rer. Julie Laymond, originaire de Pau,&hellip;\n","protected":false},"author":2,"featured_media":51509,"comment_status":"","ping_status":"","sticky":false,"template":"","format":"standard","meta":{"footnotes":""},"categories":[2820],"tags":[1111,11,2389,1687,2880,1777,674,2271,107,1011,27,5325,2798,775,12,25,640,2879],"class_list":{"0":"post-51508","1":"post","2":"type-post","3":"status-publish","4":"format-standard","5":"has-post-thumbnail","7":"category-strasbourg","8":"tag-actu","9":"tag-actualites","10":"tag-alsace","11":"tag-culture-loisirs","12":"tag-edition-strasbourg","13":"tag-eu","14":"tag-europe","15":"tag-exposition-arts-plastiques","16":"tag-fil-info","17":"tag-fr","18":"tag-france","19":"tag-galerie-media","20":"tag-galerie-photo","21":"tag-grand-est","22":"tag-news","23":"tag-republique-francaise","24":"tag-strasbourg","25":"tag-strasbourg-ville"},"share_on_mastodon":{"url":"https:\/\/pubeurope.com\/@fr\/114398107117199956","error":""},"_links":{"self":[{"href":"https:\/\/www.europesays.com\/fr\/wp-json\/wp\/v2\/posts\/51508","targetHints":{"allow":["GET"]}}],"collection":[{"href":"https:\/\/www.europesays.com\/fr\/wp-json\/wp\/v2\/posts"}],"about":[{"href":"https:\/\/www.europesays.com\/fr\/wp-json\/wp\/v2\/types\/post"}],"author":[{"embeddable":true,"href":"https:\/\/www.europesays.com\/fr\/wp-json\/wp\/v2\/users\/2"}],"replies":[{"embeddable":true,"href":"https:\/\/www.europesays.com\/fr\/wp-json\/wp\/v2\/comments?post=51508"}],"version-history":[{"count":0,"href":"https:\/\/www.europesays.com\/fr\/wp-json\/wp\/v2\/posts\/51508\/revisions"}],"wp:featuredmedia":[{"embeddable":true,"href":"https:\/\/www.europesays.com\/fr\/wp-json\/wp\/v2\/media\/51509"}],"wp:attachment":[{"href":"https:\/\/www.europesays.com\/fr\/wp-json\/wp\/v2\/media?parent=51508"}],"wp:term":[{"taxonomy":"category","embeddable":true,"href":"https:\/\/www.europesays.com\/fr\/wp-json\/wp\/v2\/categories?post=51508"},{"taxonomy":"post_tag","embeddable":true,"href":"https:\/\/www.europesays.com\/fr\/wp-json\/wp\/v2\/tags?post=51508"}],"curies":[{"name":"wp","href":"https:\/\/api.w.org\/{rel}","templated":true}]}}