{"id":515089,"date":"2025-11-06T04:37:11","date_gmt":"2025-11-06T04:37:11","guid":{"rendered":"https:\/\/www.europesays.com\/fr\/515089\/"},"modified":"2025-11-06T04:37:11","modified_gmt":"2025-11-06T04:37:11","slug":"olivier-minne-evince-de-france-2-il-faut-en-imposer-physiquement-camille-cerf-confirme-avoir-postule-pour-le-remplacer","status":"publish","type":"post","link":"https:\/\/www.europesays.com\/fr\/515089\/","title":{"rendered":"Olivier Minne \u00e9vinc\u00e9 de France 2 : \u00ab\u00a0Il faut en imposer physiquement\u00a0\u00bb, Camille Cerf confirme avoir postul\u00e9 pour le remplacer"},"content":{"rendered":"<p>      R\u00e9sum\u00e9<\/p>\n<p>Apr\u00e8s 36 ans sur France 2, Olivier Minne quitte Fort Boyard, tandis que Camille Cerf a postul\u00e9 pour le remplacer et envisage de d\u00e9velopper sa carri\u00e8re sur YouTube.<\/p>\n<p>        Sommaire<\/p>\n<p>C&rsquo;est la fin d&rsquo;une \u00e8re. Apr\u00e8s trente-six ans de carri\u00e8re sur <strong>France 2<\/strong>, dont vingt-deux pass\u00e9s \u00e0 la t\u00eate de <strong>Fort Boyard<\/strong>, <a href=\"https:\/\/www.public.fr\/tag\/olivier-minne\" rel=\"nofollow noopener\" target=\"_blank\"><strong>Olivier Minne<\/strong><\/a> s&rsquo;appr\u00eate \u00e0 tourner la page et \u00e0 rejoindre M6. <\/p>\n<p>Cette annonce n&rsquo;a pas manqu\u00e9 d&rsquo;\u00e9mouvoir les fid\u00e8les du jeu culte, attach\u00e9s \u00e0 celui qui en incarnait depuis des ann\u00e9es le visage embl\u00e9matique aux c\u00f4t\u00e9s du p\u00e8re Fouras. <\/p>\n<p>\u00ab\u00a0Je suis dans un \u00e9tat d\u2019esprit joyeux et en m\u00eame temps tr\u00e8s \u00e9mu aussi bien s\u00fbr.\u00a0Je suis tr\u00e8s joyeux de partir vers de nouvelles aventures. Dans Fort Boyard, \u00e0 chaque fois je terminais en criant\u00a0:\u00a0&lsquo;\u00c0 bient\u00f4t pour de nouvelles aventures&rsquo;. Finalement, je m\u2019applique \u00e0 moi-m\u00eame ce que je crie depuis 23 ans, donc forc\u00e9ment, de ce point de vue l\u00e0, \u00e7a ne peut \u00eatre que joyeux\u00a0\u00bb, confiait-il dans les colonnes du Figaro en juin dernier avant ses adieux le samedi 23 ao\u00fbt. <\/p>\n<p>Camille Cerf veut la place d&rsquo;Olivier Minne<\/p>\n<p>Si Fort Boyard continuera malgr\u00e9 le d\u00e9part d&rsquo;Olivier Minne, le nom de <strong>son successeur n&rsquo;a pas encore \u00e9t\u00e9 d\u00e9voil\u00e9. <\/strong><\/p>\n<p>En apprenant que le poste \u00e9tait libre, <a href=\"https:\/\/www.public.fr\/olivier-minne-une-ex-miss-france-pour-le-remplacer-a-lanimation-de-fort-boyard\" rel=\"nofollow noopener\" target=\"_blank\"><strong>Camille Cerf <\/strong>a tout de m\u00eame saisi l&rsquo;occasion pour proposer sa candidature<\/a>. Une information confirm\u00e9e par l&rsquo;ancienne Miss France en personne dans le dernier num\u00e9ro de <a href=\"https:\/\/www.instagram.com\/wearefollow\/\" target=\"_blank\" rel=\"noreferrer noopener nofollow\">Follow Coffee<\/a>. <\/p>\n<p>Interrog\u00e9e sur ses projets de carri\u00e8re, l&rsquo;influenceuse a r\u00e9v\u00e9l\u00e9 avoir \u00ab\u00a0postul\u00e9\u00a0\u00bb pour Fort Boyard. \u00ab\u00a0On croise les doigts\u00a0\u00bb, a-t-elle lanc\u00e9. <\/p>\n<p>Et de poursuivre : \u00ab\u00a0<strong>Je trouve que ce serait trop bien que ce soit une femme et puis je l&rsquo;ai fait plein de fois. Je trouve que pour animer Fort Boyard, il faut imposer physiquement. Je suis une grande femme, je trouve que je pourrais avoir ce r\u00f4le<\/strong>\u00ab\u00a0. <\/p>\n<p>L&rsquo;ancienne Miss bient\u00f4t sur YouTube ?<\/p>\n<p>Outre son objectif de remplacer Olivier Minne, <strong><a href=\"https:\/\/www.public.fr\/tag\/camille-cerf\" rel=\"nofollow noopener\" target=\"_blank\">Camille Cerf<\/a> aimerait aussi se lancer sur YouTube<\/strong>. \u00ab\u00a0Je sais que si demain je vais sur YouTube, je viendrai avec quelque chose de pr\u00eat, de carr\u00e9 qui me ressemble\u00a0\u00bb, a-t-elle expliqu\u00e9.<\/p>\n<p>Malgr\u00e9 son envie de se lancer dans de nouvelles aventures, elle semble n\u00e9anmoins craindre l&rsquo;\u00e9chec : \u00ab\u00a0<strong>J&rsquo;ai peur de flop<\/strong>, je trouve que c&rsquo;est quand m\u00eame risqu\u00e9 sachant que tout se passe bien \u00e0 c\u00f4t\u00e9. J&rsquo;ai ma carri\u00e8re en t\u00e9l\u00e9 qui commence \u00e0 se d\u00e9velopper et je n&rsquo;ai pas envie que \u00e7a envoie des mauvais signaux aux cha\u00eenes.\u00a0\u00bb <\/p>\n<p>\n          Hits &amp; People en continu\n        <\/p>\n<p>\n          Public Radio\n        <\/p>\n<p>      Mentionn\u00e9s dans cet article<\/p>\n<p>      Sur le m\u00eame sujet<\/p>\n<p>  <script async src=\"\/\/www.instagram.com\/embed.js\"><\/script><\/p>\n","protected":false},"excerpt":{"rendered":"R\u00e9sum\u00e9 Apr\u00e8s 36 ans sur France 2, Olivier Minne quitte Fort Boyard, tandis que Camille Cerf a postul\u00e9&hellip;\n","protected":false},"author":2,"featured_media":515090,"comment_status":"","ping_status":"","sticky":false,"template":"","format":"standard","meta":{"footnotes":""},"categories":[8],"tags":[17055,58,59,15745,1011,27,17033],"class_list":{"0":"post-515089","1":"post","2":"type-post","3":"status-publish","4":"format-standard","5":"has-post-thumbnail","7":"category-divertissement","8":"tag-camille-cerf","9":"tag-divertissement","10":"tag-entertainment","11":"tag-fort-boyard","12":"tag-fr","13":"tag-france","14":"tag-olivier-minne"},"share_on_mastodon":{"url":"https:\/\/pubeurope.com\/@fr\/115500904906893703","error":""},"_links":{"self":[{"href":"https:\/\/www.europesays.com\/fr\/wp-json\/wp\/v2\/posts\/515089","targetHints":{"allow":["GET"]}}],"collection":[{"href":"https:\/\/www.europesays.com\/fr\/wp-json\/wp\/v2\/posts"}],"about":[{"href":"https:\/\/www.europesays.com\/fr\/wp-json\/wp\/v2\/types\/post"}],"author":[{"embeddable":true,"href":"https:\/\/www.europesays.com\/fr\/wp-json\/wp\/v2\/users\/2"}],"replies":[{"embeddable":true,"href":"https:\/\/www.europesays.com\/fr\/wp-json\/wp\/v2\/comments?post=515089"}],"version-history":[{"count":0,"href":"https:\/\/www.europesays.com\/fr\/wp-json\/wp\/v2\/posts\/515089\/revisions"}],"wp:featuredmedia":[{"embeddable":true,"href":"https:\/\/www.europesays.com\/fr\/wp-json\/wp\/v2\/media\/515090"}],"wp:attachment":[{"href":"https:\/\/www.europesays.com\/fr\/wp-json\/wp\/v2\/media?parent=515089"}],"wp:term":[{"taxonomy":"category","embeddable":true,"href":"https:\/\/www.europesays.com\/fr\/wp-json\/wp\/v2\/categories?post=515089"},{"taxonomy":"post_tag","embeddable":true,"href":"https:\/\/www.europesays.com\/fr\/wp-json\/wp\/v2\/tags?post=515089"}],"curies":[{"name":"wp","href":"https:\/\/api.w.org\/{rel}","templated":true}]}}