{"id":515095,"date":"2025-11-06T04:41:10","date_gmt":"2025-11-06T04:41:10","guid":{"rendered":"https:\/\/www.europesays.com\/fr\/515095\/"},"modified":"2025-11-06T04:41:10","modified_gmt":"2025-11-06T04:41:10","slug":"pourquoi-les-images-revelees-par-liberation-ont-fait-reagir-jusquau-sommet-de-letat-liberation","status":"publish","type":"post","link":"https:\/\/www.europesays.com\/fr\/515095\/","title":{"rendered":"pourquoi les images r\u00e9v\u00e9l\u00e9es par \u00abLib\u00e9ration\u00bb ont fait r\u00e9agir jusqu\u2019au sommet de l\u2019Etat \u2013 Lib\u00e9ration"},"content":{"rendered":"<p class=\"sc-cPiKLX AiZTS text-element\">Alix (1), Serge D, Mickael B, et Olivier (1) ont tous les quatre \u00e9t\u00e9 gri\u00e8vement bless\u00e9s le 25 mars 2023 \u00e0 Sainte-Soline. Ils participaient \u00e0 la <a href=\"https:\/\/www.liberation.fr\/societe\/bassines-de-sainte-soline-un-long-samedi-sur-un-champ-de-bataille-20230325_QFFHTPQSHJDBFCEP4MLFS7V4UM\/\" target=\"_blank\" rel=\"noopener\">manifestation interdite contre le chantier contest\u00e9 d\u2019une m\u00e9gabassine<\/a>. Alix a \u00e9t\u00e9 hospitalis\u00e9e dans un \u00e9tat pr\u00e9occupant. Une grenade a fracass\u00e9 sa m\u00e2choire et plusieurs os de son visage, puis a explos\u00e9 sur ses jambes. Alix, comme les trois autres bless\u00e9s, a port\u00e9 plainte.<\/p>\n<p class=\"sc-cPiKLX AiZTS text-element\">Ces victimes, on ne les voit pas dans les images rassembl\u00e9es dans le cadre l\u2019enqu\u00eate pr\u00e9liminaire qui a suivi, pour violences aggrav\u00e9es et non-assistance \u00e0 personne en danger. Elles sont hors du champ des cam\u00e9ras pi\u00e9tons des gendarmes. Un dispositif vid\u00e9o qu\u2019ils actionnent eux-m\u00eames, volontairement ou par accident.<\/p>\n<p class=\"sc-cPiKLX AiZTS text-element\">Lib\u00e9ration et Mediapart ont pu avoir acc\u00e8s \u00e0 ce mat\u00e9riel vid\u00e9o d\u2019int\u00e9r\u00eat public. Des dizaines d\u2019heures d\u2019images qui permettent de comprendre, de l\u2019int\u00e9rieur, les actes et l\u2019\u00e9tat d\u2019esprit des gendarmes \u00e0 Sainte-Soline.<\/p>\n<p class=\"sc-cPiKLX AiZTS text-element\">Deux ans et demi plus tard, alors que les investigations touchent \u00e0 leur fin, <a href=\"https:\/\/www.liberation.fr\/societe\/police-justice\/violences-des-gendarmes-a-sainte-soline-toujours-pas-de-suspect-apres-plus-de-deux-ans-denquete-20251105_N3TSNMV2VJHIXMPDVBLUMM6UAA\/\" target=\"_blank\" rel=\"noopener\">les gendarmes coupables des tirs restent introuvables<\/a>. Mais l<a href=\"https:\/\/www.liberation.fr\/societe\/police-justice\/je-ne-compte-plus-les-mecs-quon-a-eborgnes-a-sainte-soline-revelations-en-images-sur-les-tirs-illegaux-de-grenades-par-les-gendarmes-20251105_NF232RG6SFCXNOI3SUBCKONKTQ\/\" target=\"_blank\" rel=\"noopener\" title=\"https:\/\/www.liberation.fr\/societe\/police-justice\/je-ne-compte-plus-les-mecs-quon-a-eborgnes-a-sainte-soline-revelations-en-images-sur-les-tirs-illegaux-de-grenades-par-les-gendarmes-20251105_NF232RG6SFCXNOI3SUBCKONKTQ\/\">\u2019enqu\u00eate que nous publions<\/a> r\u00e9v\u00e8le des consignes de la hi\u00e9rarchie militaire de tirs tendus formellement interdits car dangereux et potentiellement mortels. Des dizaines de commentaires inappropri\u00e9s et d\u2019insultes. Et surtout, la cruaut\u00e9 voire l\u2019inhumanit\u00e9 de certains gendarmes indiff\u00e9rents au sort des bless\u00e9s, \u00e0 la pr\u00e9sence d\u2019enfants dans le cort\u00e8ge et jubilant de blesser, y compris en \u00abpleine t\u00eate\u00bb. L\u2019envie de faire mal. \u00abAh putain, le kif\u2026\u00bb <\/p>\n<p class=\"sc-cPiKLX AiZTS text-element\">Les propos les plus accablants sont film\u00e9s \u00ab\u00e0 froid\u00bb, pr\u00e9cisons-le, et non pas au pic des affrontements entre les militaires et les militants \u00e9cologistes qui ont fait 45 bless\u00e9s d\u00e9clar\u00e9s chez les gendarmes et environ 200, dont 40 gravement, parmi les manifestants.<\/p>\n<p class=\"sc-cPiKLX AiZTS text-element\">A la vue de ces images, l\u2019Inspection g\u00e9n\u00e9rale de la gendarmerie nationale en charge de l\u2019enqu\u00eate aurait pu signaler au parquet ces \u00e9l\u00e9ments : elle n\u2019en a rien fait. Aucun gendarme n\u2019a \u00e9t\u00e9 interrog\u00e9 sur ces vid\u00e9os d\u00e9voilant les multiples ordres de tirs tendus. Et l\u2019absence d\u2019audition de suspect ouvre la voie \u00e0 un potentiel classement sans suite du dossier. Plus largement, sur le fiasco de Sainte-Soline, aucun responsable politique ne s\u2019est encore expliqu\u00e9. Face \u00e0 de telles preuves, d\u00e9sormais publiques, le ministre de l\u2019Int\u00e9rieur a demand\u00e9 une enqu\u00eate administrative. Comment pourrait-on en rester l\u00e0 ? <\/p>\n<p class=\"sc-cPiKLX AiZTS text-element\">(1) Les pr\u00e9noms ont \u00e9t\u00e9 modifi\u00e9s.<\/p>\n","protected":false},"excerpt":{"rendered":"Alix (1), Serge D, Mickael B, et Olivier (1) ont tous les quatre \u00e9t\u00e9 gri\u00e8vement bless\u00e9s le 25&hellip;\n","protected":false},"author":2,"featured_media":515096,"comment_status":"","ping_status":"","sticky":false,"template":"","format":"standard","meta":{"footnotes":""},"categories":[4],"tags":[11,1011,27,12,25,63429],"class_list":{"0":"post-515095","1":"post","2":"type-post","3":"status-publish","4":"format-standard","5":"has-post-thumbnail","7":"category-france","8":"tag-actualites","9":"tag-fr","10":"tag-france","11":"tag-news","12":"tag-republique-francaise","13":"tag-sainte-soline"},"share_on_mastodon":{"url":"https:\/\/pubeurope.com\/@fr\/115500920766979088","error":""},"_links":{"self":[{"href":"https:\/\/www.europesays.com\/fr\/wp-json\/wp\/v2\/posts\/515095","targetHints":{"allow":["GET"]}}],"collection":[{"href":"https:\/\/www.europesays.com\/fr\/wp-json\/wp\/v2\/posts"}],"about":[{"href":"https:\/\/www.europesays.com\/fr\/wp-json\/wp\/v2\/types\/post"}],"author":[{"embeddable":true,"href":"https:\/\/www.europesays.com\/fr\/wp-json\/wp\/v2\/users\/2"}],"replies":[{"embeddable":true,"href":"https:\/\/www.europesays.com\/fr\/wp-json\/wp\/v2\/comments?post=515095"}],"version-history":[{"count":0,"href":"https:\/\/www.europesays.com\/fr\/wp-json\/wp\/v2\/posts\/515095\/revisions"}],"wp:featuredmedia":[{"embeddable":true,"href":"https:\/\/www.europesays.com\/fr\/wp-json\/wp\/v2\/media\/515096"}],"wp:attachment":[{"href":"https:\/\/www.europesays.com\/fr\/wp-json\/wp\/v2\/media?parent=515095"}],"wp:term":[{"taxonomy":"category","embeddable":true,"href":"https:\/\/www.europesays.com\/fr\/wp-json\/wp\/v2\/categories?post=515095"},{"taxonomy":"post_tag","embeddable":true,"href":"https:\/\/www.europesays.com\/fr\/wp-json\/wp\/v2\/tags?post=515095"}],"curies":[{"name":"wp","href":"https:\/\/api.w.org\/{rel}","templated":true}]}}