{"id":515097,"date":"2025-11-06T04:42:21","date_gmt":"2025-11-06T04:42:21","guid":{"rendered":"https:\/\/www.europesays.com\/fr\/515097\/"},"modified":"2025-11-06T04:42:21","modified_gmt":"2025-11-06T04:42:21","slug":"en-danger-les-salaries-du-petit-vapoteur-descendent-dans-la-rue-a-cherbourg","status":"publish","type":"post","link":"https:\/\/www.europesays.com\/fr\/515097\/","title":{"rendered":"en danger, les salari\u00e9s du Petit Vapoteur descendent dans la rue \u00e0 Cherbourg"},"content":{"rendered":"<p>            Par<br \/>\n        <strong><br \/>\n            <a href=\"https:\/\/actu.fr\/auteur\/juliette-voisin02-lapressedelamanche-fr\" title=\"Consulter tous les articles de Juliette Voisin\" target=\"_blank\" rel=\"noopener\">Juliette Voisin<\/a><br \/>\n        <\/strong><\/p>\n<p>        Publi\u00e9 le<\/p>\n<p>            5 nov. 2025 \u00e0 16h22        <\/p>\n<p>\u00ab\u2009Lecornu, t\u2019es foutu, <b>la vape est dans la rue\u2009<\/b>!\u2009\u00bb Mercredi 5\u00a0novembre 2025, <b>350\u00a0personnes<\/b>, principalement des salari\u00e9s du Petit Vapoteur, se sont rassembl\u00e9es sur la place de Gaulle \u00e0 <a href=\"https:\/\/actu.fr\/normandie\/cherbourg-en-cotentin_50129\" target=\"_blank\" rel=\"noopener\">Cherbourg-en-Cotentin<\/a> (Manche).<\/p>\n<p class=\" wall-content\">Ils ont fait entendre leurs voix pour protester contre <b>l\u2019article\u00a023<\/b> du Projet de loi de finances 2026, actuellement d\u00e9battu \u00e0 l\u2019Assembl\u00e9e nationale.<\/p>\n<blockquote class=\"tiktok-embed\" cite=\"https:\/\/www.tiktok.com\/@lapressedelamanche\/video\/7569190418605231382\" data-video-id=\"7569190418605231382\" data-embed-from=\"oembed\" style=\"max-width:605px; min-width:325px;\"><p>\n<a target=\"_blank\" title=\"@lapressedelamanche\" href=\"https:\/\/www.tiktok.com\/@lapressedelamanche?refer=embed\" rel=\"noopener\">@lapressedelamanche<\/a> <\/p>\n<p>Le Petit Vapoteur appelait \u00e0 manifester le mercredi 5 novembre contre un article du budget 2026 qui menace la vente en ligne. Environ 350 personnes se sont mobilis\u00e9es. <a title=\"cotentin\" target=\"_blank\" href=\"https:\/\/www.tiktok.com\/tag\/cotentin?refer=embed\" rel=\"noopener\">#Cotentin<\/a> <a title=\"cherbourg\" target=\"_blank\" href=\"https:\/\/www.tiktok.com\/tag\/cherbourg?refer=embed\" rel=\"noopener\">#Cherbourg<\/a> <a title=\"manifestation\" target=\"_blank\" href=\"https:\/\/www.tiktok.com\/tag\/manifestation?refer=embed\" rel=\"noopener\">#manifestation<\/a> @Le Petit Vapoteur <\/p>\n<p> <a target=\"_blank\" title=\"\u266c son original - La Presse de la Manche\" href=\"https:\/\/www.tiktok.com\/music\/son-original-7569190401173621526?refer=embed\" rel=\"noopener\">\u266c son original \u2013 La Presse de la Manche<\/a> <\/p>\n<\/blockquote>\n<p>Des jeunes salari\u00e9s dans le doute<\/p>\n<p class=\" wall-content\">Depuis trois semaines, <b>le texte agite<\/b><b>\u00a0l\u2019entreprise<\/b>, qui emploie 550\u00a0personnes partout en France dont 250 au si\u00e8ge \u00e0 Cherbourg. L\u2019article\u00a023 menace l\u2019existence de la soci\u00e9t\u00e9, leader europ\u00e9en de la vente en ligne de cigarettes \u00e9lectroniques, aux 154\u00a0millions d\u2019euros de chiffre d\u2019affaires en 2024. Depuis trois semaines, la tension monte chez les salari\u00e9s, dont la moyenne d\u2019\u00e2ge est de 32\u00a0ans.<\/p>\n<blockquote class=\"ac-article-quote wall-content\">\n<p>Des emplois sont en jeu et si le projet de loi passe en l\u2019\u00e9tat, l\u2019entreprise ne pourra pas tous les sauvegarder. J\u2019essaie de rester positive, m\u00eame si ce n\u2019est pas simple\u2009!<\/p>\n<p>Noa Coupey, salari\u00e9e<\/p><\/blockquote>\n<p class=\" wall-content\">\u00ab\u2009L\u2019article\u00a023 est arriv\u00e9 un peu comme une <b>bombe atomique<\/b>, <b>on ne s\u2019y attendait pas.<\/b> Depuis que je travaille chez Le Petit Vapoteur, m\u00eame s\u2019il y a d\u00e9j\u00e0 eu des craintes par rapport au secteur de la vape, <b>je pense que \u00e7a n\u2019a jamais \u00e9t\u00e9 aussi dangereux pour nous\u2009<\/b>\u00bb, t\u00e9moigne Noa Coupey, vid\u00e9aste de 29\u00a0ans.<\/p>\n<p class=\" wall-content\">Cette d\u00e9cision remet en question ses <b>projets personnels<\/b>, mais la jeune femme garde espoir\u2009: \u00ab\u2009Je viens d\u2019acheter une maison, donc j\u2019avoue que <b>\u00e7a fait un peu peur<\/b>, mais on esp\u00e8re que tous les rassemblements d\u2019aujourd\u2019hui porteront leurs fruits et que les amendements propos\u00e9s par nos \u00e9lus seront entendus\u2009\u00bb.<\/p>\n<p>Que pr\u00e9voit l&rsquo;article 23\u2009?<\/p>\n<p>L&rsquo;article 23 du Projet de loi de finances 2026 pr\u00e9voit notamment l&rsquo;imposition d&rsquo;une taxe sur les produits e-liquides, l&rsquo;interdiction de la vente en ligne et l&rsquo;obligation d&rsquo;un agr\u00e9ment administratif, au m\u00eame titre que les buralistes, pour les 3\u2009500 boutiques non agr\u00e9\u00e9es par l&rsquo;\u00c9tat. Pour le Petit Vapoteur, la vente en ligne repr\u00e9sente 70 % de son activit\u00e9 et 30 % de son march\u00e9. Le secteur de la cigarette \u00e9lectronique emploie 25 000 salari\u00e9s en France.<\/p>\n<p>Votre r\u00e9gion, votre actu !<\/p>\n<p>Recevez chaque jour les infos qui comptent pour vous.<\/p>\n<p>\t<a href=\"https:\/\/actu.fr\/newsletter\" class=\"ac-btn ac-btn--corner ac-btn--medium ac-btn--blue800\" target=\"_blank\" rel=\"noopener\">S&rsquo;incrire<\/a><\/p>\n<p class=\" wall-content\">Pour son coll\u00e8gue <a href=\"https:\/\/actu.fr\/normandie\/cherbourg-en-cotentin_50129\/chimiste-julien-invente-les-saveurs-pour-les-cigarettes-electroniques_57561482.html\" target=\"_blank\" rel=\"noopener\">Julien Morand, aromaticien, 33\u00a0ans,<\/a> la perspective de devoir changer de travail n\u2019est pas envisageable. Il occupe un poste unique chez Le Petit Vapoteur, celui d\u2019inventer les saveurs des e-liquides.<\/p>\n<p class=\" wall-content\">\u00ab\u2009C\u2019est un coup de massue\u2009! Dans la r\u00e9gion, je ne pourrais pas retrouver un emploi similaire, et <b>je n\u2019ai pas envie de quitter Cherbourg et le Cotentin<\/b>. Je n\u2019ai pas non plus envie de faire une <b>reconversion professionnelle\u2009<\/b>\u00bb, explique-t-il.<\/p>\n<p>    <img   decoding=\"async\" loading=\"lazy\" class=\"size-large\" src=\"https:\/\/www.europesays.com\/fr\/wp-content\/uploads\/2025\/11\/702fa7ed3b096942fa7ed3b09782fav-960x481.jpg\" alt=\"Cherbourg-en-Cotentin, le 4 novembre.&#10;Ils ont d\u00e9cid\u00e9 de faire entendre leur voix. Les salari\u00e9s de l\u2019entreprise Le Petit vapoteur se sont mobilis\u00e9s. Ils protestent contre l\u2019article 23 du Projet de Loi de Finances 2026, actuellement d\u00e9battu \u00e0 l\u2019Assembl\u00e9e nationale, qui menace l\u2019existence de sa soci\u00e9t\u00e9 cherbourgeoise, leader europ\u00e9en de la vente en ligne de cigarettes \u00e9lectroniques. Le texte pr\u00e9voit notamment l\u2019imposition d\u2019une taxe sur les produits e-liquides, l\u2019interdiction de vente des produits vape aux 3 500 boutiques non agr\u00e9\u00e9es par l\u2019\u00c9tat, ainsi que la vente sur Internet.&#10;Tanguy Gr\u00e9ard et Olivier Dr\u00e9an  les dirigeants ont pris la parole devant les 350 personnes rassembl\u00e9s place du Th\u00e9\u00e2tre.\" width=\"960\" height=\"481\"\/><br \/>\n    Ce mercredi 5\u00a0novembre 2025, 350\u00a0personnes se sont r\u00e9unies \u00e0 Cherbourg-en-Cotentin (Manche) en soutien \u00e0 la fili\u00e8re de la vape, menac\u00e9e par l\u2019article\u00a023 du projet de loi de finances 2026. \u00a9Jean-Paul BARBIER\u00ab\u2009On a peur pour tous les ex-fumeurs\u2009\u00bb<\/p>\n<p class=\" wall-content\">Au-del\u00e0 de leur situation personnelle, les salari\u00e9s ont tous un mot pour leurs clients, <b>les \u00ab\u2009ex-fumeurs\u2009\u00bb<\/b>. \u00ab\u2009On ne sait pas de quoi l\u2019avenir sera fait. On est dans <b>l\u2019incompr\u00e9hension<\/b> par rapport au choix du gouvernement. On a <b>peur<\/b> pour tous les ex-fumeurs et leur entourage qui subit souvent les effets de l\u2019arr\u00eat du tabac\u2009\u00bb, partage Priscillia Pouteau, 30\u00a0ans, responsable qualit\u00e9, embauch\u00e9e en janvier dernier, qui manifeste avec son beau-p\u00e8re Serge, \u00e0 la retraite.<\/p>\n<p>    <img   decoding=\"async\" loading=\"lazy\" class=\"size-large\" src=\"https:\/\/www.europesays.com\/fr\/wp-content\/uploads\/2025\/11\/8fbf87ed3b09683cf87ed3b0957cf8v-681x640.jpg\" alt=\"Cherbourg-en-Cotentin, le 4 novembre.&#10;Ils ont d\u00e9cid\u00e9 de faire entendre leur voix. Les salari\u00e9s de l\u2019entreprise Le Petit vapoteur se sont mobilis\u00e9s. Ils protestent contre l\u2019article 23 du Projet de Loi de Finances 2026, actuellement d\u00e9battu \u00e0 l\u2019Assembl\u00e9e nationale, qui menace l\u2019existence de sa soci\u00e9t\u00e9 cherbourgeoise, leader europ\u00e9en de la vente en ligne de cigarettes \u00e9lectroniques. Le texte pr\u00e9voit notamment l\u2019imposition d\u2019une taxe sur les produits e-liquides, l\u2019interdiction de vente des produits vape aux 3 500 boutiques non agr\u00e9\u00e9es par l\u2019\u00c9tat, ainsi que la vente sur Internet.&#10;Tanguy Gr\u00e9ard et Olivier Dr\u00e9an  les dirigeants ont pris la parole devant les 350 personnes rassembl\u00e9s place du Th\u00e9\u00e2tre.\" width=\"681\" height=\"640\"\/><br \/>\n    Ce mercredi 5\u00a0novembre 2025, 350\u00a0personnes se sont r\u00e9unies \u00e0 Cherbourg-en-Cotentin (Manche) en soutien \u00e0 la fili\u00e8re de la vape, menac\u00e9e par l\u2019article\u00a023 du projet de loi de finances 2026. \u00a9Jean-Paul BARBIER<\/p>\n<p class=\" wall-content\">Ana\u00efs, comptable, est du m\u00eame avis\u2009: <b>\u00ab\u2009\u00c7a serait un drame pour tous ceux qui veulent arr\u00eater de fumer\u2009\u00bb.<\/b><\/p>\n<p class=\" wall-content\">En effet, \u00ab\u2009la vape sauve, c\u2019est l\u2019outil de sevrage tabagique<b> le plus efficace\u2009<\/b>\u00bb, est l\u2019argument principal avanc\u00e9 par les collaborateurs et leurs dirigeants, Tanguy Gr\u00e9ard et Olivier Dr\u00e9an.<\/p>\n<p class=\" wall-content\">C\u2019est ce qu\u2019ils ont rappel\u00e9 lors de leur prise de parole devant les <b>350<\/b> manifestants, salari\u00e9s et soutiens\u2009: \u00ab\u2009Quand nous avons cr\u00e9\u00e9 le Petit Vapoteur il y a 15 ans, nous \u00e9tions deux amis, convaincus que la cigarette \u00e9lectronique pouvait aider les fumeurs \u00e0 arr\u00eater de fumer. Nous avons accompagn\u00e9 plus de<b> 3\u2009000 clients sur le chemin d\u2019une vie sans tabac<\/b>, et pourtant, aujourd\u2019hui, nos sommes menac\u00e9s\u2009\u00bb.<\/p>\n<p>    <img   decoding=\"async\" loading=\"lazy\" class=\"size-large\" src=\"https:\/\/www.europesays.com\/fr\/wp-content\/uploads\/2025\/11\/4be779ed3b0964fe779ed3b0974f77v-960x640.jpg\" alt=\"Cherbourg-en-Cotentin, le 4 novembre.&#10;Ils ont d\u00e9cid\u00e9 de faire entendre leur voix. Les salari\u00e9s de l\u2019entreprise Le Petit vapoteur se sont mobilis\u00e9s. Ils protestent contre l\u2019article 23 du Projet de Loi de Finances 2026, actuellement d\u00e9battu \u00e0 l\u2019Assembl\u00e9e nationale, qui menace l\u2019existence de sa soci\u00e9t\u00e9 cherbourgeoise, leader europ\u00e9en de la vente en ligne de cigarettes \u00e9lectroniques. Le texte pr\u00e9voit notamment l\u2019imposition d\u2019une taxe sur les produits e-liquides, l\u2019interdiction de vente des produits vape aux 3 500 boutiques non agr\u00e9\u00e9es par l\u2019\u00c9tat, ainsi que la vente sur Internet.&#10;Tanguy Gr\u00e9ard et Olivier Dr\u00e9an  les dirigeants ont pris la parole devant les 350 personnes rassembl\u00e9s place du Th\u00e9\u00e2tre.\" width=\"960\" height=\"640\"\/><br \/>\n    Tanguy Gr\u00e9ard et Olivier Dr\u00e9an, cofondateurs du Petit Vapoteur. \u00a9Jean-Paul BARBIER<\/p>\n<p class=\" wall-content\">Ils r\u00e9clament donc des amendements pour cesser de \u00ab\u2009punir les professionnels qui se battent jour apr\u00e8s jour pour offrir <b>une alternative cr\u00e9dible au tabac<\/b>\u2009\u00bb.<\/p>\n<p class=\" wall-content\">Personnalisez votre actualit\u00e9 en ajoutant vos villes et m\u00e9dias en favori avec <a href=\"https:\/\/moncompte.actu.fr\" title=\"D\u00e9couvez Mon Actu\" rel=\"nofollow noopener\" data-trk=\"{&quot;cta&quot;:{&quot;action&quot;:&quot;https:\\\/\\\/moncompte.actu.fr&quot;,&quot;category&quot;:&quot;mon compte&quot;,&quot;from&quot;:&quot;article footer&quot;,&quot;name&quot;:&quot;Mon actu&quot;,&quot;type&quot;:&quot;cta&quot;}}\" target=\"_blank\">Mon Actu<\/a>.<\/p>\n<p>                    <script async src=\"\/\/www.tiktok.com\/embed.js\"><\/script><\/p>\n","protected":false},"excerpt":{"rendered":"Par Juliette Voisin Publi\u00e9 le 5 nov. 2025 \u00e0 16h22 \u00ab\u2009Lecornu, t\u2019es foutu, la vape est dans la&hellip;\n","protected":false},"author":2,"featured_media":515098,"comment_status":"","ping_status":"","sticky":false,"template":"","format":"standard","meta":{"footnotes":""},"categories":[2],"tags":[11,6584,3168,33,1011,27,1272,12],"class_list":{"0":"post-515097","1":"post","2":"type-post","3":"status-publish","4":"format-standard","5":"has-post-thumbnail","7":"category-actualites","8":"tag-actualites","9":"tag-cigarette-electronique","10":"tag-cotentin","11":"tag-economie","12":"tag-fr","13":"tag-france","14":"tag-manifestations","15":"tag-news"},"share_on_mastodon":{"url":"https:\/\/pubeurope.com\/@fr\/115500925263159084","error":""},"_links":{"self":[{"href":"https:\/\/www.europesays.com\/fr\/wp-json\/wp\/v2\/posts\/515097","targetHints":{"allow":["GET"]}}],"collection":[{"href":"https:\/\/www.europesays.com\/fr\/wp-json\/wp\/v2\/posts"}],"about":[{"href":"https:\/\/www.europesays.com\/fr\/wp-json\/wp\/v2\/types\/post"}],"author":[{"embeddable":true,"href":"https:\/\/www.europesays.com\/fr\/wp-json\/wp\/v2\/users\/2"}],"replies":[{"embeddable":true,"href":"https:\/\/www.europesays.com\/fr\/wp-json\/wp\/v2\/comments?post=515097"}],"version-history":[{"count":0,"href":"https:\/\/www.europesays.com\/fr\/wp-json\/wp\/v2\/posts\/515097\/revisions"}],"wp:featuredmedia":[{"embeddable":true,"href":"https:\/\/www.europesays.com\/fr\/wp-json\/wp\/v2\/media\/515098"}],"wp:attachment":[{"href":"https:\/\/www.europesays.com\/fr\/wp-json\/wp\/v2\/media?parent=515097"}],"wp:term":[{"taxonomy":"category","embeddable":true,"href":"https:\/\/www.europesays.com\/fr\/wp-json\/wp\/v2\/categories?post=515097"},{"taxonomy":"post_tag","embeddable":true,"href":"https:\/\/www.europesays.com\/fr\/wp-json\/wp\/v2\/tags?post=515097"}],"curies":[{"name":"wp","href":"https:\/\/api.w.org\/{rel}","templated":true}]}}