{"id":515099,"date":"2025-11-06T04:43:43","date_gmt":"2025-11-06T04:43:43","guid":{"rendered":"https:\/\/www.europesays.com\/fr\/515099\/"},"modified":"2025-11-06T04:43:43","modified_gmt":"2025-11-06T04:43:43","slug":"ils-trouvent-refuge-a-langelus-et-aux-marmousets","status":"publish","type":"post","link":"https:\/\/www.europesays.com\/fr\/515099\/","title":{"rendered":"ils trouvent refuge \u00e0 l\u2019Ang\u00e9lus et aux Marmousets"},"content":{"rendered":"<p>Ce jeudi 6\u00a0novembre, les Maisons d\u2019enfants \u00e0 caract\u00e8re social (MECS) l\u2019Ang\u00e9lus et les Marmousets f\u00eatent respectivement leurs 90e et 70e anniversaires. Ces deux structures sont g\u00e9r\u00e9es par l\u2019Association pour l\u2019enfant et sa famille, association pr\u00e9sid\u00e9e par le Docteur Blanchon.<\/p>\n<p>Les plus jeunes enfants et les mamans accueillis \u00e0 L\u2019Ang\u00e9lus<\/p>\n<p>L\u2019Ang\u00e9lus est une institution historique \u00e0 Saint-\u00c9tienne, souvent mentionn\u00e9e comme la plus ancienne maison d\u2019enfants de la ville. L\u2019\u00e9tablissement, initialement une pouponni\u00e8re, a \u00e9t\u00e9 fond\u00e9 dans les ann\u00e9es 1930, juste avant la Seconde Guerre mondiale. Des sources indiquent l\u2019ann\u00e9e 1942 comme date d\u2019ouverture de cette maison sous sa forme actuelle.<\/p>\n<p>L\u2019institut accueille des enfants dont les familles se trouvent en difficult\u00e9 et ne peuvent assumer totalement ou partiellement la charge et l\u2019\u00e9ducation de&#8230;<\/p>\n","protected":false},"excerpt":{"rendered":"Ce jeudi 6\u00a0novembre, les Maisons d\u2019enfants \u00e0 caract\u00e8re social (MECS) l\u2019Ang\u00e9lus et les Marmousets f\u00eatent respectivement leurs 90e&hellip;\n","protected":false},"author":2,"featured_media":515100,"comment_status":"","ping_status":"","sticky":false,"template":"","format":"standard","meta":{"footnotes":""},"categories":[9653],"tags":[1111,11,2430,7539,1777,674,1011,27,12,25,4001,7538,801],"class_list":{"0":"post-515099","1":"post","2":"type-post","3":"status-publish","4":"format-standard","5":"has-post-thumbnail","7":"category-saint-etienne","8":"tag-actu","9":"tag-actualites","10":"tag-auvergne-rhone-alpes","11":"tag-edition-loire-sud","12":"tag-eu","13":"tag-europe","14":"tag-fr","15":"tag-france","16":"tag-news","17":"tag-republique-francaise","18":"tag-saint-etienne","19":"tag-saint-etienne-ville","20":"tag-social"},"share_on_mastodon":{"url":"https:\/\/pubeurope.com\/@fr\/115500928450077967","error":""},"_links":{"self":[{"href":"https:\/\/www.europesays.com\/fr\/wp-json\/wp\/v2\/posts\/515099","targetHints":{"allow":["GET"]}}],"collection":[{"href":"https:\/\/www.europesays.com\/fr\/wp-json\/wp\/v2\/posts"}],"about":[{"href":"https:\/\/www.europesays.com\/fr\/wp-json\/wp\/v2\/types\/post"}],"author":[{"embeddable":true,"href":"https:\/\/www.europesays.com\/fr\/wp-json\/wp\/v2\/users\/2"}],"replies":[{"embeddable":true,"href":"https:\/\/www.europesays.com\/fr\/wp-json\/wp\/v2\/comments?post=515099"}],"version-history":[{"count":0,"href":"https:\/\/www.europesays.com\/fr\/wp-json\/wp\/v2\/posts\/515099\/revisions"}],"wp:featuredmedia":[{"embeddable":true,"href":"https:\/\/www.europesays.com\/fr\/wp-json\/wp\/v2\/media\/515100"}],"wp:attachment":[{"href":"https:\/\/www.europesays.com\/fr\/wp-json\/wp\/v2\/media?parent=515099"}],"wp:term":[{"taxonomy":"category","embeddable":true,"href":"https:\/\/www.europesays.com\/fr\/wp-json\/wp\/v2\/categories?post=515099"},{"taxonomy":"post_tag","embeddable":true,"href":"https:\/\/www.europesays.com\/fr\/wp-json\/wp\/v2\/tags?post=515099"}],"curies":[{"name":"wp","href":"https:\/\/api.w.org\/{rel}","templated":true}]}}