{"id":515108,"date":"2025-11-06T04:51:11","date_gmt":"2025-11-06T04:51:11","guid":{"rendered":"https:\/\/www.europesays.com\/fr\/515108\/"},"modified":"2025-11-06T04:51:11","modified_gmt":"2025-11-06T04:51:11","slug":"hype-occ-le-festival-de-danses-hip-hop-debarque-a-montpellier","status":"publish","type":"post","link":"https:\/\/www.europesays.com\/fr\/515108\/","title":{"rendered":"Hype Occ, le festival de danses hip-hop, d\u00e9barque \u00e0 Montpellier"},"content":{"rendered":"<p>            Par<br \/>\n        <strong><br \/>\n            <a href=\"https:\/\/actu.fr\/auteur\/metropoop\" title=\"Consulter tous les articles de R\u00e9daction M\u00e9tropolitain\" target=\"_blank\" rel=\"noopener\">R\u00e9daction M\u00e9tropolitain<\/a><br \/>\n        <\/strong><\/p>\n<p>        Publi\u00e9 le<\/p>\n<p>            6 nov. 2025 \u00e0 5h14        <\/p>\n<p>Apr\u00e8s un mois \u00e0 travers l\u2019Occitanie, <strong>Hype Occ<\/strong>, <strong>le festival de danses hip-hop<\/strong> arrive \u00e0 <strong>Montpellier<\/strong>. Du 6 au 15 novembre, battles, spectacles, projections, workshops et soir\u00e9es festives vous attendent. Soit <strong>deux semaines de danse<\/strong>, d\u2019\u00e9nergie et de vibes hip-hop &amp; afro-urbaines dans toute la ville.<\/p>\n<p>Dans des lieux embl\u00e9matiques<\/p>\n<p class=\" wall-content\">Apr\u00e8s avoir fait vibrer Perpignan, Foix et Tarbes, Hype Occ revient dans la ville qui l\u2019a vu na\u00eetre en 2023 pour une quinzaine festive, riche en cr\u00e9ations, battles, projections et rencontres. Du 6 au 15 novembre, le festival s\u2019installe dans les lieux embl\u00e9matiques de Montpellier (Agora, Halle Tropisme, Maison pour Tous Louis Feuillade, Cin\u00e9ma Utopia, Hangar Th\u00e9\u00e2tre\u2026) pour une v\u00e9ritable travers\u00e9e urbaine afin de c\u00e9l\u00e9brer la danse hip-hop sous toutes ses formes.<\/p>\n<p>    <a href=\"https:\/\/www.google.com\/maps\/embed?pb=!1m18!1m12!1m3!1d2888.4242597467733!2d3.8697096756226443!3d43.618527954673546!2m3!1f0!2f0!3f0!3m2!1i1024!2i768!4f13.1!3m3!1m2!1s0x12b6af19dd00b4f7%3A0xc0673dab98c8ca8d!2zSGFuZ2FyIFRow6nDonRyZQ!5e0!3m2!1sfr!2sfr!4v1762367096946!5m2!1sfr!2sfr\" title=\"Ouvrie le lien\" target=\"_blank\" rel=\"noopener\">Cliquez ici pour visualiser le contenu<\/a><\/p>\n<p class=\" wall-content\">Cette \u00e9dition pr\u00e9sente une programmation de la nouvelle sc\u00e8ne hip-hop avec des artistes tels que l\u2019inclassable Johanna Faye, l\u2019hypnotique duo Mazel Freten, ou encore l\u2019un des portraits de la s\u00e9rie \u00ab\u00a0Histoire(s) D\u00e9coloniale(s)\u00a0\u00bb de Betty Tchomanga, \u00ab\u00a0#Mulunesh\u00a0\u00bb interpr\u00e9t\u00e9 par la danseuse de Krump Ad\u00e9la\u00efde Desseauve. Le festival propose spectacles, performances et moments participatifs avec un grande battle-jam de fin. Hype Occ est aussi le rendez-vous des professionnels avec des workshops pour amateurs ou danseurs confirm\u00e9s, ainsi que deux rencontres professionnelles sur le th\u00e8me \u201cL\u2019action culturelle comme outil de coh\u00e9sion sociale\u201d.<\/p>\n<p>Une vision artistique et sociale<\/p>\n<p class=\" wall-content\">Port\u00e9 par Camin Aktion, Hype Occ c\u00e9l\u00e8bre la diversit\u00e9 des danses hip-hop et ses r\u00e9sonances toutes disciplines confondues : bboying\/bgirling, breaking, krump, waacking, house, \u00e9lectro, afro\u2026 Fid\u00e8le \u00e0 sa mission, l\u2019association d\u00e9fend un hip-hop humaniste et inclusif, o\u00f9 la danse est vecteur de respect, de diversit\u00e9 et de lien social.<\/p>\n<p>Vid\u00e9os : en ce moment sur Actu<\/p>\n<p class=\" wall-content\">Le programme #JeSuis favorise ainsi l\u2019acc\u00e8s \u00e0 la pratique artistique pour les jeunes en situation de pr\u00e9carit\u00e9, les personnes r\u00e9fugi\u00e9es, LGBTQIA+ ou sourdes, avec le soutien de la Caisse des D\u00e9p\u00f4ts et Consignations et de Montpellier M\u00e9diterran\u00e9e M\u00e9tropole. Le festival met \u00e9galement en \u0153uvre une billetterie solidaire et un accueil inclusif (LSF, PMR).<\/p>\n<p class=\" wall-content\">Jusque l\u00e0 concentr\u00e9 au Th\u00e9\u00e2tre d\u2019O, cette troisi\u00e8me \u00e9dition se d\u00e9ploie donc dans plusieurs lieux embl\u00e9matiques de Montpellier. Hype Occ relie ainsi les quartiers de La Mosson, Figuerolles, Boutonnet et l\u2019\u00c9cusson, invitant les publics \u00e0 vivre la danse autrement, entre sc\u00e8ne et espace urbain. Un festival o\u00f9 la danse r\u00e9unit, inspire et fait vibrer la ville au rythme d\u2019une programmation unique entre cr\u00e9ation, partage et inclusion.<\/p>\n<p>Votre r\u00e9gion, votre actu !<\/p>\n<p>Recevez chaque jour les infos qui comptent pour vous.<\/p>\n<p>\t<a href=\"https:\/\/actu.fr\/newsletter\" class=\"ac-btn ac-btn--corner ac-btn--medium ac-btn--blue800\" target=\"_blank\" rel=\"noopener\">S&rsquo;incrire<\/a><br \/>\nProgramme complet, r\u00e9servation et billetterie sur <a href=\"https:\/\/caminaktion.eu\/hypeocc-montpellier\/\" target=\"_blank\" rel=\"noopener\">caminaktion.eu<\/a>.<\/p>\n<p class=\" wall-content\">Personnalisez votre actualit\u00e9 en ajoutant vos villes et m\u00e9dias en favori avec <a href=\"https:\/\/moncompte.actu.fr\" title=\"D\u00e9couvez Mon Actu\" rel=\"nofollow noopener\" data-trk=\"{&quot;cta&quot;:{&quot;action&quot;:&quot;https:\\\/\\\/moncompte.actu.fr&quot;,&quot;category&quot;:&quot;mon compte&quot;,&quot;from&quot;:&quot;article footer&quot;,&quot;name&quot;:&quot;Mon actu&quot;,&quot;type&quot;:&quot;cta&quot;}}\" target=\"_blank\">Mon Actu<\/a>.<\/p>\n","protected":false},"excerpt":{"rendered":"Par R\u00e9daction M\u00e9tropolitain Publi\u00e9 le 6 nov. 2025 \u00e0 5h14 Apr\u00e8s un mois \u00e0 travers l\u2019Occitanie, Hype Occ,&hellip;\n","protected":false},"author":2,"featured_media":515109,"comment_status":"","ping_status":"","sticky":false,"template":"","format":"standard","meta":{"footnotes":""},"categories":[9599],"tags":[1111,11,5972,1777,674,1011,27,1652,2208,12,2680,25],"class_list":{"0":"post-515108","1":"post","2":"type-post","3":"status-publish","4":"format-standard","5":"has-post-thumbnail","7":"category-montpellier","8":"tag-actu","9":"tag-actualites","10":"tag-danse","11":"tag-eu","12":"tag-europe","13":"tag-fr","14":"tag-france","15":"tag-loisirs-culture","16":"tag-montpellier","17":"tag-news","18":"tag-occitanie","19":"tag-republique-francaise"},"share_on_mastodon":{"url":"https:\/\/pubeurope.com\/@fr\/115500959884574358","error":""},"_links":{"self":[{"href":"https:\/\/www.europesays.com\/fr\/wp-json\/wp\/v2\/posts\/515108","targetHints":{"allow":["GET"]}}],"collection":[{"href":"https:\/\/www.europesays.com\/fr\/wp-json\/wp\/v2\/posts"}],"about":[{"href":"https:\/\/www.europesays.com\/fr\/wp-json\/wp\/v2\/types\/post"}],"author":[{"embeddable":true,"href":"https:\/\/www.europesays.com\/fr\/wp-json\/wp\/v2\/users\/2"}],"replies":[{"embeddable":true,"href":"https:\/\/www.europesays.com\/fr\/wp-json\/wp\/v2\/comments?post=515108"}],"version-history":[{"count":0,"href":"https:\/\/www.europesays.com\/fr\/wp-json\/wp\/v2\/posts\/515108\/revisions"}],"wp:featuredmedia":[{"embeddable":true,"href":"https:\/\/www.europesays.com\/fr\/wp-json\/wp\/v2\/media\/515109"}],"wp:attachment":[{"href":"https:\/\/www.europesays.com\/fr\/wp-json\/wp\/v2\/media?parent=515108"}],"wp:term":[{"taxonomy":"category","embeddable":true,"href":"https:\/\/www.europesays.com\/fr\/wp-json\/wp\/v2\/categories?post=515108"},{"taxonomy":"post_tag","embeddable":true,"href":"https:\/\/www.europesays.com\/fr\/wp-json\/wp\/v2\/tags?post=515108"}],"curies":[{"name":"wp","href":"https:\/\/api.w.org\/{rel}","templated":true}]}}