{"id":515116,"date":"2025-11-06T04:56:16","date_gmt":"2025-11-06T04:56:16","guid":{"rendered":"https:\/\/www.europesays.com\/fr\/515116\/"},"modified":"2025-11-06T04:56:16","modified_gmt":"2025-11-06T04:56:16","slug":"grenoble-un-bebe-de-2-mois-enleve-un-mandat-darret-europeen-lance-contre-le-pere-linfo-re","status":"publish","type":"post","link":"https:\/\/www.europesays.com\/fr\/515116\/","title":{"rendered":"Grenoble : un b\u00e9b\u00e9 de 2 mois enlev\u00e9, un mandat d\u2019arr\u00eat europ\u00e9en lanc\u00e9 contre le p\u00e8re &#8211; LINFO.re"},"content":{"rendered":"<p>Plusieurs individus ont p\u00e9n\u00e9tr\u00e9 dans l\u2019appartement d\u2019une femme \u00e0 Grenoble afin d\u2019enlever son enfant, puis ont pris la fuite.<\/p>\n<p>\t\t\t\t\t\t<strong>Un enl\u00e8vement sous tension familiale<\/strong><\/p>\n<p style=\"text-align: justify;\">Dimanche 2 novembre, plusieurs personnes ont p\u00e9n\u00e9tr\u00e9 dans un appartement de <a href=\"https:\/\/www.linfo.re\/tags\/grenoble\" target=\"_blank\" rel=\"noopener\"><strong>Grenoble<\/strong><\/a> pour s\u2019emparer d\u2019un b\u00e9b\u00e9 de deux mois. Le parquet a confirm\u00e9 que le p\u00e8re est soup\u00e7onn\u00e9 d\u2019avoir pris l\u2019enfant par la contrainte avant de dispara\u00eetre. Une information judiciaire a \u00e9t\u00e9 ouverte pour \u00ab\u00a0soustraction de mineur par ascendant\u00a0\u00bb et \u00ab\u00a0violences volontaires aggrav\u00e9es\u00a0\u00bb.<\/p>\n<p><strong>Un mandat d\u2019arr\u00eat europ\u00e9en d\u00e9livr\u00e9<\/strong><\/p>\n<p style=\"text-align: justify;\">Les autorit\u00e9s ont lanc\u00e9 un mandat d\u2019arr\u00eat europ\u00e9en contre les personnes impliqu\u00e9es dans l\u2019<a href=\"https:\/\/www.linfo.re\/tags\/enlevement\" target=\"_blank\" rel=\"noopener\"><strong>enl\u00e8vement<\/strong><\/a>, dont le p\u00e8re du nourrisson. Aucune d\u00e9cision judiciaire n\u2019avait encore d\u00e9fini la garde de l\u2019enfant. Le parquet indique que les recherches se poursuivent pour localiser le b\u00e9b\u00e9 enlev\u00e9.<\/p>\n<p><strong>Une m\u00e8re victime de violences<\/strong><\/p>\n<p style=\"text-align: justify;\">La m\u00e8re a d\u00e9pos\u00e9 plainte apr\u00e8s les faits. Le couple vivait en Belgique avant leur s\u00e9paration. La jeune femme, victime de <a href=\"https:\/\/www.linfo.re\/tags\/violences-conjugales-4948\" target=\"_blank\" rel=\"noopener\">violences conjugales<\/a>, \u00e9tait rentr\u00e9e \u00e0 Grenoble le 17 octobre pour se r\u00e9fugier chez sa m\u00e8re.<\/p>\n<p style=\"text-align: justify;\">Sources\u00a0: 20minutes.fr &#8211; Leparisien.fr &#8211;\u00a0Le Dauphin\u00e9 Lib\u00e9r\u00e9<\/p>\n","protected":false},"excerpt":{"rendered":"Plusieurs individus ont p\u00e9n\u00e9tr\u00e9 dans l\u2019appartement d\u2019une femme \u00e0 Grenoble afin d\u2019enlever son enfant, puis ont pris la&hellip;\n","protected":false},"author":2,"featured_media":515117,"comment_status":"","ping_status":"","sticky":false,"template":"","format":"standard","meta":{"footnotes":""},"categories":[9566],"tags":[1111,47,11,2430,2716,1777,674,118,37208,1011,27,2731,1922,12,25],"class_list":{"0":"post-515116","1":"post","2":"type-post","3":"status-publish","4":"format-standard","5":"has-post-thumbnail","7":"category-grenoble","8":"tag-actu","9":"tag-actualite","10":"tag-actualites","11":"tag-auvergne-rhone-alpes","12":"tag-enlevement","13":"tag-eu","14":"tag-europe","15":"tag-faits-divers","16":"tag-faits-divers-france","17":"tag-fr","18":"tag-france","19":"tag-grenoble","20":"tag-info","21":"tag-news","22":"tag-republique-francaise"},"share_on_mastodon":{"url":"https:\/\/pubeurope.com\/@fr\/115500979501060569","error":""},"_links":{"self":[{"href":"https:\/\/www.europesays.com\/fr\/wp-json\/wp\/v2\/posts\/515116","targetHints":{"allow":["GET"]}}],"collection":[{"href":"https:\/\/www.europesays.com\/fr\/wp-json\/wp\/v2\/posts"}],"about":[{"href":"https:\/\/www.europesays.com\/fr\/wp-json\/wp\/v2\/types\/post"}],"author":[{"embeddable":true,"href":"https:\/\/www.europesays.com\/fr\/wp-json\/wp\/v2\/users\/2"}],"replies":[{"embeddable":true,"href":"https:\/\/www.europesays.com\/fr\/wp-json\/wp\/v2\/comments?post=515116"}],"version-history":[{"count":0,"href":"https:\/\/www.europesays.com\/fr\/wp-json\/wp\/v2\/posts\/515116\/revisions"}],"wp:featuredmedia":[{"embeddable":true,"href":"https:\/\/www.europesays.com\/fr\/wp-json\/wp\/v2\/media\/515117"}],"wp:attachment":[{"href":"https:\/\/www.europesays.com\/fr\/wp-json\/wp\/v2\/media?parent=515116"}],"wp:term":[{"taxonomy":"category","embeddable":true,"href":"https:\/\/www.europesays.com\/fr\/wp-json\/wp\/v2\/categories?post=515116"},{"taxonomy":"post_tag","embeddable":true,"href":"https:\/\/www.europesays.com\/fr\/wp-json\/wp\/v2\/tags?post=515116"}],"curies":[{"name":"wp","href":"https:\/\/api.w.org\/{rel}","templated":true}]}}