{"id":515122,"date":"2025-11-06T04:59:16","date_gmt":"2025-11-06T04:59:16","guid":{"rendered":"https:\/\/www.europesays.com\/fr\/515122\/"},"modified":"2025-11-06T04:59:16","modified_gmt":"2025-11-06T04:59:16","slug":"grand-est-les-nouveaux-ter-transfrontaliers-achetes-par-la-region-ne-peuvent-pas-rouler-sur-le-reseau-allemand","status":"publish","type":"post","link":"https:\/\/www.europesays.com\/fr\/515122\/","title":{"rendered":"Grand Est. Les nouveaux TER transfrontaliers achet\u00e9s par la r\u00e9gion ne peuvent pas rouler sur le r\u00e9seau allemand"},"content":{"rendered":"<p>Tout beaux, tout neufs, <a href=\"https:\/\/www.republicain-lorrain.fr\/transport\/2025\/11\/05\/les-nouveaux-ter-transfrontaliers-achetes-par-la-region-grand-est-ne-peuvent-pas-rouler-sur-le-reseau-allemand\" target=\"_blank\" rel=\"noopener\">les 30 TER transfrontaliers que la r\u00e9gion Grand Est a achet\u00e9s pour pr\u00e8s de 400\u00a0millions d\u2019euros ne peuvent pas rouler aujourd\u2019hui sur le r\u00e9seau allemand<\/a> , par exemple entre Metz, Strasbourg et Sarrebruck. M\u00eame s\u2019ils ont \u00e9t\u00e9 con\u00e7us avec les ing\u00e9nieurs allemands, les normes de freinage d\u2019urgence en vigueur outre-Rhin ne sont pas respect\u00e9es.<\/p>\n<p>\u00ab\u00a0Depuis le d\u00e9but de l\u2019ann\u00e9e, un dossier d\u2019homologation est en attente, car la norme sur le freinage d\u2019urgence a chang\u00e9 en Allemagne, une histoire de quelques secondes seulement\u00a0\u00bb, admet Thibaud Philipps, vice-pr\u00e9sident en charge de la mobilit\u00e9 de la r\u00e9gion Grand Est.<\/p>\n<p>Ce qui est le plus \u00e9tonnant c\u2019est que ces nouveaux autorails ont \u00e9t\u00e9 con\u00e7us par des ing\u00e9nieurs fran\u00e7ais\u2026 et allemands. \u00ab\u00a0Le projet incluait la r\u00e9gion Grand Est mais aussi les L\u00e4nder de Sarre, de Rh\u00e9nanie-Palatinat et du Bade-Wurtemberg, nous avons travaill\u00e9 ensemble \u00e0 la conception, \u00e0 l\u2019am\u00e9nagement, nous \u00e9tions loin de savoir que ces trains n\u2019allaient pas \u00eatre homologu\u00e9s \u00e0 cause d\u2019un changement au niveau de l\u2019\u00c9tat central allemand.\u00a0\u00bb<\/p>\n<p class=\"note\"> \u25b6 <a href=\"https:\/\/www.republicain-lorrain.fr\/transport\/2025\/11\/05\/les-nouveaux-ter-transfrontaliers-achetes-par-la-region-grand-est-ne-peuvent-pas-rouler-sur-le-reseau-allemand\" target=\"_blank\" rel=\"noopener\">\u2002Lire l\u2019int\u00e9gralit\u00e9 de ce papier chez nos confr\u00e8res du R\u00e9publicain lorrain<\/a><\/p>\n","protected":false},"excerpt":{"rendered":"Tout beaux, tout neufs, les 30 TER transfrontaliers que la r\u00e9gion Grand Est a achet\u00e9s pour pr\u00e8s de&hellip;\n","protected":false},"author":2,"featured_media":515123,"comment_status":"","ping_status":"","sticky":false,"template":"","format":"standard","meta":{"footnotes":""},"categories":[2820],"tags":[1111,11,2389,3542,4406,130,33,1777,674,107,1011,27,775,12,25,640,2803],"class_list":{"0":"post-515122","1":"post","2":"type-post","3":"status-publish","4":"format-standard","5":"has-post-thumbnail","7":"category-strasbourg","8":"tag-actu","9":"tag-actualites","10":"tag-alsace","11":"tag-circulation","12":"tag-commerce-et-services","13":"tag-consommation","14":"tag-economie","15":"tag-eu","16":"tag-europe","17":"tag-fil-info","18":"tag-fr","19":"tag-france","20":"tag-grand-est","21":"tag-news","22":"tag-republique-francaise","23":"tag-strasbourg","24":"tag-transport"},"share_on_mastodon":{"url":"https:\/\/pubeurope.com\/@fr\/115500991517811253","error":""},"_links":{"self":[{"href":"https:\/\/www.europesays.com\/fr\/wp-json\/wp\/v2\/posts\/515122","targetHints":{"allow":["GET"]}}],"collection":[{"href":"https:\/\/www.europesays.com\/fr\/wp-json\/wp\/v2\/posts"}],"about":[{"href":"https:\/\/www.europesays.com\/fr\/wp-json\/wp\/v2\/types\/post"}],"author":[{"embeddable":true,"href":"https:\/\/www.europesays.com\/fr\/wp-json\/wp\/v2\/users\/2"}],"replies":[{"embeddable":true,"href":"https:\/\/www.europesays.com\/fr\/wp-json\/wp\/v2\/comments?post=515122"}],"version-history":[{"count":0,"href":"https:\/\/www.europesays.com\/fr\/wp-json\/wp\/v2\/posts\/515122\/revisions"}],"wp:featuredmedia":[{"embeddable":true,"href":"https:\/\/www.europesays.com\/fr\/wp-json\/wp\/v2\/media\/515123"}],"wp:attachment":[{"href":"https:\/\/www.europesays.com\/fr\/wp-json\/wp\/v2\/media?parent=515122"}],"wp:term":[{"taxonomy":"category","embeddable":true,"href":"https:\/\/www.europesays.com\/fr\/wp-json\/wp\/v2\/categories?post=515122"},{"taxonomy":"post_tag","embeddable":true,"href":"https:\/\/www.europesays.com\/fr\/wp-json\/wp\/v2\/tags?post=515122"}],"curies":[{"name":"wp","href":"https:\/\/api.w.org\/{rel}","templated":true}]}}