{"id":515130,"date":"2025-11-06T05:03:39","date_gmt":"2025-11-06T05:03:39","guid":{"rendered":"https:\/\/www.europesays.com\/fr\/515130\/"},"modified":"2025-11-06T05:03:39","modified_gmt":"2025-11-06T05:03:39","slug":"cecile-kohler-et-jacques-paris-liberes-de-prison-le-soulagement-de-leurs-soutiens-a","status":"publish","type":"post","link":"https:\/\/www.europesays.com\/fr\/515130\/","title":{"rendered":"C\u00e9cile Kohler et Jacques Paris lib\u00e9r\u00e9s de prison : le \u00ab\u00a0soulagement\u00a0\u00bb de leurs soutiens \u00e0"},"content":{"rendered":"<p>Au t\u00e9l\u00e9phone, on per\u00e7oit le soulagement au son de sa voix. On lui apprend presque la nouvelle. <a href=\"https:\/\/nantes.maville.com\/actu\/actudet_-cecile-kohler-et-jacques-paris-les-deux-francais-retenus-en-iran-ont-ete-liberes-de-prison-_52716-7049803_actu.Htm\" target=\"_self\" rel=\"noopener\">Jacques Paris et C\u00e9cile Kohler ont \u00e9t\u00e9 lib\u00e9r\u00e9s de la prison en Iran, o\u00f9 ils \u00e9taient d\u00e9tenus.<\/a> Emmanuel Macron, le Pr\u00e9sident de la R\u00e9publique l\u2019a annonc\u00e9 sur X. <strong>\u00ab\u00a0On avait des signes mais\u2026 on ne voulait pas se r\u00e9jouir trop t\u00f4t<\/strong>, dit Marie-Brigitte Huet, porte-parole du comit\u00e9 de soutien de Jacques Paris. <strong>Trois ans et demi de d\u00e9tention. Il \u00e9tait temps que \u00e7a s\u2019arr\u00eate\u2026 Tellement de fois, on y a cru, mais cela ne s\u2019est pas concr\u00e9tis\u00e9.\u00a0\u00bb<\/strong><\/p>\n<p>\u00ab\u00a0Il faut qu\u2019ils soient rapatri\u00e9s\u00a0\u00bb<\/p>\n<p>Marie-Brigitte Huet a \u00e9t\u00e9 enseignante au lyc\u00e9e Clemenceau \u00e0 Nantes (Loire-Atlantique). C\u2019est l\u00e0 qu\u2019elle a connu Jacques Paris. <strong>\u00ab\u00a0\u00c7a faisait 38\u00a0ans\u00a0\u00bb<\/strong> se souvient-elle. <strong>\u00ab\u00a0Moi j\u2019\u00e9tais professeur d\u2019allemand, lui de math\u00e9matique.\u00a0\u00bb<\/strong>\u00a0Le comit\u00e9 de soutien rassemble des enseignants, des personnels administratifs et aussi des agents d\u2019entretien. Certains sont \u00e0 la retraite, d\u2019autres toujours en activit\u00e9.<strong> \u00ab\u00a0Il y a aussi quelques anciens \u00e9l\u00e8ves.\u00a0\u00bb<\/strong><\/p>\n<p><strong>\u00ab\u00a0Nous \u00e9tions en lien avec la famille.\u00a0\u00bb<\/strong> \u00c0 chaque moment important, <strong>\u00ab\u00a0en fonction des d\u00e9clarations, des \u00e9v\u00e8nements g\u00e9opolitiques. Par exemple quand la prison o\u00f9 ils se trouvaient avait \u00e9t\u00e9 bombard\u00e9e.\u00a0\u00bb<\/strong><\/p>\n<p>Marie-Brigitte Huet songe au retour des deux ex-otages. <strong>\u00ab\u00a0Il faut qu\u2019ils soient rapatri\u00e9s, maintenant.\u00a0\u00bb<\/strong> Viendra le temps de la reconstruction. A-t-elle h\u00e2te de revoir Jacques Paris et C\u00e9cile Kohler, qu\u2019elle conna\u00eet aussi\u00a0? <strong>\u00ab\u00a0On verra cela en lien avec la famille\u00a0\u00bb<\/strong>, r\u00e9pond-elle sur un ton mesur\u00e9 et tr\u00e8s prudent.<\/p>\n<p>\u00a0<\/p>\n","protected":false},"excerpt":{"rendered":"Au t\u00e9l\u00e9phone, on per\u00e7oit le soulagement au son de sa voix. On lui apprend presque la nouvelle. Jacques&hellip;\n","protected":false},"author":2,"featured_media":515131,"comment_status":"","ping_status":"","sticky":false,"template":"","format":"standard","meta":{"footnotes":""},"categories":[2818],"tags":[1111,11,15887,1777,674,1011,27,19023,19022,63562,2047,766,12,626,2636,806,25,58494,44946],"class_list":{"0":"post-515130","1":"post","2":"type-post","3":"status-publish","4":"format-standard","5":"has-post-thumbnail","7":"category-nantes","8":"tag-actu","9":"tag-actualites","10":"tag-cecile","11":"tag-eu","12":"tag-europe","13":"tag-fr","14":"tag-france","15":"tag-jacques","16":"tag-kohler","17":"tag-liberes","18":"tag-mans","19":"tag-nantes","20":"tag-news","21":"tag-paris","22":"tag-pays-de-la-loire","23":"tag-prison","24":"tag-republique-francaise","25":"tag-soulagement","26":"tag-soutiens"},"share_on_mastodon":{"url":"https:\/\/pubeurope.com\/@fr\/115501007115013771","error":""},"_links":{"self":[{"href":"https:\/\/www.europesays.com\/fr\/wp-json\/wp\/v2\/posts\/515130","targetHints":{"allow":["GET"]}}],"collection":[{"href":"https:\/\/www.europesays.com\/fr\/wp-json\/wp\/v2\/posts"}],"about":[{"href":"https:\/\/www.europesays.com\/fr\/wp-json\/wp\/v2\/types\/post"}],"author":[{"embeddable":true,"href":"https:\/\/www.europesays.com\/fr\/wp-json\/wp\/v2\/users\/2"}],"replies":[{"embeddable":true,"href":"https:\/\/www.europesays.com\/fr\/wp-json\/wp\/v2\/comments?post=515130"}],"version-history":[{"count":0,"href":"https:\/\/www.europesays.com\/fr\/wp-json\/wp\/v2\/posts\/515130\/revisions"}],"wp:featuredmedia":[{"embeddable":true,"href":"https:\/\/www.europesays.com\/fr\/wp-json\/wp\/v2\/media\/515131"}],"wp:attachment":[{"href":"https:\/\/www.europesays.com\/fr\/wp-json\/wp\/v2\/media?parent=515130"}],"wp:term":[{"taxonomy":"category","embeddable":true,"href":"https:\/\/www.europesays.com\/fr\/wp-json\/wp\/v2\/categories?post=515130"},{"taxonomy":"post_tag","embeddable":true,"href":"https:\/\/www.europesays.com\/fr\/wp-json\/wp\/v2\/tags?post=515130"}],"curies":[{"name":"wp","href":"https:\/\/api.w.org\/{rel}","templated":true}]}}