{"id":515132,"date":"2025-11-06T05:04:16","date_gmt":"2025-11-06T05:04:16","guid":{"rendered":"https:\/\/www.europesays.com\/fr\/515132\/"},"modified":"2025-11-06T05:04:16","modified_gmt":"2025-11-06T05:04:16","slug":"un-nouvel-arret-de-la-ligne-de-bus-pour-nantes-desservi-sur-lile-de-noirmoutier","status":"publish","type":"post","link":"https:\/\/www.europesays.com\/fr\/515132\/","title":{"rendered":"Un nouvel arr\u00eat de la ligne de bus pour Nantes desservi sur l&rsquo;\u00eele de Noirmoutier"},"content":{"rendered":"<p>            Par<br \/>\n        <strong><br \/>\n            <a href=\"https:\/\/actu.fr\/auteur\/laurine-pollavini\" title=\"Consulter tous les articles de Laurine Pollavini\" target=\"_blank\" rel=\"noopener\">Laurine Pollavini<\/a><br \/>\n        <\/strong><\/p>\n<p>        Publi\u00e9 le<\/p>\n<p>            5 nov. 2025 \u00e0 17h49        <\/p>\n<p>C\u2019est un am\u00e9nagement qui devrait faciliter grandement la vie des usagers. D\u00e9sormais, la commune de l\u2019<a href=\"https:\/\/actu.fr\/pays-de-la-loire\/l-epine_85083\" target=\"_blank\" rel=\"noopener\">\u00c9pine<\/a> est desservie par la ligne TER 13 Al\u00e9op. Cette ligne de car relie Nantes et l\u2019<a href=\"https:\/\/actu.fr\/tag\/ile-de-noirmoutier\" target=\"_blank\" rel=\"noopener\">\u00eele de Noirmoutier<\/a>. Jusqu\u2019\u00e0 pr\u00e9sent, l\u2019\u00c9pine \u00e9tait la seule commune de l\u2019\u00eele \u00e0 ne pas \u00eatre desservie.<\/p>\n<p>Un am\u00e9nagement<\/p>\n<p class=\" wall-content\">La commune avait entam\u00e9 des d\u00e9marches aupr\u00e8s de la R\u00e9gion afin de pouvoir b\u00e9n\u00e9ficier d\u2019un arr\u00eat sur la ligne. C\u2019est chose faite. L\u2019arr\u00eat sera desservi sur tous les trajets.<\/p>\n<p class=\" wall-content\">Afin que cette nouveaut\u00e9 puisse voir le jour, un am\u00e9nagement doit \u00eatre mis en place. Pour cela, deux encoches seront cr\u00e9\u00e9es de part et d\u2019autre de la route d\u00e9partementale 38 afin que les v\u00e9hicules puissent se stationner en toute s\u00e9curit\u00e9. Deux abris bus seront \u00e9galement install\u00e9s.\u00a0Un passage pi\u00e9ton sera am\u00e9nag\u00e9 au niveau du rond-point.<\/p>\n<p class=\" wall-content\">Les travaux devraient se d\u00e9rouler courant novembre. L\u2019arr\u00eat devrait \u00eatre desservi d\u00e8s le 13\u00a0d\u00e9cembre.<\/p>\n<p class=\" wall-content\">Personnalisez votre actualit\u00e9 en ajoutant vos villes et m\u00e9dias en favori avec <a href=\"https:\/\/moncompte.actu.fr\" title=\"D\u00e9couvez Mon Actu\" rel=\"nofollow noopener\" data-trk=\"{&quot;cta&quot;:{&quot;action&quot;:&quot;https:\\\/\\\/moncompte.actu.fr&quot;,&quot;category&quot;:&quot;mon compte&quot;,&quot;from&quot;:&quot;article footer&quot;,&quot;name&quot;:&quot;Mon actu&quot;,&quot;type&quot;:&quot;cta&quot;}}\" target=\"_blank\">Mon Actu<\/a>.<\/p>\n","protected":false},"excerpt":{"rendered":"Par Laurine Pollavini Publi\u00e9 le 5 nov. 2025 \u00e0 17h49 C\u2019est un am\u00e9nagement qui devrait faciliter grandement la&hellip;\n","protected":false},"author":2,"featured_media":515133,"comment_status":"","ping_status":"","sticky":false,"template":"","format":"standard","meta":{"footnotes":""},"categories":[2818],"tags":[1111,11,1777,674,1011,27,42736,766,12,2636,25,104,2803],"class_list":{"0":"post-515132","1":"post","2":"type-post","3":"status-publish","4":"format-standard","5":"has-post-thumbnail","7":"category-nantes","8":"tag-actu","9":"tag-actualites","10":"tag-eu","11":"tag-europe","12":"tag-fr","13":"tag-france","14":"tag-ile-de-noirmoutier","15":"tag-nantes","16":"tag-news","17":"tag-pays-de-la-loire","18":"tag-republique-francaise","19":"tag-societe","20":"tag-transport"},"share_on_mastodon":{"url":"https:\/\/pubeurope.com\/@fr\/115501010992583933","error":""},"_links":{"self":[{"href":"https:\/\/www.europesays.com\/fr\/wp-json\/wp\/v2\/posts\/515132","targetHints":{"allow":["GET"]}}],"collection":[{"href":"https:\/\/www.europesays.com\/fr\/wp-json\/wp\/v2\/posts"}],"about":[{"href":"https:\/\/www.europesays.com\/fr\/wp-json\/wp\/v2\/types\/post"}],"author":[{"embeddable":true,"href":"https:\/\/www.europesays.com\/fr\/wp-json\/wp\/v2\/users\/2"}],"replies":[{"embeddable":true,"href":"https:\/\/www.europesays.com\/fr\/wp-json\/wp\/v2\/comments?post=515132"}],"version-history":[{"count":0,"href":"https:\/\/www.europesays.com\/fr\/wp-json\/wp\/v2\/posts\/515132\/revisions"}],"wp:featuredmedia":[{"embeddable":true,"href":"https:\/\/www.europesays.com\/fr\/wp-json\/wp\/v2\/media\/515133"}],"wp:attachment":[{"href":"https:\/\/www.europesays.com\/fr\/wp-json\/wp\/v2\/media?parent=515132"}],"wp:term":[{"taxonomy":"category","embeddable":true,"href":"https:\/\/www.europesays.com\/fr\/wp-json\/wp\/v2\/categories?post=515132"},{"taxonomy":"post_tag","embeddable":true,"href":"https:\/\/www.europesays.com\/fr\/wp-json\/wp\/v2\/tags?post=515132"}],"curies":[{"name":"wp","href":"https:\/\/api.w.org\/{rel}","templated":true}]}}