{"id":51514,"date":"2025-04-25T10:24:12","date_gmt":"2025-04-25T10:24:12","guid":{"rendered":"https:\/\/www.europesays.com\/fr\/51514\/"},"modified":"2025-04-25T10:24:12","modified_gmt":"2025-04-25T10:24:12","slug":"le-gabarit-hors-norme-de-marcin-bulka-a-sa-naissance-ligue-1-j31-psg-nice","status":"publish","type":"post","link":"https:\/\/www.europesays.com\/fr\/51514\/","title":{"rendered":"Le gabarit hors-norme de Marcin Bulka \u00e0 sa naissance &#8211; Ligue 1 &#8211; J31 &#8211; PSG-Nice"},"content":{"rendered":"<p>Beau b\u00e9b\u00e9.<\/p>\n<p>Certains naissent avec une cuill\u00e8re en argent dans la bouche, Marcin Bulka, lui, avec des gants taille adulte aux mains. Dans L\u2019\u00c9quipe, on apprend que le gardien de l\u2019OGC Nice <strong>\u00e9tait d\u00e9j\u00e0 une masse \u00e0 peine sortie du ventre de sa m\u00e8re.<\/strong><\/p>\n<p>\u00ab\u00a0Quand on est arriv\u00e9 \u00e0 l\u2019h\u00f4pital pour la naissance de Marcin, le docteur nous a dit : \u201cAh, vous \u00eates venus voir <a target=\"_blank\" href=\"https:\/\/www.google.com\/search?q=golota&amp;client=firefox-b-d&amp;sca_esv=daf07b3e4903b956&amp;sxsrf=AHTn8zpMLp-CkFsjesk40kbcRVNkhXcRUg%3A1745571037814&amp;ei=3UwLaNDBMZ2bkdUP177l8Q8&amp;ved=0ahUKEwiQpI7t5vKMAxWdTaQEHVdfOf4Q4dUDCBA&amp;uact=5&amp;oq=golota&amp;gs_lp=Egxnd3Mtd2l6LXNlcnAiBmdvbG90YTIKECMYgAQYJxiKBTIKEC4YgAQYFBiHAjIFEAAYgAQyBRAAGIAEMgUQABiABDIFEAAYgAQyBRAAGIAEMgoQABiABBgKGMsBMggQABiABBjLATIIEAAYgAQYywEyGRAuGIAEGBQYhwIYlwUY3AQY3gQY3wTYAQFI_gxQsARYygtwAXgAkAEAmAFZoAHOA6oBATa4AQPIAQD4AQGYAgegAqoEwgILEAAYgAQYsAMYogTCAggQABiwAxjvBcICBBAjGCfCAgoQLhiABBhDGIoFwgILEAAYgAQYsQMYgwHCAhEQLhiABBixAxjRAxiDARjHAcICDhAuGIAEGMcBGI4FGK8BwgIKEC4YgAQYJxiKBcICFhAuGIAEGLEDGNEDGEMYgwEYxwEYigXCAhAQABiABBixAxhDGIMBGIoFwgIIEAAYgAQYsQPCAgoQABiABBhDGIoFwgIIEC4YgAQYsQPCAg4QABiABBiSAxi4BBiKBcICCBAAGIAEGJIDwgITEC4YgAQYsQMYQxiDARjUAhiKBZgDAIgGAZAGA7oGBggBEAEYFJIHATegB9-CAbIHATa4B5sE&amp;sclient=gws-wiz-serp\" rel=\"nofollow noopener\">Golota<\/a> !\u201d\u00a0\u00bb a d\u00e9clar\u00e9 Wieslaw, son oncle de 55 ans. Quand il est n\u00e9, il mesurait 62 cm et pesait 5,140 kg.\u201d Normalement, ce sont les dimensions d\u2019un mini-frigo, pas d\u2019un b\u00e9b\u00e9. Aujourd\u2019hui, il culmine \u00e0 2 m\u00e8tres pour 99 kg.<\/p>\n<p>Diagnostiqu\u00e9 diab\u00e9tique \u00e0 sa naissance<\/p>\n<p>En grandissant, le gardien des Aiglons a connu une m\u00e9saventure plus probl\u00e9matique. <strong>Il a \u00e9t\u00e9 diagnostiqu\u00e9 diab\u00e9tique durant son adolescence.<\/strong> \u00ab\u202fQuand le docteur a d\u00e9couvert \u00e7a, il lui a interdit de devenir professionnel\u202f\u00bb, raconte sa tante Agnieszka, toujours dans <a target=\"_blank\" href=\"https:\/\/www.lequipe.fr\/Football\/Actualites\/-il-a-eu-besoin-de-beaucoup-de-discipline-pour-maitriser-la-maladie-comment-marcin-bulka-a-dompte-son-diabete\/1556815\" rel=\"nofollow noopener\">L\u2019\u00c9quipe<\/a>.<\/p>\n<p>Apr\u00e8s ce choc, Marcin trouve un autre m\u00e9decin qui lui dit le contraire : \u00ab\u202fLe sport \u00e9tait justement bon pour ce qu\u2019il avait.\u202f\u00bb Hospitalis\u00e9 plusieurs mois pour cette maladie, Bulka a d\u00fb <strong>faire preuve d\u2019une grande discipline<\/strong>. \u00ab\u202fIl a ma\u00eetris\u00e9 la maladie\u202f\u00bb , a confi\u00e9 Marek Brzozowski, l\u2019un de ses anciens coachs.<\/p>\n<p>Une ma\u00eetrise qui le caract\u00e9rise bien et qui sera d\u00e9terminante ce soir face au PSG, son ancien club, si lui et ses co\u00e9quipiers veulent devenir la premi\u00e8re \u00e9quipe <a target=\"_blank\" href=\"https:\/\/www.sofoot.com\/articles\/ligue-1-le-psg-de-luis-enrique-digne-successeur-des-invincibles-du-fc-nantes\" rel=\"nofollow noopener\">\u00e0 faire tomber les hommes d\u2019Enrique sur la sc\u00e8ne nationale cette saison.<\/a><\/p>\n<p>\t\t\t\t\t\t\t\t\t\t<a class=\"lien-connexe\" href=\"https:\/\/www.sofoot.com\/breves\/une-collaboration-entre-le-gym-et-nice-matin-pour-feter-les-80-ans-du-journal\" rel=\"nofollow noopener\" target=\"_blank\">Une collaboration entre le Gym et Nice-Matin pour f\u00eater les 80 ans du journal<\/a>\t\t\t\t\t<\/p>\n","protected":false},"excerpt":{"rendered":"Beau b\u00e9b\u00e9. Certains naissent avec une cuill\u00e8re en argent dans la bouche, Marcin Bulka, lui, avec des gants&hellip;\n","protected":false},"author":2,"featured_media":51515,"comment_status":"","ping_status":"","sticky":false,"template":"","format":"standard","meta":{"footnotes":""},"categories":[2819],"tags":[1111,47,11,61,69,65,64,1777,674,63,1011,27,68,66,12,62,2401,70,882,25,67],"class_list":{"0":"post-51514","1":"post","2":"type-post","3":"status-publish","4":"format-standard","5":"has-post-thumbnail","7":"category-nice","8":"tag-actu","9":"tag-actualite","10":"tag-actualites","11":"tag-actus-football","12":"tag-bundesliga","13":"tag-championnats-europeens","14":"tag-equipe-de-france","15":"tag-eu","16":"tag-europe","17":"tag-football","18":"tag-fr","19":"tag-france","20":"tag-ligua","21":"tag-ligue-1","22":"tag-news","23":"tag-news-foot","24":"tag-nice","25":"tag-premier-league","26":"tag-provence-alpes-cote-dazur","27":"tag-republique-francaise","28":"tag-serie-a"},"share_on_mastodon":{"url":"https:\/\/pubeurope.com\/@fr\/114398118864533768","error":""},"_links":{"self":[{"href":"https:\/\/www.europesays.com\/fr\/wp-json\/wp\/v2\/posts\/51514","targetHints":{"allow":["GET"]}}],"collection":[{"href":"https:\/\/www.europesays.com\/fr\/wp-json\/wp\/v2\/posts"}],"about":[{"href":"https:\/\/www.europesays.com\/fr\/wp-json\/wp\/v2\/types\/post"}],"author":[{"embeddable":true,"href":"https:\/\/www.europesays.com\/fr\/wp-json\/wp\/v2\/users\/2"}],"replies":[{"embeddable":true,"href":"https:\/\/www.europesays.com\/fr\/wp-json\/wp\/v2\/comments?post=51514"}],"version-history":[{"count":0,"href":"https:\/\/www.europesays.com\/fr\/wp-json\/wp\/v2\/posts\/51514\/revisions"}],"wp:featuredmedia":[{"embeddable":true,"href":"https:\/\/www.europesays.com\/fr\/wp-json\/wp\/v2\/media\/51515"}],"wp:attachment":[{"href":"https:\/\/www.europesays.com\/fr\/wp-json\/wp\/v2\/media?parent=51514"}],"wp:term":[{"taxonomy":"category","embeddable":true,"href":"https:\/\/www.europesays.com\/fr\/wp-json\/wp\/v2\/categories?post=51514"},{"taxonomy":"post_tag","embeddable":true,"href":"https:\/\/www.europesays.com\/fr\/wp-json\/wp\/v2\/tags?post=51514"}],"curies":[{"name":"wp","href":"https:\/\/api.w.org\/{rel}","templated":true}]}}