{"id":515144,"date":"2025-11-06T05:11:14","date_gmt":"2025-11-06T05:11:14","guid":{"rendered":"https:\/\/www.europesays.com\/fr\/515144\/"},"modified":"2025-11-06T05:11:14","modified_gmt":"2025-11-06T05:11:14","slug":"le-rappeur-damso-en-concert-a-marseille-en-avril-2026","status":"publish","type":"post","link":"https:\/\/www.europesays.com\/fr\/515144\/","title":{"rendered":"Le rappeur Damso en concert \u00e0 Marseille en avril 2026"},"content":{"rendered":"<p>Une belle surprise pour ses fans marseillais. \u00c0 l&rsquo;occasion de son dernier album sorti en mai, <a href=\"https:\/\/www.laprovence.com\/article\/culture-loisirs\/7315252808269414\/deja-complet-a-marseille-le-rappeur-damso-annonce-plusieurs-sessions-decoute-privees-pour-son-prochain-projet\" target=\"_blank\" rel=\"noopener\">Damso<\/a> annonce une tourn\u00e9e \u00e0 travers toute la France au printemps 2026, dont une date \u00e0 Marseille. Le rappeur se produira <a href=\"https:\/\/www.laprovence.com\/article\/sorties-loisirs\/5246659\/le-rap-obscur-de-damso-au-dome.html\" target=\"_blank\" rel=\"noopener\">sur la sc\u00e8ne du D\u00f4me<\/a>, le 26\u00a0avril pour le \u00ab\u00a0Beyah Tour\u00a0\u00bb.<\/p>\n<p>L&rsquo;artiste belge entamera sa tourn\u00e9e \u00e0 Rouen, le 2\u00a0avril et se produira ensuite dans plusieurs villes de France, dont Toulouse, Brest ou encore Nice, juste avant de se rendre dans la cit\u00e9 phoc\u00e9enne. Damso se rendra \u00e9galement en Suisse, Belgique et au Canada.<\/p>\n<p>Des billets \u00e0 se procurer d\u00e8s novembre<\/p>\n<p>Ceux qui souhaitent aller voir le rappeur pourront obtenir des places d&rsquo;ici peu. Les pr\u00e9ventes ouvriront d\u00e8s ce jeudi 6\u00a0novembre \u00e0 midi. La billetterie g\u00e9n\u00e9rale, quant \u00e0 elle, sera ouverte le vendredi 7\u00a0novembre \u00e0 midi.<\/p>\n<p>Ses fans pourront ainsi d\u00e9couvrir sur sc\u00e8ne son album \u00ab\u00a0Beyah\u00a0\u00bb qui s&rsquo;\u00e9tait \u00e9coul\u00e9 \u00e0 pr\u00e8s de 57\u00a0000 exemplaires d\u00e8s la premi\u00e8re semaine de sa sortie, se classant en juin comme le 2e meilleur d\u00e9marrage d&rsquo;album de rap de l&rsquo;ann\u00e9e 2025.<\/p>\n","protected":false},"excerpt":{"rendered":"Une belle surprise pour ses fans marseillais. \u00c0 l&rsquo;occasion de son dernier album sorti en mai, Damso annonce&hellip;\n","protected":false},"author":2,"featured_media":515145,"comment_status":"","ping_status":"","sticky":false,"template":"","format":"standard","meta":{"footnotes":""},"categories":[2814],"tags":[17,5734,1111,11,3270,1697,251,23412,1777,674,1011,27,884,12,882,6198,25],"class_list":{"0":"post-515144","1":"post","2":"type-post","3":"status-publish","4":"format-standard","5":"has-post-thumbnail","7":"category-marseille","8":"tag-17","9":"tag-5734","10":"tag-actu","11":"tag-actualites","12":"tag-avril","13":"tag-concert","14":"tag-culture","15":"tag-damso","16":"tag-eu","17":"tag-europe","18":"tag-fr","19":"tag-france","20":"tag-marseille","21":"tag-news","22":"tag-provence-alpes-cote-dazur","23":"tag-rappeur","24":"tag-republique-francaise"},"share_on_mastodon":{"url":"https:\/\/pubeurope.com\/@fr\/115501038704214477","error":""},"_links":{"self":[{"href":"https:\/\/www.europesays.com\/fr\/wp-json\/wp\/v2\/posts\/515144","targetHints":{"allow":["GET"]}}],"collection":[{"href":"https:\/\/www.europesays.com\/fr\/wp-json\/wp\/v2\/posts"}],"about":[{"href":"https:\/\/www.europesays.com\/fr\/wp-json\/wp\/v2\/types\/post"}],"author":[{"embeddable":true,"href":"https:\/\/www.europesays.com\/fr\/wp-json\/wp\/v2\/users\/2"}],"replies":[{"embeddable":true,"href":"https:\/\/www.europesays.com\/fr\/wp-json\/wp\/v2\/comments?post=515144"}],"version-history":[{"count":0,"href":"https:\/\/www.europesays.com\/fr\/wp-json\/wp\/v2\/posts\/515144\/revisions"}],"wp:featuredmedia":[{"embeddable":true,"href":"https:\/\/www.europesays.com\/fr\/wp-json\/wp\/v2\/media\/515145"}],"wp:attachment":[{"href":"https:\/\/www.europesays.com\/fr\/wp-json\/wp\/v2\/media?parent=515144"}],"wp:term":[{"taxonomy":"category","embeddable":true,"href":"https:\/\/www.europesays.com\/fr\/wp-json\/wp\/v2\/categories?post=515144"},{"taxonomy":"post_tag","embeddable":true,"href":"https:\/\/www.europesays.com\/fr\/wp-json\/wp\/v2\/tags?post=515144"}],"curies":[{"name":"wp","href":"https:\/\/api.w.org\/{rel}","templated":true}]}}