{"id":515150,"date":"2025-11-06T05:14:12","date_gmt":"2025-11-06T05:14:12","guid":{"rendered":"https:\/\/www.europesays.com\/fr\/515150\/"},"modified":"2025-11-06T05:14:12","modified_gmt":"2025-11-06T05:14:12","slug":"le-trace-longe-une-ecole-dans-le-quartier-des-brotteaux-des-elus-sonnent-lalerte","status":"publish","type":"post","link":"https:\/\/www.europesays.com\/fr\/515150\/","title":{"rendered":"le trac\u00e9 longe une \u00e9cole dans le quartier des Brotteaux, des \u00e9lus sonnent l\u2019alerte"},"content":{"rendered":"<p>\u00ab\u00a0Le dossier ne tient pas la route\u00a0!\u00a0\u00bb. Au conseil du 6e \u00a0arrondissement de Lyon, ce mardi soir, Romain Billard, conseiller municipal (LR) a le sens de la formule.\u00a0En cause, l\u2019emplacement du terminus et l\u2019itin\u00e9raire de retournement du futur bus \u00e0 haut niveau de service (BHNS) entre Lyon et Tr\u00e9voux, financ\u00e9 par la R\u00e9gion Auvergne-Rh\u00f4ne-Alpes et l\u2019\u00c9tat.<\/p>\n<p>D\u2019abord, le terminus. Pr\u00e9vu initialement \u00e0 <a href=\"https:\/\/www.leprogres.fr\/transport\/2023\/12\/28\/une-ancienne-voie-ferree-utilisee-par-des-bus-reliant-trevoux-a-lyon-part-dieu\" target=\"_blank\" rel=\"noopener\">la Part-Dieu,<\/a> on parle finalement d\u2019une localisation dans le 6e\u00a0 arrondissement, au 1 boulevard Jules-Favre, \u00ab\u00a0\u00e0 quelque 600 m\u00e8tres de la gare de la Part-Dieu\u00a0\u00bb, pointe la centriste Laurence Croizier.\u00a0La Ville de Lyon,&#8230;<\/p>\n","protected":false},"excerpt":{"rendered":"\u00ab\u00a0Le dossier ne tient pas la route\u00a0!\u00a0\u00bb. Au conseil du 6e \u00a0arrondissement de Lyon, ce mardi soir, Romain&hellip;\n","protected":false},"author":2,"featured_media":515151,"comment_status":"","ping_status":"","sticky":false,"template":"","format":"standard","meta":{"footnotes":""},"categories":[1889],"tags":[1111,11,2430,2757,1777,674,107,1011,27,2428,14926,2802,12,316,25,2429,2803],"class_list":{"0":"post-515150","1":"post","2":"type-post","3":"status-publish","4":"format-standard","5":"has-post-thumbnail","7":"category-lyon","8":"tag-actu","9":"tag-actualites","10":"tag-auvergne-rhone-alpes","11":"tag-edition-lyon-villeurbanne","12":"tag-eu","13":"tag-europe","14":"tag-fil-info","15":"tag-fr","16":"tag-france","17":"tag-lyon","18":"tag-lyon-6e","19":"tag-lyon-6e-arrondissement","20":"tag-news","21":"tag-politique","22":"tag-republique-francaise","23":"tag-rhone","24":"tag-transport"},"share_on_mastodon":{"url":"https:\/\/pubeurope.com\/@fr\/115501050319868608","error":""},"_links":{"self":[{"href":"https:\/\/www.europesays.com\/fr\/wp-json\/wp\/v2\/posts\/515150","targetHints":{"allow":["GET"]}}],"collection":[{"href":"https:\/\/www.europesays.com\/fr\/wp-json\/wp\/v2\/posts"}],"about":[{"href":"https:\/\/www.europesays.com\/fr\/wp-json\/wp\/v2\/types\/post"}],"author":[{"embeddable":true,"href":"https:\/\/www.europesays.com\/fr\/wp-json\/wp\/v2\/users\/2"}],"replies":[{"embeddable":true,"href":"https:\/\/www.europesays.com\/fr\/wp-json\/wp\/v2\/comments?post=515150"}],"version-history":[{"count":0,"href":"https:\/\/www.europesays.com\/fr\/wp-json\/wp\/v2\/posts\/515150\/revisions"}],"wp:featuredmedia":[{"embeddable":true,"href":"https:\/\/www.europesays.com\/fr\/wp-json\/wp\/v2\/media\/515151"}],"wp:attachment":[{"href":"https:\/\/www.europesays.com\/fr\/wp-json\/wp\/v2\/media?parent=515150"}],"wp:term":[{"taxonomy":"category","embeddable":true,"href":"https:\/\/www.europesays.com\/fr\/wp-json\/wp\/v2\/categories?post=515150"},{"taxonomy":"post_tag","embeddable":true,"href":"https:\/\/www.europesays.com\/fr\/wp-json\/wp\/v2\/tags?post=515150"}],"curies":[{"name":"wp","href":"https:\/\/api.w.org\/{rel}","templated":true}]}}