{"id":515160,"date":"2025-11-06T05:22:12","date_gmt":"2025-11-06T05:22:12","guid":{"rendered":"https:\/\/www.europesays.com\/fr\/515160\/"},"modified":"2025-11-06T05:22:12","modified_gmt":"2025-11-06T05:22:12","slug":"paris-basketball-bayern-munich-a-quelle-heure-et-sur-quelle-chaine-tv-voir-le-match-deuroligue","status":"publish","type":"post","link":"https:\/\/www.europesays.com\/fr\/515160\/","title":{"rendered":"Paris Basketball &#8211; Bayern Munich : \u00e0 quelle heure et sur quelle cha\u00eene TV voir le match d\u2019Euroligue ?"},"content":{"rendered":"<p class=\"paragraph text_align_left lp-f-body-02\">Avec quatre victoires et quatre d\u00e9faites en 8 journ\u00e9es, le Paris Basketball d\u00e9fie le Bayern Munich ce jeudi 6 novembre avec l\u2019ambition de faire un r\u00e9sultat devant son public. <\/p>\n<p class=\"paragraph text_align_left lp-f-body-02\">Les co\u00e9quipiers de Nadir Hifi, qui ont encha\u00een\u00e9 deux d\u00e9faites de suite en Euroligue dont la derni\u00e8re <a href=\"https:\/\/www.leparisien.fr\/sports\/basket\/milan-paris-basketball-a-quelle-heure-et-sur-quelle-chaine-tv-suivre-le-match-de-la-8e-journee-deuroligue-30-10-2025-P22A6RJFQ5G6VCVSJQPE7HCMWM.php\" target=\"_self\" rel=\"nofollow noopener\">contre Milan<\/a> (86-77) o\u00f9 ils n\u2019ont pas exist\u00e9 pendant 20 minutes, doivent imp\u00e9rativement s\u2019imposer pour essayer de renouer avec le top 4 dont ils faisaient partie au d\u00e9but de la saison.<\/p>\n<p class=\"paragraph text_align_left lp-f-body-02\">De son c\u00f4t\u00e9, le Bayern Munich est 12e avec le m\u00eame bilan que le club de <a href=\"https:\/\/www.leparisien.fr\/sports\/basket\/\" target=\"_blank\" rel=\"noreferrer nofollow noopener\">basket <\/a>de la capitale. Le club bavarois reste tout de m\u00eame sur deux succ\u00e8s de rang contre le Real Madrid (90-84) et le Virtus Bologna (86-70).<\/p>\n<p class=\"paragraph text_align_left lp-f-body-02\"><b>La rencontre entre le Paris Basketball et le Bayern Munich sera diffus\u00e9e sur Skweek et La cha\u00eene l\u2019Equipe ce jeudi 6 novembre. Le coup d\u2019envoi est pr\u00e9vu \u00e0 20h45.<\/b><\/p>\n","protected":false},"excerpt":{"rendered":"Avec quatre victoires et quatre d\u00e9faites en 8 journ\u00e9es, le Paris Basketball d\u00e9fie le Bayern Munich ce jeudi&hellip;\n","protected":false},"author":2,"featured_media":515161,"comment_status":"","ping_status":"","sticky":false,"template":"","format":"standard","meta":{"footnotes":""},"categories":[1888],"tags":[11,1465,1777,674,1011,27,12,626,25,60],"class_list":{"0":"post-515160","1":"post","2":"type-post","3":"status-publish","4":"format-standard","5":"has-post-thumbnail","7":"category-paris","8":"tag-actualites","9":"tag-basket","10":"tag-eu","11":"tag-europe","12":"tag-fr","13":"tag-france","14":"tag-news","15":"tag-paris","16":"tag-republique-francaise","17":"tag-sports"},"share_on_mastodon":{"url":"","error":""},"_links":{"self":[{"href":"https:\/\/www.europesays.com\/fr\/wp-json\/wp\/v2\/posts\/515160","targetHints":{"allow":["GET"]}}],"collection":[{"href":"https:\/\/www.europesays.com\/fr\/wp-json\/wp\/v2\/posts"}],"about":[{"href":"https:\/\/www.europesays.com\/fr\/wp-json\/wp\/v2\/types\/post"}],"author":[{"embeddable":true,"href":"https:\/\/www.europesays.com\/fr\/wp-json\/wp\/v2\/users\/2"}],"replies":[{"embeddable":true,"href":"https:\/\/www.europesays.com\/fr\/wp-json\/wp\/v2\/comments?post=515160"}],"version-history":[{"count":0,"href":"https:\/\/www.europesays.com\/fr\/wp-json\/wp\/v2\/posts\/515160\/revisions"}],"wp:featuredmedia":[{"embeddable":true,"href":"https:\/\/www.europesays.com\/fr\/wp-json\/wp\/v2\/media\/515161"}],"wp:attachment":[{"href":"https:\/\/www.europesays.com\/fr\/wp-json\/wp\/v2\/media?parent=515160"}],"wp:term":[{"taxonomy":"category","embeddable":true,"href":"https:\/\/www.europesays.com\/fr\/wp-json\/wp\/v2\/categories?post=515160"},{"taxonomy":"post_tag","embeddable":true,"href":"https:\/\/www.europesays.com\/fr\/wp-json\/wp\/v2\/tags?post=515160"}],"curies":[{"name":"wp","href":"https:\/\/api.w.org\/{rel}","templated":true}]}}