{"id":515170,"date":"2025-11-06T05:27:14","date_gmt":"2025-11-06T05:27:14","guid":{"rendered":"https:\/\/www.europesays.com\/fr\/515170\/"},"modified":"2025-11-06T05:27:14","modified_gmt":"2025-11-06T05:27:14","slug":"allemagne-un-bebe-tres-grand-premature-sauve-contre-toute-attente-linfo-re","status":"publish","type":"post","link":"https:\/\/www.europesays.com\/fr\/515170\/","title":{"rendered":"Allemagne : un b\u00e9b\u00e9 tr\u00e8s grand pr\u00e9matur\u00e9 sauv\u00e9 contre toute attente &#8211; LINFO.re"},"content":{"rendered":"<p>N\u00e9e avec seize semaines d\u2019avance \u00e0 l\u2019h\u00f4pital universitaire de Magdebourg, une petite fille allemande a d\u00e9fi\u00e9 tous les pronostics. Ses chances de survie n\u2019\u00e9taient que de 25\u00a0%, mais apr\u00e8s deux mois de soins intensifs, elle est aujourd\u2019hui en parfaite sant\u00e9.<\/p>\n<p>\u00c0 l\u2019h\u00f4pital universitaire de Magdebourg, une petite fille est n\u00e9e apr\u00e8s seulement 24 semaines de grossesse, soit seize semaines avant le terme. \u00c0 sa naissance, les m\u00e9decins n\u2019accordaient \u00e0 ce b\u00e9b\u00e9 tr\u00e8s grand pr\u00e9matur\u00e9 qu\u2019une chance sur quatre de survivre.<\/p>\n<p>Plac\u00e9e imm\u00e9diatement en couveuse et sous assistance respiratoire, l\u2019enfant a pass\u00e9 pr\u00e8s de deux mois en soins intensifs.<\/p>\n<p>Aujourd\u2019hui, la fillette respire seule et affiche une sant\u00e9 remarquable. Ses parents ont enfin pu la ramener chez eux, apr\u00e8s des semaines d\u2019hospitalisation.<\/p>\n<\/p>\n<p>&gt;<\/p>\n","protected":false},"excerpt":{"rendered":"N\u00e9e avec seize semaines d\u2019avance \u00e0 l\u2019h\u00f4pital universitaire de Magdebourg, une petite fille allemande a d\u00e9fi\u00e9 tous les&hellip;\n","protected":false},"author":2,"featured_media":515171,"comment_status":"","ping_status":"","sticky":false,"template":"","format":"standard","meta":{"footnotes":""},"categories":[1587],"tags":[47,11,672,1804,1805,1803,1777,674,1801,6335,1922,74,12,7224,1802],"class_list":{"0":"post-515170","1":"post","2":"type-post","3":"status-publish","4":"format-standard","5":"has-post-thumbnail","7":"category-allemagne","8":"tag-actualite","9":"tag-actualites","10":"tag-allemagne","11":"tag-bundesrepublik-deutschland","12":"tag-de","13":"tag-deutschland","14":"tag-eu","15":"tag-europe","16":"tag-germany","17":"tag-home-page","18":"tag-info","19":"tag-monde","20":"tag-news","21":"tag-newsletter-soir","22":"tag-republique-federale-dallemagne"},"share_on_mastodon":{"url":"https:\/\/pubeurope.com\/@fr\/115501101508133148","error":""},"_links":{"self":[{"href":"https:\/\/www.europesays.com\/fr\/wp-json\/wp\/v2\/posts\/515170","targetHints":{"allow":["GET"]}}],"collection":[{"href":"https:\/\/www.europesays.com\/fr\/wp-json\/wp\/v2\/posts"}],"about":[{"href":"https:\/\/www.europesays.com\/fr\/wp-json\/wp\/v2\/types\/post"}],"author":[{"embeddable":true,"href":"https:\/\/www.europesays.com\/fr\/wp-json\/wp\/v2\/users\/2"}],"replies":[{"embeddable":true,"href":"https:\/\/www.europesays.com\/fr\/wp-json\/wp\/v2\/comments?post=515170"}],"version-history":[{"count":0,"href":"https:\/\/www.europesays.com\/fr\/wp-json\/wp\/v2\/posts\/515170\/revisions"}],"wp:featuredmedia":[{"embeddable":true,"href":"https:\/\/www.europesays.com\/fr\/wp-json\/wp\/v2\/media\/515171"}],"wp:attachment":[{"href":"https:\/\/www.europesays.com\/fr\/wp-json\/wp\/v2\/media?parent=515170"}],"wp:term":[{"taxonomy":"category","embeddable":true,"href":"https:\/\/www.europesays.com\/fr\/wp-json\/wp\/v2\/categories?post=515170"},{"taxonomy":"post_tag","embeddable":true,"href":"https:\/\/www.europesays.com\/fr\/wp-json\/wp\/v2\/tags?post=515170"}],"curies":[{"name":"wp","href":"https:\/\/api.w.org\/{rel}","templated":true}]}}