{"id":515184,"date":"2025-11-06T05:36:17","date_gmt":"2025-11-06T05:36:17","guid":{"rendered":"https:\/\/www.europesays.com\/fr\/515184\/"},"modified":"2025-11-06T05:36:17","modified_gmt":"2025-11-06T05:36:17","slug":"le-tirage-des-groupes-devoile-jeudi-la-derniere-place-toujours-en-jeu","status":"publish","type":"post","link":"https:\/\/www.europesays.com\/fr\/515184\/","title":{"rendered":"le tirage des groupes d\u00e9voil\u00e9 jeudi, la derni\u00e8re place toujours en jeu"},"content":{"rendered":"<p>                <img decoding=\"async\" src=\"https:\/\/www.europesays.com\/fr\/wp-content\/uploads\/2025\/11\/v4u2.jpg\" fetchpriority=\"high\" alt=\"ATP Finals : le tirage des groupes d\u00e9voil\u00e9 jeudi, la derni\u00e8re place toujours en jeu\"\/><\/p>\n<p>L\u2019ATP l\u00e8vera le voile sur les groupes du Masters de Turin ce jeudi \u00e0 12h00 (heure fran\u00e7aise). Novak Djokovic n\u2019a pas encore confirm\u00e9 sa participation, tandis que Musetti et Auger-Aliassime se disputent le dernier ticket.<\/p>\n<p>Les sept joueurs officiellement qualifi\u00e9s pour les ATP Finals vont bient\u00f4t conna\u00eetre leur sort. Si la huiti\u00e8me et derni\u00e8re place se joue toujours entre F\u00e9lix Auger-Aliassime et Lorenzo Musetti, l\u2019ATP d\u00e9voilera les deux groupes du Masters jeudi \u00e0 12h00 (heure fran\u00e7aise).<\/p>\n<p>La comp\u00e9tition d\u00e9marrera quant \u00e0 elle dimanche et se terminera le week-end suivant. Carlos Alcaraz, Jannik Sinner, Novak Djokovic, Alexander Zverev, Taylor Fritz, Ben Shelton et Alex de Minaur sont les joueurs assur\u00e9s d\u2019\u00eatre \u00e0 Turin.<\/p>\n<p>Bien que d\u00e9j\u00e0 qualifi\u00e9, Djokovic entretient le suspense quant \u00e0 sa participation, tandis que Musetti tente de d\u00e9passer Auger-Aliassime \u00e0 la Race. Pour l\u2019heure, le Canadien d\u00e9tient le dernier billet pour Turin.<\/p>\n","protected":false},"excerpt":{"rendered":"L\u2019ATP l\u00e8vera le voile sur les groupes du Masters de Turin ce jeudi \u00e0 12h00 (heure fran\u00e7aise). Novak&hellip;\n","protected":false},"author":2,"featured_media":515185,"comment_status":"","ping_status":"","sticky":false,"template":"","format":"standard","meta":{"footnotes":""},"categories":[1415],"tags":[1011,27,60,1467],"class_list":{"0":"post-515184","1":"post","2":"type-post","3":"status-publish","4":"format-standard","5":"has-post-thumbnail","7":"category-tennis","8":"tag-fr","9":"tag-france","10":"tag-sports","11":"tag-tennis"},"share_on_mastodon":{"url":"https:\/\/pubeurope.com\/@fr\/115501137396229481","error":""},"_links":{"self":[{"href":"https:\/\/www.europesays.com\/fr\/wp-json\/wp\/v2\/posts\/515184","targetHints":{"allow":["GET"]}}],"collection":[{"href":"https:\/\/www.europesays.com\/fr\/wp-json\/wp\/v2\/posts"}],"about":[{"href":"https:\/\/www.europesays.com\/fr\/wp-json\/wp\/v2\/types\/post"}],"author":[{"embeddable":true,"href":"https:\/\/www.europesays.com\/fr\/wp-json\/wp\/v2\/users\/2"}],"replies":[{"embeddable":true,"href":"https:\/\/www.europesays.com\/fr\/wp-json\/wp\/v2\/comments?post=515184"}],"version-history":[{"count":0,"href":"https:\/\/www.europesays.com\/fr\/wp-json\/wp\/v2\/posts\/515184\/revisions"}],"wp:featuredmedia":[{"embeddable":true,"href":"https:\/\/www.europesays.com\/fr\/wp-json\/wp\/v2\/media\/515185"}],"wp:attachment":[{"href":"https:\/\/www.europesays.com\/fr\/wp-json\/wp\/v2\/media?parent=515184"}],"wp:term":[{"taxonomy":"category","embeddable":true,"href":"https:\/\/www.europesays.com\/fr\/wp-json\/wp\/v2\/categories?post=515184"},{"taxonomy":"post_tag","embeddable":true,"href":"https:\/\/www.europesays.com\/fr\/wp-json\/wp\/v2\/tags?post=515184"}],"curies":[{"name":"wp","href":"https:\/\/api.w.org\/{rel}","templated":true}]}}