{"id":515190,"date":"2025-11-06T05:42:14","date_gmt":"2025-11-06T05:42:14","guid":{"rendered":"https:\/\/www.europesays.com\/fr\/515190\/"},"modified":"2025-11-06T05:42:14","modified_gmt":"2025-11-06T05:42:14","slug":"je-me-sens-thibault-garcia-separe-de-jessica-thivenin-il-rac","status":"publish","type":"post","link":"https:\/\/www.europesays.com\/fr\/515190\/","title":{"rendered":"\u201cJe me sens\u2026\u201d, Thibault Garcia s\u00e9par\u00e9 de Jessica Thivenin, il rac &#8230;"},"content":{"rendered":"<p>EN BREF<\/p>\n<ul class=\"bloc_resume_post_list\">\n<li>Le 23 octobre, Thibault Garcia et Jessica Thivenin<br \/>\nannoncent leur divorce apr\u00e8s huit ans de relation.<\/li>\n<li>Thibault Garcia s\u00a0\u00bbexprime pour la premi\u00e8re fois apr\u00e8s<br \/>\ndeux semaines de silence, se disant apais\u00e9 et<br \/>\ntransform\u00e9.<\/li>\n<li>Il refuse de discuter publiquement du divorce,<br \/>\nprivil\u00e9giant le respect pour sa famille et une garde<br \/>\naltern\u00e9e.<\/li>\n<\/ul>\n<p class=\"p1\">Leur s\u00e9paration a pris leurs fans au d\u00e9pourvu. Jeudi<br \/>\n23 octobre, Thibault Garcia et Jessica Thivenin ont indiqu\u00e9 leur<br \/>\nchoix de <strong>divorcer<\/strong>, apr\u00e8s huit ans de relation et<br \/>\n<strong>sept ans de mariage<\/strong>. Les parents de Maylone et<br \/>\nLeewane, r\u00e9sidents \u00e0 Duba\u00ef, ont fait part de cette d\u00e9cision<br \/>\ndifficile dans deux publications sur Instagram.<\/p>\n<p class=\"p1\">D\u00e9sireuse d\u2019\u00eatre transparente avec ses abonn\u00e9s,<br \/>\nJessica Thivenin a r\u00e9v\u00e9l\u00e9 que <strong>son mari \u00e9tait \u00e0 l\u2019initiative<br \/>\nde leur divorce<\/strong>. Depuis, <a href=\"https:\/\/www.telestar.fr\/people\/thibault-ne-ma-jamais-trompee-en-larmes-jessica-thivenin-sort-du-silence-apres-sa-rupture-avec-thibault-garcia-1743003\" target=\"_blank\" rel=\"noopener\"><br \/>\nla jeune femme est apparue effondr\u00e9e<\/a> \u00e0 de nombreuses reprises<br \/>\ndans ses stories. Elle est cependant d\u00e9termin\u00e9e \u00e0 se relever.<\/p>\n<p>Thibault Garcia sort du silence pour la premi\u00e8re<br \/>\nfois<\/p>\n<p class=\"p1\">Durant deux semaines, Thibault Garcia a d\u00e9cid\u00e9 de<br \/>\n<strong>d\u00e9serter les r\u00e9seaux sociaux<\/strong>. Mercredi 5 novembre,<br \/>\nil a cependant publi\u00e9 une vid\u00e9o o\u00f9 <strong>il s\u2019exprime pour la<br \/>\npremi\u00e8re fois<\/strong>. \u201cJ\u2019ai pris du recul sur les r\u00e9seaux,<br \/>\nj\u2019ai fait un retrait \u00e9motionnel. Aujourd\u2019hui, je me retrouve<br \/>\napais\u00e9. J\u2019avais besoin de me retrouver en paix avec moi-m\u00eame. Je ne<br \/>\npeux pas vous expliquer \u00e0 quel point cette p\u00e9riode m\u2019a transform\u00e9,<br \/>\nchang\u00e9\u201d, a-t-il commenc\u00e9.<\/p>\n<p class=\"p1\">D\u00e9sormais, <a href=\"https:\/\/www.telestar.fr\/people\/jessica-thivenin-et-thibault-garcia-divorces-quelle-fortune-devront-ils-se-partager-1742811\" target=\"_blank\" rel=\"noopener\"><br \/>\ncelui qui va partager sa fortune avec Jessica Thivenin<\/a> souhaite<br \/>\n\u201crevenir doucement\u201d \u00e0 ses activit\u00e9s. Il a cependant<br \/>\n<strong>un nouveau regard<\/strong> sur lui-m\u00eame. \u201cAujourd\u2019hui,<br \/>\nje peux vous dire que je me sens heureux. Je suis tr\u00e8s fier du<br \/>\ncourage que j\u2019ai eu d\u2019affronter cette situation\u201d, a-t-il<br \/>\npoursuivi.<\/p>\n<blockquote class=\"tiktok-embed\" cite=\"https:\/\/www.tiktok.com\/@thibaultgarcia\/video\/7569231893980318997\" data-video-id=\"7569231893980318997\" style=\"max-width: 605px;min-width: 325px;\"><p>\n<a target=\"_blank\" href=\"https:\/\/www.tiktok.com\/@thibaultgarcia\/video\/7569231893980318997\" rel=\"noopener\"><img decoding=\"async\" src=\"https:\/\/www.tiktok.com\/img\/logo.png\" alt=\"TikTok Logo\"\/><\/a>\n<\/p><\/blockquote>\n<p>L\u2019influenceur ne souhaite pas parler<br \/>\nde son divorce<\/p>\n<p class=\"p1\">Si la s\u00e9paration entre Thibault Garcia et Jessica<br \/>\nThivenin est au c\u0153ur des discussions, le principal concern\u00e9 ne<br \/>\nsouhaite <strong>pas aborder le sujet<\/strong>. \u201cJe ne<br \/>\nrentrerai absolument pas dans \u00e7a par respect pour mes enfants, ma<br \/>\nfamille et aussi Jessica. Je ne parlerai jamais du divorce, parce<br \/>\nque c\u2019est quelque chose qui nous concerne, m\u00eame si on expose notre<br \/>\nvie depuis des ann\u00e9es. C\u2019est quelque chose qui nous<br \/>\nappartient\u201d, a-t-il affirm\u00e9.<\/p>\n<p class=\"p1\">Finalement, <a href=\"https:\/\/www.closermag.fr\/people\/les-enfants-etaient-trop-jessica-thivenin-et-thibault-garcia-divorces-la-reaction-de-leurs-enfants-devoilee-3589279\" target=\"_blank\" rel=\"noopener\">le papa de Maylone et Leewane<\/a> a<br \/>\nexpliqu\u00e9 qu\u2019il s\u2019\u00e9tait mis d\u2019accord avec Jessica Thivenin pour<br \/>\nfaire <strong>une garde altern\u00e9e<\/strong>. Il a ainsi indiqu\u00e9 :<br \/>\n\u201cJe profite avec mes enfants comme jamais je n\u2019ai profit\u00e9 avec<br \/>\neux\u201d. Une d\u00e9cision qu\u2019il ne semble pas regretter le moins du<br \/>\nmonde.<\/p>\n<p><script async src=\"\/\/www.tiktok.com\/embed.js\"><\/script><\/p>\n","protected":false},"excerpt":{"rendered":"EN BREF Le 23 octobre, Thibault Garcia et Jessica Thivenin annoncent leur divorce apr\u00e8s huit ans de relation.&hellip;\n","protected":false},"author":2,"featured_media":515191,"comment_status":"","ping_status":"","sticky":false,"template":"","format":"standard","meta":{"footnotes":""},"categories":[1359],"tags":[548,58,59,1011,27,60801,973],"class_list":{"0":"post-515190","1":"post","2":"type-post","3":"status-publish","4":"format-standard","5":"has-post-thumbnail","7":"category-people","8":"tag-article-simple","9":"tag-divertissement","10":"tag-entertainment","11":"tag-fr","12":"tag-france","13":"tag-jessica-thivenin","14":"tag-people"},"share_on_mastodon":{"url":"https:\/\/pubeurope.com\/@fr\/115501161244647847","error":""},"_links":{"self":[{"href":"https:\/\/www.europesays.com\/fr\/wp-json\/wp\/v2\/posts\/515190","targetHints":{"allow":["GET"]}}],"collection":[{"href":"https:\/\/www.europesays.com\/fr\/wp-json\/wp\/v2\/posts"}],"about":[{"href":"https:\/\/www.europesays.com\/fr\/wp-json\/wp\/v2\/types\/post"}],"author":[{"embeddable":true,"href":"https:\/\/www.europesays.com\/fr\/wp-json\/wp\/v2\/users\/2"}],"replies":[{"embeddable":true,"href":"https:\/\/www.europesays.com\/fr\/wp-json\/wp\/v2\/comments?post=515190"}],"version-history":[{"count":0,"href":"https:\/\/www.europesays.com\/fr\/wp-json\/wp\/v2\/posts\/515190\/revisions"}],"wp:featuredmedia":[{"embeddable":true,"href":"https:\/\/www.europesays.com\/fr\/wp-json\/wp\/v2\/media\/515191"}],"wp:attachment":[{"href":"https:\/\/www.europesays.com\/fr\/wp-json\/wp\/v2\/media?parent=515190"}],"wp:term":[{"taxonomy":"category","embeddable":true,"href":"https:\/\/www.europesays.com\/fr\/wp-json\/wp\/v2\/categories?post=515190"},{"taxonomy":"post_tag","embeddable":true,"href":"https:\/\/www.europesays.com\/fr\/wp-json\/wp\/v2\/tags?post=515190"}],"curies":[{"name":"wp","href":"https:\/\/api.w.org\/{rel}","templated":true}]}}