{"id":515198,"date":"2025-11-06T05:47:19","date_gmt":"2025-11-06T05:47:19","guid":{"rendered":"https:\/\/www.europesays.com\/fr\/515198\/"},"modified":"2025-11-06T05:47:19","modified_gmt":"2025-11-06T05:47:19","slug":"seul-un-expert-aura-plus-de-3-bonnes-reponses-a-ce-quiz-de-culture-generale-sur-la-grande-vadrouille","status":"publish","type":"post","link":"https:\/\/www.europesays.com\/fr\/515198\/","title":{"rendered":"Seul un expert aura plus de 3 bonnes r\u00e9ponses \u00e0 ce quiz de culture g\u00e9n\u00e9rale sur La Grande Vadrouille"},"content":{"rendered":"<p><p><a href=\"https:\/\/www.serieously.com\" rel=\"nofollow noopener\" target=\"_blank\">Accueil<\/a> &gt; <a href=\"https:\/\/www.serieously.com\/quiz\/\" rel=\"nofollow noopener\" target=\"_blank\">Quiz<\/a> &gt; Seul un expert aura plus de 3 bonnes r\u00e9ponses \u00e0 ce quiz de culture g\u00e9n\u00e9rale sur La Grande Vadrouille<\/p>\n<\/p>\n<p class=\"o-article__published-by o-article__bullets\">\n            Publi\u00e9 le<br \/>\n                        5 novembre 2025 \u00e0 19 h 20<\/p>\n<p>             Par<br \/>\n                <a href=\"https:\/\/www.serieously.com\/author\/drifa\/\" rel=\"nofollow noopener\" target=\"_blank\">Drifa<br \/>\n                    Maza<\/a><\/p>\n<p><strong>Si tu r\u00e9ponds correctement \u00e0 plus de 3 questions \u00e0 ce quiz de culture g\u00e9n\u00e9rale sur La Grande Vadrouille, tu prouveras que tu es un vrai spectateur fid\u00e8le de ce film fran\u00e7ais plus qu\u2019embl\u00e9matique ! <\/strong><\/p>\n<p>D\u00e9couvre si tu connais bien les secrets de tournage autour de la production de La Grande Vadrouille avec <a href=\"https:\/\/www.serieously.com\/tag\/louis-de-funes\/\" data-type=\"link\" data-id=\"https:\/\/www.serieously.com\/tag\/louis-de-funes\/\" target=\"_blank\" rel=\"noreferrer noopener nofollow\">Louis de Fun\u00e8s<\/a> et Bourvil avec ce quiz sp\u00e9cial en 5 questions. On compte sur toi pour obtenir plus de 3\/5 !<\/p>\n<p>Qui a r\u00e9alis\u00e9 le film La Grande Vadrouille ? <\/p>\n<p>\t\t\t\t\t<img decoding=\"async\" src=\"https:\/\/www.europesays.com\/fr\/wp-content\/uploads\/2025\/11\/imagecorniaudgrandevadrouille4-min.jpg\" alt=\"\u00a9 Valoria Films\" width=\"400\" height=\"225\" loading=\"lazy\" style=\"aspect-ratio: 16\/9; object-fit: cover;\"\/><\/p>\n<p>\u00a9 Valoria Films<\/p>\n<p>La Grande Vadrouille a \u00e9t\u00e9 r\u00e9alis\u00e9 par G\u00e9rard Oury.<\/p>\n<p>Vrai ou faux : le film La Grande Vadrouille devait, \u00e0 l&rsquo;origine, s&rsquo;appeler \u00ab\u00a0Les R\u00e9sistants s&rsquo;en vont loin !\u00a0\u00bb<\/p>\n<p>\t\t\t\t\t<img decoding=\"async\" src=\"https:\/\/www.europesays.com\/fr\/wp-content\/uploads\/2025\/08\/soeur-marie-odile-la-grande-vadrouille.jpg\" alt=\"\u00a9 Valoria Films\" width=\"400\" height=\"225\" loading=\"lazy\" style=\"aspect-ratio: 16\/9; object-fit: cover;\"\/><\/p>\n<p>\u00a9 Valoria Films<\/p>\n<p>Quelle sc\u00e8ne de La Grande Vadrouille a \u00e9t\u00e9 improvis\u00e9e ?<\/p>\n<p>\t\t\t\t\t<img decoding=\"async\" src=\"https:\/\/www.europesays.com\/fr\/wp-content\/uploads\/2025\/11\/stanislas-et-augustin-dans-la-grande-vadrouille.jpg\" alt=\"\u00a9 Valoria Films\" width=\"400\" height=\"225\" loading=\"lazy\" style=\"aspect-ratio: 16\/9; object-fit: cover;\"\/><\/p>\n<p>\u00a9 Valoria Films<\/p>\n<p>La sc\u00e8ne o\u00f9 Stanislas Lefort (Louis de Fun\u00e8s) se retrouve sur les \u00e9paules d\u2019Augustin Bouvet (Bourvil) a \u00e9t\u00e9 improvis\u00e9e par les deux acteurs.<\/p>\n<p>Parmi les personnages des trois Anglais, quel acteur est vraiment britannique ? <\/p>\n<p>\t\t\t\t\t<img decoding=\"async\" src=\"https:\/\/www.europesays.com\/fr\/wp-content\/uploads\/2025\/08\/alan-macintosh-reginald-brook-stanislas-lefort-et-augustin-bouvet-dans-la-grande-vadrouille.jpg\" alt=\"\u00a9 Valoria Films\" width=\"400\" height=\"225\" loading=\"lazy\" style=\"aspect-ratio: 16\/9; object-fit: cover;\"\/><\/p>\n<p>\u00a9 Valoria Films<\/p>\n<p>Terry-Thomas, l\u2019interpr\u00e8te de Reginald Brook alias Big Moustache, \u00e9tait britannique.<\/p>\n<p>Vrai ou faux : Louis de Fun\u00e8s a re\u00e7u un plus gros cachet que Bourvil pour jouer dans La Grande Vadrouille. <\/p>\n<p>\t\t\t\t\t<img decoding=\"async\" src=\"https:\/\/www.europesays.com\/fr\/wp-content\/uploads\/2025\/11\/augustin-bouvet-bourvil-et-stanislas-lefort-louis-de-funes-dans-la-grande-vadrouille.jpg\" alt=\"\u00a9 Valoria Films\" width=\"400\" height=\"225\" loading=\"lazy\" style=\"aspect-ratio: 16\/9; object-fit: cover;\"\/><\/p>\n<p>\u00a9 Valoria Films<\/p>\n<p>C\u2019est faux. Louis de Fun\u00e8s et Bourvil ont re\u00e7u le m\u00eame cachet.<\/p>\n<p class=\"o-quiz__result-title\">Tu n&rsquo;es pas un expert ! <\/p>\n<p class=\"o-quiz__result-subtitle\">Tu as obtenu un score de [[ score ]]\/[[ questions ]]<\/p>\n<p>\t\t\t\t\t\t\t\t\t<img decoding=\"async\" src=\"https:\/\/www.europesays.com\/fr\/wp-content\/uploads\/2025\/04\/resultat-quiz-rate.jpg\" alt=\"Tu n'es pas un expert ! \" width=\"768\" height=\"432\" loading=\"lazy\"\/><\/p>\n<p>Ton score \u00e0 ce quiz prouve que La Grande Vadrouille n\u2019est pas ton film pr\u00e9f\u00e9r\u00e9 avec Louis de Fun\u00e8s et Bourvil et que donc tu ne fais pas trop attention aux anecdotes autour.<\/p>\n<p><a href=\"https:\/\/www.serieously.com\/films\/la-grande-vadrouille\/\" target=\"_blank\" rel=\"noopener nofollow\" aria-label=\"\">Rattrape-toi avec ces autres quiz sur La Grande Vadrouille !\u00a0<\/a><\/p>\n<p>\t\tRecommencer le quiz<\/p>\n<p>\t\t\t<img decoding=\"async\" src=\"https:\/\/www.europesays.com\/fr\/wp-content\/uploads\/2025\/11\/drifa.jpg\" alt=\"Drifa Maza\" width=\"70\" height=\"70\" loading=\"lazy\"\/><\/p>\n<p class=\"m-user__name\">Drifa Maza<\/p>\n<p class=\"m-user__job\">Journaliste<\/p>\n<p class=\"m-user__description\">Journaliste chez Serieously depuis 2023, Drifa Maza est une grande passionn\u00e9e de cin\u00e9ma de toutes les \u00e9poques, allant de ses d\u00e9buts silencieux en noir et blanc \u00e0 aujourd\u2019hui. Toujours \u00e0 l\u2019affut de l\u2019actualit\u00e9, elle ne rate aucune sortie cin\u00e9 et s\u00e9rie, et est toujours \u00e0 la recherche d\u2019une nouveaut\u00e9 et d\u2019un show \u00e0 binger. Son enfance a \u00e9t\u00e9 berc\u00e9e par les films Pixar et l\u2019\u00e8re Disney Channel, son adolescence par le genre de la dystopie et les Marvel (qu\u2019elle aime toujours autant) mais c\u2019est surtout en regardant La La Land en 2016 que son amour pour cette industrie est n\u00e9. Aujourd\u2019hui, Drifa adore partager cette passion et ses connaissances \u00e0 travers des articles, des quiz et des interviews et rencontres avec les actrices, acteurs et cin\u00e9astes comme Celine Song, Danny Boyle ou encore Tom Hardy et Timoth\u00e9e Chalamet, qu\u2019elle admire.<\/p>\n<p>\n\t\t\t\t\t\t\t\t\t\t\t\t\t\t\tContacter<br \/>\n\t\t\t\t\t\tDrifa\n\t\t\t\t\t\t\t\t\t<\/p>\n<p>Lundi&rsquo;spensable<\/p>\n<p class=\"mt-4 mb-4 text-xl text-center\">Le meilleur de <\/p>\n<p> dans ta boite mail<\/p>\n","protected":false},"excerpt":{"rendered":"Accueil &gt; Quiz &gt; Seul un expert aura plus de 3 bonnes r\u00e9ponses \u00e0 ce quiz de culture&hellip;\n","protected":false},"author":2,"featured_media":515199,"comment_status":"","ping_status":"","sticky":false,"template":"","format":"standard","meta":{"footnotes":""},"categories":[1354],"tags":[58,59,1346,1011,27,1360],"class_list":{"0":"post-515198","1":"post","2":"type-post","3":"status-publish","4":"format-standard","5":"has-post-thumbnail","7":"category-films","8":"tag-divertissement","9":"tag-entertainment","10":"tag-films","11":"tag-fr","12":"tag-france","13":"tag-movies"},"share_on_mastodon":{"url":"https:\/\/pubeurope.com\/@fr\/115501180681022436","error":""},"_links":{"self":[{"href":"https:\/\/www.europesays.com\/fr\/wp-json\/wp\/v2\/posts\/515198","targetHints":{"allow":["GET"]}}],"collection":[{"href":"https:\/\/www.europesays.com\/fr\/wp-json\/wp\/v2\/posts"}],"about":[{"href":"https:\/\/www.europesays.com\/fr\/wp-json\/wp\/v2\/types\/post"}],"author":[{"embeddable":true,"href":"https:\/\/www.europesays.com\/fr\/wp-json\/wp\/v2\/users\/2"}],"replies":[{"embeddable":true,"href":"https:\/\/www.europesays.com\/fr\/wp-json\/wp\/v2\/comments?post=515198"}],"version-history":[{"count":0,"href":"https:\/\/www.europesays.com\/fr\/wp-json\/wp\/v2\/posts\/515198\/revisions"}],"wp:featuredmedia":[{"embeddable":true,"href":"https:\/\/www.europesays.com\/fr\/wp-json\/wp\/v2\/media\/515199"}],"wp:attachment":[{"href":"https:\/\/www.europesays.com\/fr\/wp-json\/wp\/v2\/media?parent=515198"}],"wp:term":[{"taxonomy":"category","embeddable":true,"href":"https:\/\/www.europesays.com\/fr\/wp-json\/wp\/v2\/categories?post=515198"},{"taxonomy":"post_tag","embeddable":true,"href":"https:\/\/www.europesays.com\/fr\/wp-json\/wp\/v2\/tags?post=515198"}],"curies":[{"name":"wp","href":"https:\/\/api.w.org\/{rel}","templated":true}]}}