{"id":515215,"date":"2025-11-06T05:56:14","date_gmt":"2025-11-06T05:56:14","guid":{"rendered":"https:\/\/www.europesays.com\/fr\/515215\/"},"modified":"2025-11-06T05:56:14","modified_gmt":"2025-11-06T05:56:14","slug":"pourquoi-le-berchu-nest-reste-ouvert-quun-an","status":"publish","type":"post","link":"https:\/\/www.europesays.com\/fr\/515215\/","title":{"rendered":"pourquoi le Berchu n\u2019est rest\u00e9 ouvert qu\u2019un an"},"content":{"rendered":"<p>\u00ab\u00a0C\u2019est l\u2019histoire du jardin partag\u00e9 le plus \u00e9ph\u00e9m\u00e8re de Saint-\u00c9tienne.\u00a0\u00bb Au printemps 2023, sur la friche du 22 rue Salengro, le Berchu accueillait ses premiers jardiniers. Au printemps 2024, il refermait ses portes. Il y a quelques semaines, tables, composteurs et jardini\u00e8res ont \u00e9t\u00e9 d\u00e9barrass\u00e9s. Fin.<\/p>\n<p>Cette conclusion, le collectif \u00e0 l\u2019origine de la cr\u00e9ation du jardin ne la dig\u00e8re pas. \u00ab\u00a0On a beaucoup travaill\u00e9 avant l\u2019ouverture puis apr\u00e8s, pour fabriquer les bacs de jardinage, organiser des \u00e9v\u00e9nements\u2026\u00a0\u00bb, retrace Mathieu, un des membres.<\/p>\n<p>\u00ab\u00a0Des mouvements de terrain sur la colline\u00a0\u00bb<\/p>\n<p><a href=\"https:\/\/www.leprogres.fr\/economie\/2023\/05\/28\/ca-pousse-bien-au-jardin-partage-de-la-rue-roger-salengro\" target=\"_blank\" rel=\"nofollow noopener\">Le Berchu accueillait une quinzaine de jardiniers du quartier du Cr\u00eat-de-Roc tous les dimanches<\/a> et les habitants pour des animations ponctuelles. \u00ab\u00a0On avait fait la f\u00eate des frites quand on a ramass\u00e9 les pommes de terre, on&#8230;<\/p>\n","protected":false},"excerpt":{"rendered":"\u00ab\u00a0C\u2019est l\u2019histoire du jardin partag\u00e9 le plus \u00e9ph\u00e9m\u00e8re de Saint-\u00c9tienne.\u00a0\u00bb Au printemps 2023, sur la friche du 22&hellip;\n","protected":false},"author":2,"featured_media":515216,"comment_status":"","ping_status":"","sticky":false,"template":"","format":"standard","meta":{"footnotes":""},"categories":[9653],"tags":[1111,11,2430,7539,436,1777,674,1011,27,12,25,4001,7538],"class_list":{"0":"post-515215","1":"post","2":"type-post","3":"status-publish","4":"format-standard","5":"has-post-thumbnail","7":"category-saint-etienne","8":"tag-actu","9":"tag-actualites","10":"tag-auvergne-rhone-alpes","11":"tag-edition-loire-sud","12":"tag-environnement","13":"tag-eu","14":"tag-europe","15":"tag-fr","16":"tag-france","17":"tag-news","18":"tag-republique-francaise","19":"tag-saint-etienne","20":"tag-saint-etienne-ville"},"share_on_mastodon":{"url":"https:\/\/pubeurope.com\/@fr\/115501215501555004","error":""},"_links":{"self":[{"href":"https:\/\/www.europesays.com\/fr\/wp-json\/wp\/v2\/posts\/515215","targetHints":{"allow":["GET"]}}],"collection":[{"href":"https:\/\/www.europesays.com\/fr\/wp-json\/wp\/v2\/posts"}],"about":[{"href":"https:\/\/www.europesays.com\/fr\/wp-json\/wp\/v2\/types\/post"}],"author":[{"embeddable":true,"href":"https:\/\/www.europesays.com\/fr\/wp-json\/wp\/v2\/users\/2"}],"replies":[{"embeddable":true,"href":"https:\/\/www.europesays.com\/fr\/wp-json\/wp\/v2\/comments?post=515215"}],"version-history":[{"count":0,"href":"https:\/\/www.europesays.com\/fr\/wp-json\/wp\/v2\/posts\/515215\/revisions"}],"wp:featuredmedia":[{"embeddable":true,"href":"https:\/\/www.europesays.com\/fr\/wp-json\/wp\/v2\/media\/515216"}],"wp:attachment":[{"href":"https:\/\/www.europesays.com\/fr\/wp-json\/wp\/v2\/media?parent=515215"}],"wp:term":[{"taxonomy":"category","embeddable":true,"href":"https:\/\/www.europesays.com\/fr\/wp-json\/wp\/v2\/categories?post=515215"},{"taxonomy":"post_tag","embeddable":true,"href":"https:\/\/www.europesays.com\/fr\/wp-json\/wp\/v2\/tags?post=515215"}],"curies":[{"name":"wp","href":"https:\/\/api.w.org\/{rel}","templated":true}]}}