{"id":515224,"date":"2025-11-06T06:01:25","date_gmt":"2025-11-06T06:01:25","guid":{"rendered":"https:\/\/www.europesays.com\/fr\/515224\/"},"modified":"2025-11-06T06:01:25","modified_gmt":"2025-11-06T06:01:25","slug":"skelton-et-alldritt-du-voyage-a-toulon","status":"publish","type":"post","link":"https:\/\/www.europesays.com\/fr\/515224\/","title":{"rendered":"Skelton et Alldritt du voyage \u00e0 Toulon ?"},"content":{"rendered":"<p><strong>Les internationaux Will Skelton<br \/>\net Gr\u00e9gory Alldritt sont pressentis pour disputer le match en<br \/>\nretard de Top 14 du Stade Rochelais \u00e0 Toulon samedi<br \/>\napr\u00e8s-midi.<\/strong><\/p>\n<p>Le 21 septembre, Toulon \u00e9tait cens\u00e9 accueillir La Rochelle \u00e0<br \/>\nMayol pour le compte de la 3e journ\u00e9e de Top 14. Or, ce week-end l\u00e0<br \/>\ndes intemp\u00e9ries exceptionnelles s\u2019\u00e9taient abattues sur la r\u00e9gion<br \/>\nProvence-Alpes-C\u00f4te d\u2019Azur, engendrant le report de la rencontre.<br \/>\nCelle-ci a \u00e9t\u00e9 report\u00e9e \u00e0 ce samedi 8 novembre (coup d\u2019envoi \u00e0<br \/>\n16h30). Une tr\u00e8s mauvaise nouvelle pour les Maritimes dont<br \/>\nl\u2019entra\u00eeneur Ronan O\u2019Gara s\u2019est montr\u00e9 passablement agac\u00e9 cette<br \/>\nsemaine. \u00ab C\u2019est une catastrophe \u00bb a-t-il notamment prononc\u00e9,<br \/>\nregrettant de se d\u00e9placer une deuxi\u00e8me fois dans le Var cette<br \/>\nsaison et de ne pas b\u00e9n\u00e9ficier de deux semaines de vacances comme<br \/>\nles autres \u00e9curies du Top 14 pendant la tr\u00eave internationale.<\/p>\n<p>Priv\u00e9 de plusieurs tauliers retenus en s\u00e9lection, Ronan O\u2019Gara<br \/>\ndevra se passer entre autres de Nolann Le Garrec, Paul Boudehent ou<br \/>\nencore du G\u00e9orgien Davit Niniashvili. Cependant, le technicien<br \/>\nirlandais pourrait bien enregistrer des renforts de poids. \u00c0<br \/>\ncommencer par Will Skelton. Le grand 2e ligne, de retour \u00e0 la<br \/>\ncomp\u00e9tition trois jours plus t\u00f4t contre le Racing 92 (33-6) avait<br \/>\nnotamment particip\u00e9 au Rugby Championship sous les couleurs de<br \/>\nl\u2019Australie. Face aux Ciel et Blanc, le Wallaby a jou\u00e9 une heure.<br \/>\nC\u2019est moins que Gr\u00e9gory Alldritt. Titulaire, le 3e ligne rel\u00e2ch\u00e9<br \/>\npar le XV de France en milieu de semaine a jou\u00e9 l\u2019int\u00e9gralit\u00e9 de la<br \/>\nrencontre, inscrivant en prime son premier essai de la saison.<\/p>\n<p>Cancoriet de retour<\/p>\n<p>Probablement non retenu une nouvelle fois par Fabien Galthi\u00e9,<br \/>\nl\u2019international tricolore rejoindra vraisemblablement son \u00e9quipe ce<br \/>\njeudi apr\u00e8s l\u2019annonce du XV de France appel\u00e9 \u00e0 d\u00e9fier les<br \/>\nSpringboks samedi soir. \u00ab C\u2019est compliqu\u00e9 quand les joueurs ne<br \/>\npeuvent \u00eatre disponibles que le vendredi. Apr\u00e8s, \u00e7a d\u00e9pend aussi du<br \/>\nstatut. Pour un joueur comme lui (Alldritt, ndlr), c\u2019est plus<br \/>\nfacile que pour un jeune. Je ne sais pas s\u2019il sera l\u00e0 \u00bb a comment\u00e9<br \/>\nRomain Carmignani nous rapportent nos confr\u00e8res de<br \/>\nL\u2019Equipe. Outre Gr\u00e9gory Alldritt et Will Skelton, le pack<br \/>\nrochelais recensera \u00e9galement le retour de blessure de Judica\u00ebl<br \/>\nCancoriet. Une excellente nouvelle pour l\u2019ASR, amput\u00e9e de Paul<br \/>\nBoudehent et Oscar Jegou en cette fen\u00eatre de matchs<br \/>\ninternationaux.<\/p>\n","protected":false},"excerpt":{"rendered":"Les internationaux Will Skelton et Gr\u00e9gory Alldritt sont pressentis pour disputer le match en retard de Top 14&hellip;\n","protected":false},"author":2,"featured_media":515225,"comment_status":"","ping_status":"","sticky":false,"template":"","format":"standard","meta":{"footnotes":""},"categories":[9619],"tags":[1111,11,1777,674,1011,27,12,882,25,57681,2310],"class_list":{"0":"post-515224","1":"post","2":"type-post","3":"status-publish","4":"format-standard","5":"has-post-thumbnail","7":"category-toulon","8":"tag-actu","9":"tag-actualites","10":"tag-eu","11":"tag-europe","12":"tag-fr","13":"tag-france","14":"tag-news","15":"tag-provence-alpes-cote-dazur","16":"tag-republique-francaise","17":"tag-sport365-fr","18":"tag-toulon"},"share_on_mastodon":{"url":"https:\/\/pubeurope.com\/@fr\/115501235243488889","error":""},"_links":{"self":[{"href":"https:\/\/www.europesays.com\/fr\/wp-json\/wp\/v2\/posts\/515224","targetHints":{"allow":["GET"]}}],"collection":[{"href":"https:\/\/www.europesays.com\/fr\/wp-json\/wp\/v2\/posts"}],"about":[{"href":"https:\/\/www.europesays.com\/fr\/wp-json\/wp\/v2\/types\/post"}],"author":[{"embeddable":true,"href":"https:\/\/www.europesays.com\/fr\/wp-json\/wp\/v2\/users\/2"}],"replies":[{"embeddable":true,"href":"https:\/\/www.europesays.com\/fr\/wp-json\/wp\/v2\/comments?post=515224"}],"version-history":[{"count":0,"href":"https:\/\/www.europesays.com\/fr\/wp-json\/wp\/v2\/posts\/515224\/revisions"}],"wp:featuredmedia":[{"embeddable":true,"href":"https:\/\/www.europesays.com\/fr\/wp-json\/wp\/v2\/media\/515225"}],"wp:attachment":[{"href":"https:\/\/www.europesays.com\/fr\/wp-json\/wp\/v2\/media?parent=515224"}],"wp:term":[{"taxonomy":"category","embeddable":true,"href":"https:\/\/www.europesays.com\/fr\/wp-json\/wp\/v2\/categories?post=515224"},{"taxonomy":"post_tag","embeddable":true,"href":"https:\/\/www.europesays.com\/fr\/wp-json\/wp\/v2\/tags?post=515224"}],"curies":[{"name":"wp","href":"https:\/\/api.w.org\/{rel}","templated":true}]}}