{"id":515228,"date":"2025-11-06T06:03:11","date_gmt":"2025-11-06T06:03:11","guid":{"rendered":"https:\/\/www.europesays.com\/fr\/515228\/"},"modified":"2025-11-06T06:03:11","modified_gmt":"2025-11-06T06:03:11","slug":"a-montpellier-les-zones-artistiques-temporaires-font-swinguer-les-quartiers","status":"publish","type":"post","link":"https:\/\/www.europesays.com\/fr\/515228\/","title":{"rendered":"A Montpellier, les zones artistiques temporaires font swinguer les quartiers"},"content":{"rendered":"<p>\t\tChiffres-cl\u00e9s<\/p>\n<ul>&#13;<\/p>\n<li><strong>Budget :<\/strong> 700\u00a0000\u00a0\u20ac\u00a0TTC.<\/li>\n<p>&#13;<\/p>\n<li><strong>16 zones artistiques temporaires<\/strong> ont \u00e9t\u00e9 mises en \u0153uvre depuis\u00a02010 dans des quartiers de Montpellier, d\u2019Antigone \u00e0 La\u00a0Mosson, en passant par Les\u00a0Arceaux et le parc du\u00a0domaine de M\u00e9ric. (Source\u00a0: ville de Montpellier.)<\/li>\n<p>&#13;\n<\/ul>\n<p><strong> <\/strong> Cirque, danse, musique\u2026 Les soirs des 4 et 5\u00a0avril derniers, une nouvelle ZAT s\u2019est d\u00e9ploy\u00e9e dans le quartier populaire de La\u00a0Mosson, (ex-La\u00a0Paillade), \u00e0 Montpellier, au moment o\u00f9 celui-ci est la cible d\u2019un programme de r\u00e9novation urbaine. \u00ab\u00a0C\u2019est un axe strat\u00e9gique de la politique culturelle de la ville\u00a0: comment la culture met en valeur un quartier et son \u00e9volution\u00a0\u00bb, explique Aude Cl\u00e9ment, responsable du \u00adservice \u00ab\u00a0rendez-vous culturels\u00a0\u00bb.<\/p>\n<p>Gratuite, enti\u00e8rement financ\u00e9e par la commune, la manifestation se d\u00e9roule sur plusieurs points de l\u2019espace public, o\u00f9 les artistes se succ\u00e8dent ou d\u00e9ambulent\u00a0: une avenue, un espace devant les halles, un parc\u2026, sans compter les instal\u00adlations visibles pendant toute la dur\u00e9e de l\u2019\u00e9v\u00e9nement. Le tout pr\u00e9par\u00e9 en partie avec les habitants, invit\u00e9s \u00e0 participer \u00e0 des cr\u00e9ations ou \u00e0 en produire. D\u2019apr\u00e8s les estimations de la mairie, il a rassembl\u00e9 14\u00a0000\u00a0personnes sur les spectacles, avec jauge, et, au total, pourrait avoir attir\u00e9 jusqu\u2019\u00e0 40\u00a0000\u00a0personnes.<\/p>\n<p>\u00ab\u00a0Une ZAT est toujours pluridisciplinaire et faite sur mesure : elle r\u00e9v\u00e8le un territoire urbain, ses sp\u00e9cificit\u00e9s, tout en d\u00e9calant le regard, l\u2019\u00e9coute\u00a0\u00bb, r\u00e9sume Pascal \u00adLe\u00a0Brun-Cordier, qui a &#8230;<\/p>\n<p class=\"blocCut__title\">\n\t\t\t\t\t\t\t\t\t[80% reste \u00e0 lire]\n\t\t\t\t\t\t\t<\/p>\n<p class=\"blocCut__title--type2\">Article r\u00e9serv\u00e9 aux abonn\u00e9s<\/p>\n<p class=\"blocCut__title--type3\">Gazette des Communes<\/p>\n<p class=\"blocCut__title--type2\">VOUS N&rsquo;\u00eaTES PAS ABONN\u00e9 ?<\/p>\n<p class=\"blocCut__title--type4\">D\u00e9couvrez nos formules et acc\u00e9dez aux articles en illimit\u00e9<\/p>\n<p>\t\t\t\t\t\t\t\t<a href=\"https:\/\/www.abonnement.infopro-digital.com\/la-gazette-des-communes\/formule\/1111\/CTA-P\" target=\"_blank\" class=\"btn__full buttonTypeA buttonTypeA--1\" rel=\"noopener\">Je m\u2019abonne<\/a><\/p>\n","protected":false},"excerpt":{"rendered":"Chiffres-cl\u00e9s &#13; Budget : 700\u00a0000\u00a0\u20ac\u00a0TTC. &#13; 16 zones artistiques temporaires ont \u00e9t\u00e9 mises en \u0153uvre depuis\u00a02010 dans des&hellip;\n","protected":false},"author":2,"featured_media":515229,"comment_status":"","ping_status":"","sticky":false,"template":"","format":"standard","meta":{"footnotes":""},"categories":[9599],"tags":[1111,47,11,2349,1777,674,1011,27,16243,2208,12,2680,63031,1306,25,63588],"class_list":{"0":"post-515228","1":"post","2":"type-post","3":"status-publish","4":"format-standard","5":"has-post-thumbnail","7":"category-montpellier","8":"tag-actu","9":"tag-actualite","10":"tag-actualites","11":"tag-articles-reserves","12":"tag-eu","13":"tag-europe","14":"tag-fr","15":"tag-france","16":"tag-innovations-et-territoires","17":"tag-montpellier","18":"tag-news","19":"tag-occitanie","20":"tag-politiques-culturelles","21":"tag-regions","22":"tag-republique-francaise","23":"tag-sde-freminville"},"share_on_mastodon":{"url":"https:\/\/pubeurope.com\/@fr\/115501242964192907","error":""},"_links":{"self":[{"href":"https:\/\/www.europesays.com\/fr\/wp-json\/wp\/v2\/posts\/515228","targetHints":{"allow":["GET"]}}],"collection":[{"href":"https:\/\/www.europesays.com\/fr\/wp-json\/wp\/v2\/posts"}],"about":[{"href":"https:\/\/www.europesays.com\/fr\/wp-json\/wp\/v2\/types\/post"}],"author":[{"embeddable":true,"href":"https:\/\/www.europesays.com\/fr\/wp-json\/wp\/v2\/users\/2"}],"replies":[{"embeddable":true,"href":"https:\/\/www.europesays.com\/fr\/wp-json\/wp\/v2\/comments?post=515228"}],"version-history":[{"count":0,"href":"https:\/\/www.europesays.com\/fr\/wp-json\/wp\/v2\/posts\/515228\/revisions"}],"wp:featuredmedia":[{"embeddable":true,"href":"https:\/\/www.europesays.com\/fr\/wp-json\/wp\/v2\/media\/515229"}],"wp:attachment":[{"href":"https:\/\/www.europesays.com\/fr\/wp-json\/wp\/v2\/media?parent=515228"}],"wp:term":[{"taxonomy":"category","embeddable":true,"href":"https:\/\/www.europesays.com\/fr\/wp-json\/wp\/v2\/categories?post=515228"},{"taxonomy":"post_tag","embeddable":true,"href":"https:\/\/www.europesays.com\/fr\/wp-json\/wp\/v2\/tags?post=515228"}],"curies":[{"name":"wp","href":"https:\/\/api.w.org\/{rel}","templated":true}]}}