{"id":515234,"date":"2025-11-06T06:07:17","date_gmt":"2025-11-06T06:07:17","guid":{"rendered":"https:\/\/www.europesays.com\/fr\/515234\/"},"modified":"2025-11-06T06:07:17","modified_gmt":"2025-11-06T06:07:17","slug":"1-million-deuros-pour-obstruer-toutes-les-bouches-darrosage-des-trottoirs","status":"publish","type":"post","link":"https:\/\/www.europesays.com\/fr\/515234\/","title":{"rendered":"1 MILLION D&rsquo;EUROS POUR OBSTRUER TOUTES LES BOUCHES D&rsquo;ARROSAGE DES TROTTOIRS !"},"content":{"rendered":"<p>Posted On 6 novembre 2025 <\/p>\n<p style=\"text-align: justify;\">Lunaire. Lundi soir au Conseil Municipal, Alain Carignon a litt\u00e9ralement explos\u00e9 en d\u00e9couvrant que la municipalit\u00e9 et la M\u00e9tropole engageaient des investissements lourds pour obstruer d\u00e9finitivement les 3000 bouches d&rsquo;arrosage des trottoirs de la ville !\u00a0<\/p>\n<p style=\"text-align: justify;\">Dans une ville exsangue o\u00f9 il n&rsquo;y a plus un centime d&rsquo;euros pour r\u00e9parer les trottoirs sur lesquels chutent les ain\u00e9s, les malvoyants, et les personnes en fauteuil ont de plus en plus de mal \u00e0 circuler.\u00a0<\/p>\n<p><a href=\"https:\/\/grenoble-le-changement.fr\/wp-content\/uploads\/2025\/11\/Capture-de\u0301cran-2025-11-04-a\u0300-22.06.52.png\" rel=\"lightbox[85926] noopener\" target=\"_blank\"><img decoding=\"async\" data-id=\"85927\" src=\"https:\/\/grenoble-le-changement.fr\/wp-content\/uploads\/2025\/11\/Capture-de\u0301cran-2025-11-04-a\u0300-22.06.52-687x1024.png\" alt=\"\" class=\"wp-image-85927 jetpack-lazy-image\" data-lazy-src=\"https:\/\/www.europesays.com\/fr\/wp-content\/uploads\/2025\/11\/Capture-de\u0301cran-2025-11-04-a\u0300-22.06.52-687x1024.png\" \/><\/a><br \/>\n3000 bouches d&rsquo;arrosage des trottoirs vont \u00eatre obstru\u00e9es ! (<a target=\"_blank\" href=\"https:\/\/www.tiktok.com\/@guizmaths\/video\/7568942824020888854\" rel=\"noopener\">photo Guizmaths)<\/a><\/p>\n<p><strong>LA MUNICIPALIT\u00c9 PAIE UNE REDEVANCE DE 500 000 \u20ac POUR UNE EAU PAS CONSOMM\u00c9E<\/strong><\/p>\n<p style=\"text-align: justify;\">Vincent Fristot, l&rsquo;adjoint \u00e0 tout (Verts\/Ades), a laborieusement expos\u00e9 que la ville payait \u00e0 la M\u00e9tropole&#8230; 500 000 \u20ac de forfait annuel de consommation d&rsquo;eau pour ces bouches qu&rsquo;elle n&rsquo;utilise plus depuis 2019 ! Au lieu de convenir pas un simple coup de fil entre Christophe Ferrari et Eric Piolle, que, ne consommant aucun litre d&rsquo;eau, il n&rsquo;\u00e9tait pas juste de payer 500 000 \u20ac, il a \u00e9t\u00e9 d\u00e9cid\u00e9 par les services de rendre impossible l&rsquo;utilisation des bouches afin de faire cesser la contribution financi\u00e8re de Grenoble.\u00a0<\/p>\n<p style=\"text-align: justify;\"><strong>ELLE PAIE MAINTENANT POUR OBSTRUER DES BOUCHES QU&rsquo;ELLE N&rsquo;UTILISE PAS<\/strong><\/p>\n<p style=\"text-align: justify;\">Car le Maire de Grenoble et le Pr\u00e9sident de la M\u00e9tropole ne se parlent pas. Et la municipalit\u00e9 de Grenoble ne s&rsquo;est pas aper\u00e7u avant l&rsquo;ann\u00e9e 2025 qu&rsquo;elle payait 500 000 \u20ac depuis 2019, pour rien. Soit 2,5 millions d&rsquo;euros entre 2019 et 2024.\u00a0<\/p>\n<p style=\"text-align: justify;\">Mais la gabegie ne s&rsquo;arr\u00eate pas l\u00e0. Afin de contribuer \u00e0 financer l&rsquo;obstruction des bornes d&rsquo;arrosage, le Conseil Municipal a vot\u00e9 une somme de 445 000 \u20ac \u00e0 la M\u00e9tropole ! Car le co\u00fbt serait de 1 millions d&rsquo;euros !<\/p>\n<p><a href=\"https:\/\/grenoble-le-changement.fr\/wp-content\/uploads\/2025\/11\/Capture-de\u0301cran-2025-11-04-a\u0300-22.54.30.png\" rel=\"lightbox[85926] noopener\" target=\"_blank\"><img decoding=\"async\" data-id=\"85928\" src=\"https:\/\/grenoble-le-changement.fr\/wp-content\/uploads\/2025\/11\/Capture-de\u0301cran-2025-11-04-a\u0300-22.54.30-1024x503.png\" alt=\"\" class=\"wp-image-85928 jetpack-lazy-image\" data-lazy-src=\"https:\/\/www.europesays.com\/fr\/wp-content\/uploads\/2025\/11\/Capture-de\u0301cran-2025-11-04-a\u0300-22.54.30-1024x503.png\" \/><\/a><br \/>\nApr\u00e8s avoir d\u00e9fendu la catastrophe trajectoire financi\u00e8re de la ville, la gestion condamn\u00e9e par la chambre R\u00e9gionale des Comptes de Grenoble-Habitat, Vincent Fristot, l&rsquo;Adjoint (Verts\/Ades) de la secte Avrillier d\u00e9fendait aussi les 2,5 millions d&rsquo;euros jet\u00e9s en l&rsquo;air pour une facturation de consommation d&rsquo;eau qui n&rsquo;existe pas et un investissement lourd pour obstruer toutes les bouches d&rsquo;arrosage des trottoirs <\/p>\n<p><strong>A. CARIGNON : \u00ab\u00a0AUCUNE MUNICIPALIT\u00c9 NE POURRA PLUS ARROSER UN TROTTOIR\u00a0\u00bb<\/strong><\/p>\n<p style=\"text-align: justify;\">Dans une intervention plus que courrouc\u00e9e, prenant la d\u00e9fense des Grenoblois, Alain Carignon a lanc\u00e9 : \u00ab Pour nous, c\u2019est incompr\u00e9hensible. Que vous d\u00e9cidiez de ne plus utiliser d\u2019eau pour arroser les trottoirs, pourquoi pas ? Que vous transf\u00e9riez \u00e0 la M\u00e9tropole pour \u00e9viter toute facturation forfaitaire de consommation d\u2019eau, pourquoi pas ? Mais pourquoi investir lourdement pour les obstruer d\u00e9finitivement ? Il n\u2019y a pas plus urgent financi\u00e8rement pour la Ville ? Vous \u00eates certain qu\u2019il n\u2019y aura jamais sur aucun trottoir de la ville un incident, un probl\u00e8me de salubrit\u00e9 pouvant justifier un arrosage exceptionnel directement \u00e0 partir de ces bouches de lavage plut\u00f4t que seulement avec des v\u00e9hicules de type \u201claveuse\u201d ? Avec votre d\u00e9cision, aucune municipalit\u00e9 ne pourra plus jamais d\u00e9cider d\u2019arroser un trottoir. Mais surtout, il y a quelque chose de vraiment ind\u00e9cent de consacrer des centaines de milliers d\u2019euros \u00e0 obstruer des bouches dont on peut tr\u00e8s bien d\u00e9cider qu\u2019elles ne servent pas, alors que l\u2019\u00e9tat de nos trottoirs est d\u00e9sastreux et qu\u2019il n\u2019y a plus un centime \u00e0 partir de 2026 pour les entretenir. \u00bb (DL du 5\/11\/25)\u00a0<\/p>\n<p style=\"text-align: justify;\"><strong>E. PIOLLE NE R\u00c9POND A RIEN\u00a0<\/strong><\/p>\n<p style=\"text-align: justify;\">Il a propos\u00e9 un amendement afin que cette somme soit affect\u00e9e \u00e0 la r\u00e9paration des trottoirs qui n&rsquo;a plus de financement \u00e0 partir de 2026. Rejet\u00e9 !\u00a0<\/p>\n<p style=\"text-align: justify;\">Face \u00e0 cette charge de bons sens, la majorit\u00e9 \u00e9tait sans voix. Comme \u00e0 son habitude, Eric Piolle r\u00e9pondait \u00e0 c\u00f4t\u00e9. Evoquant les \u00e9conomies d&rsquo;eau ce qui n&rsquo;\u00e9tait \u00e9videmment pas en cause, ni la question. Eve Moulinier (DL du 5\/11\/25) qui a consacr\u00e9 un papier \u00e0 ce dossier exorbitant a obtenu la r\u00e9ponse selon laquelle l&rsquo;obstruction de toutes les bouches d&rsquo;arrosage parce que \u00ab la M\u00e9tropole craint des m\u00e9susages\u00bb.\u00a0 Quels m\u00e9susages puisque la ville en a la maitrise ? Le grand n&rsquo;importe quoi.<\/p>\n<\/p>\n<p>Alain Carignon a litt\u00e9ralement explos\u00e9 en apprenant cette gabegie d&rsquo;argent public qui d\u00e9montre \u00e0 nouveau la justesse de son analyse selon laquelle les \u00e9conomies de fonctionnement \u00e0 r\u00e9aliser viendront d&rsquo;une \u00ab\u00a0fusion\u00a0\u00bb ville-centre\/m\u00e9tro<\/p>\n<p><strong>GRENOBLEMAG : \u00ab\u00a0UN SYMBOLE DES D\u00c9PENSES DE FONCTIONNEMENT\u00a0\u00bb<\/strong><\/p>\n<p style=\"text-align: justify;\">Mais l&rsquo;\u00e9nonc\u00e9 du fait par le DL permet aux grenoblois de comprendre ce que le collectif \u00ab\u00a0R\u00e9concilier Grenoble\u00a0\u00bb<a href=\"https:\/\/grenoble-le-changement.fr\/2025\/10\/10\/crise-financiere-les-propositions-alain-carignon-pour-eviter-la-hausse-dimpots\/\" target=\"_blank\" rel=\"noopener\"> expose en long en large et en travers <\/a>: seules des fusions et des synergies ville-centre\/m\u00e9tropole permettront des \u00e9conomies de fonctionnement et <a href=\"https:\/\/grenoble-le-changement.fr\/2025\/10\/31\/village-olympique-une-tour-victime-de-la-paralysie-ville-metropole\/\" target=\"_blank\" rel=\"noopener\">une efficacit\u00e9 pour les Grenoblois.<\/a><\/p>\n<p style=\"text-align: justify;\">Pour <a target=\"_blank\" href=\"https:\/\/www.grenoblemag.com\/article\/2222\/grenoble-la-ville-va-obstruer-2500-bouches-d-arrosage-des-trottoirs-qui-ne-fonctionnent-plus-depuis-six-ans\" rel=\"noopener\">le magazine d&rsquo;information en ligne GrenobleMag<\/a>, \u00ab\u00a0cet exemple a servi de symbole au d\u00e9bat d\u2019orientation budg\u00e9taire sur la trajectoire financi\u00e8re de la Ville de Grenoble, tr\u00e8s handicap\u00e9e par les d\u00e9penses de fonctionnement. Un d\u00e9bat qui a port\u00e9 essentiellement sur les perspectives de 2026 qui pourraient induire une nouvelle hausse de la fiscalit\u00e9 de la ville et de la M\u00e9tropole, compte tenu des engagements pris.\u00a0\u00bb<\/p>\n<p style=\"text-align: justify;\"><strong>GUIZMATHS D\u00c9NONCE LES \u00ab\u00a0ESCROLOS\u00a0\u00bb<\/strong><\/p>\n<p style=\"text-align: justify;\"><a href=\"https:\/\/grenoble-le-changement.fr\/wp-admin\/post.php?post=85926&amp;action=edit\" target=\"_blank\" rel=\"noopener\">De son c\u00f4t\u00e9 Guizmaths e<\/a>st choqu\u00e9 par le fait que la majorit\u00e9 du moment d\u00e9cide pour les g\u00e9n\u00e9rations futures, interdisant \u00e0 jamais tout nettoyage qui pourrait \u00eatre utile \u00e0 la ville. D\u00e9non\u00e7ant les \u00ab\u00a0escrolos\u00a0\u00bb grenoblois et leurs d\u00e9penses folles.\u00a0 Il comprend que \u00a0\u00bb Alain Carignon ait litt\u00e9ralement p\u00e9t\u00e9 un plomb\u00a0\u00bb !\u00a0<\/p>\n<p style=\"text-align: justify;\">Relevons au passage que pas plus que lorsque <a href=\"https:\/\/grenoble-le-changement.fr\/2025\/09\/24\/une-nouvelle-affaire-financiere-explosive-pour-les-verts\/\" target=\"_blank\" rel=\"noopener\">M\u00e9diapart fait des r\u00e9v\u00e9lations sur les affaires municipales<\/a> que la radio reprendrait imm\u00e9diatement s&rsquo;il s&rsquo;agissait d&rsquo;une municipalit\u00e9 de droite,<a href=\"https:\/\/grenoble-le-changement.fr\/2025\/09\/27\/france-bleu-isere-ici-un-cas-decole-pour-cnews\/\" target=\"_blank\" rel=\"noopener\"> Ici Grenoble (ex\u00a0 France Bleu Is\u00e8re)<\/a> ne fait non plus aucun papier \u00e0 ce sujet pourtant tr\u00e8s proche de la vie des grenoblois.\u00a0<\/p>\n<p><a href=\"https:\/\/grenoble-le-changement.fr\/wp-content\/uploads\/2025\/11\/Capture-de\u0301cran-2025-11-05-a\u0300-12.14.16.png\" rel=\"lightbox[85926] noopener\" target=\"_blank\"><img decoding=\"async\" data-id=\"85964\" src=\"https:\/\/grenoble-le-changement.fr\/wp-content\/uploads\/2025\/11\/Capture-de\u0301cran-2025-11-05-a\u0300-12.14.16-1024x640.png\" alt=\"\" class=\"wp-image-85964 jetpack-lazy-image\" data-lazy-src=\"https:\/\/www.europesays.com\/fr\/wp-content\/uploads\/2025\/11\/Capture-de\u0301cran-2025-11-05-a\u0300-12.14.16-1024x640.png\" \/><\/a><br \/>\n<a target=\"_blank\" href=\"https:\/\/www.grenoblemag.com\/article\/2222\/grenoble-la-ville-va-obstruer-2500-bouches-d-arrosage-des-trottoirs-qui-ne-fonctionnent-plus-depuis-six-ans\" rel=\"noopener\">La plupart des m\u00e9dias <\/a>ont \u00e9voqu\u00e9 cette gabegie, pas France Bleu Is\u00e8re (ici)&#8230;<\/p>\n<p><strong>ENVIRON 3, 5 MILLIONS D&rsquo;EUROS JET\u00c9S EN L&rsquo;AIR <\/strong><\/p>\n<p style=\"text-align: justify;\">2,5 millions d&rsquo;euros pour une redevance d&rsquo;une eau pas consomm\u00e9e + 445 000 \u20ac pour obstruer des bouches d&rsquo;arrosage qu&rsquo;on peut tr\u00e8s bien ne pas utiliser + 500 000 \u20ac de la m\u00e9tropole pour contribuer aux travaux. 3,5 millions d&rsquo;euros environ jet\u00e9s en l&rsquo;air. Il faudra <a href=\"https:\/\/grenoble-le-changement.fr\/2024\/06\/22\/presquile-les-scandales-de-la-folie-verte-eclatent\/\" target=\"_blank\" rel=\"noopener\">un jour totaliser ce que les folies vertes<\/a> ont cout\u00e9 aux grenoblois.\u00a0<\/p>\n<p style=\"text-align: justify;\"><strong>L. RUFFIN VEUT CONTINUER EN PASSANT ENTRE LES GOUTTES<\/strong><\/p>\n<p style=\"text-align: justify;\">\u00ab\u00a0\u00c0 quoi servent nos imp\u00f4ts ?\u00a0\u00bb demandent souvent les grenoblois. Il suffit de se pencher, dossier par dossier, sur la gestion de la majorit\u00e9 municipale et m\u00e9tropolitaine pour comprendre. Alain Carignon et le groupe d&rsquo;opposition auront rendu un fier service aux grenoblois en d\u00e9busquant chacun. La vertu p\u00e9dagogique du proc\u00e9d\u00e9 est \u00e9vidente. D\u00e9sormais chacun peut comprendre et choisir. <a href=\"https:\/\/grenoble-le-changement.fr\/2025\/10\/18\/laurence-ruffin-lance-sa-campagne-en-catimini-avec-ce-quil-reste-des-verts\/\" target=\"_blank\" rel=\"noopener\">Laurence Ruffin,<\/a> <a href=\"https:\/\/grenoble-le-changement.fr\/2025\/10\/13\/affaires-les-revelations-sur-l-ruffin-verts-plombent-sa-candidature\/\" target=\"_blank\" rel=\"noopener\">copier\/coller de Piolle<\/a> ferait pire puisqu&rsquo;elle <a href=\"https:\/\/grenoble-le-changement.fr\/2025\/11\/03\/ruffin-brunon-et-les-autres-le-flou-comme-programme-de-succession-a-piolle\/\" target=\"_blank\" rel=\"noopener\">tente de passer entre les gouttes<\/a>, refusant de rompre avec ce syst\u00e8me qui produit de l&rsquo;imp\u00f4t et de l&rsquo;abandon pour l&rsquo;espace public.\u00a0<\/p>\n<p style=\"text-align: justify;\"><strong>QUI DIT MIEUX ?\u00a0<\/strong><\/p>\n<p style=\"text-align: justify;\">Le fait que plus jamais dans l&rsquo;avenir une municipalit\u00e9 ne puisse arroser un trottoir qui pourrait \u00eatre dans un \u00e9tat d&rsquo;insalubrit\u00e9 (accident, essence, incendie, d\u00e9chets polluants&#8230;) aura \u00e9t\u00e9 d\u00e9cid\u00e9 en 2025 par une majorit\u00e9 municipale finissante, aux frais des grenoblois, dans une ville o\u00f9 elle ne peut plus r\u00e9parer les trottoirs les plus accidentog\u00e8nes. Qui dit mieux ?\u00a0<\/p>\n<p>\t\t\t\t\t\t\t\t\t\t\t<script async src=\"\/\/www.tiktok.com\/embed.js\"><\/script><\/p>\n","protected":false},"excerpt":{"rendered":"Posted On 6 novembre 2025 Lunaire. Lundi soir au Conseil Municipal, Alain Carignon a litt\u00e9ralement explos\u00e9 en d\u00e9couvrant&hellip;\n","protected":false},"author":2,"featured_media":515235,"comment_status":"","ping_status":"","sticky":false,"template":"","format":"standard","meta":{"footnotes":""},"categories":[9566],"tags":[1111,11,9601,2430,9604,9607,1777,674,10608,1011,27,53813,2731,14004,11150,9103,10136,12,14758,25,10850],"class_list":{"0":"post-515234","1":"post","2":"type-post","3":"status-publish","4":"format-standard","5":"has-post-thumbnail","7":"category-grenoble","8":"tag-actu","9":"tag-actualites","10":"tag-alain-carignon","11":"tag-auvergne-rhone-alpes","12":"tag-christophe-ferrari","13":"tag-eric-piolle","14":"tag-eu","15":"tag-europe","16":"tag-eve-moulinier","17":"tag-fr","18":"tag-france","19":"tag-france-bleu-isere","20":"tag-grenoble","21":"tag-grenoblemag","22":"tag-guizmaths","23":"tag-ici","24":"tag-laurence-ruffin","25":"tag-news","26":"tag-reconcilier-grenoble","27":"tag-republique-francaise","28":"tag-vincent-fristot"},"share_on_mastodon":{"url":"https:\/\/pubeurope.com\/@fr\/115501259071889122","error":""},"_links":{"self":[{"href":"https:\/\/www.europesays.com\/fr\/wp-json\/wp\/v2\/posts\/515234","targetHints":{"allow":["GET"]}}],"collection":[{"href":"https:\/\/www.europesays.com\/fr\/wp-json\/wp\/v2\/posts"}],"about":[{"href":"https:\/\/www.europesays.com\/fr\/wp-json\/wp\/v2\/types\/post"}],"author":[{"embeddable":true,"href":"https:\/\/www.europesays.com\/fr\/wp-json\/wp\/v2\/users\/2"}],"replies":[{"embeddable":true,"href":"https:\/\/www.europesays.com\/fr\/wp-json\/wp\/v2\/comments?post=515234"}],"version-history":[{"count":0,"href":"https:\/\/www.europesays.com\/fr\/wp-json\/wp\/v2\/posts\/515234\/revisions"}],"wp:featuredmedia":[{"embeddable":true,"href":"https:\/\/www.europesays.com\/fr\/wp-json\/wp\/v2\/media\/515235"}],"wp:attachment":[{"href":"https:\/\/www.europesays.com\/fr\/wp-json\/wp\/v2\/media?parent=515234"}],"wp:term":[{"taxonomy":"category","embeddable":true,"href":"https:\/\/www.europesays.com\/fr\/wp-json\/wp\/v2\/categories?post=515234"},{"taxonomy":"post_tag","embeddable":true,"href":"https:\/\/www.europesays.com\/fr\/wp-json\/wp\/v2\/tags?post=515234"}],"curies":[{"name":"wp","href":"https:\/\/api.w.org\/{rel}","templated":true}]}}