{"id":515238,"date":"2025-11-06T06:09:13","date_gmt":"2025-11-06T06:09:13","guid":{"rendered":"https:\/\/www.europesays.com\/fr\/515238\/"},"modified":"2025-11-06T06:09:13","modified_gmt":"2025-11-06T06:09:13","slug":"lavenir-de-la-patinoire-inquiete-la-ville-dement-tout-projet-de-fermeture","status":"publish","type":"post","link":"https:\/\/www.europesays.com\/fr\/515238\/","title":{"rendered":"L\u2019avenir de la patinoire inqui\u00e8te, la ville d\u00e9ment tout projet de fermeture"},"content":{"rendered":"<p>Avec pr\u00e8s de 150.000 entr\u00e9es chaque ann\u00e9e, sans compter les clubs sportifs et les scolaires, elle est l\u2019une des patinoires les plus fr\u00e9quent\u00e9es de France. Mais depuis trois saisons, Le Blizz \u00e0 Rennes d\u00e9laisse la glace pendant quatre mois chaque \u00e9t\u00e9 <a href=\"https:\/\/www.20minutes.fr\/rennes\/4042542-20230623-rennes-patinoire-privee-glace-transformee-piste-rollers\" class=\"c-link c-link--is-underlined\" target=\"_blank\" rel=\"noopener\">pour se transformer en grande piste de roller<\/a>. Un choix motiv\u00e9 par des questions \u00e9conomiques, mais aussi \u00e9cologiques. \u00ab\u00a0Est-ce qu\u2019il faut patiner sur la glace par 40 degr\u00e9s au mois de juillet\u00a0? Sans doute\u00a0pas\u00a0\u00bb, avait expliqu\u00e9 <a href=\"https:\/\/www.20minutes.fr\/dossier\/nathalie_appere\" class=\"c-link c-link--is-underlined\" target=\"_blank\" rel=\"noopener\">la maire Nathalie App\u00e9r\u00e9<\/a> pour justifier son choix.<\/p>\n<p><img decoding=\"async\" alt=\"A Rennes, la patinoire Le Blizz est transform\u00e9e en piste de patins \u00e0 roulettes et rollers chaque \u00e9t\u00e9 depuis trois ans. \" class=\"c-img\" loading=\"lazy\" fetchpriority=\"auto\" width=\"718\"  src=\"https:\/\/img.20mn.fr\/hnr1jSVZSXmww9sHKerKXyk\/718x0\" \/>A Rennes, la patinoire Le Blizz est transform\u00e9e en piste de patins \u00e0 roulettes et rollers chaque \u00e9t\u00e9 depuis trois ans. \u2002-\u00a0C. Allain\/20 Minutes<\/p>\n<p>A l\u2019approche <a href=\"https:\/\/www.20minutes.fr\/municipales\/\" class=\"c-link c-link--is-underlined\" target=\"_blank\" rel=\"noopener\">des \u00e9lections municipales<\/a>, la question de l\u2019avenir du Blizz pointe encore le bout de son nez. Avec en premi\u00e8re ligne les \u00e9cologistes, alli\u00e9s de la municipalit\u00e9 sortante, qui aimeraient aller encore plus loin dans la reconversion de l\u2019\u00e9quipement. Lors du dernier conseil municipal le 22\u00a0septembre, l\u2019\u00e9lue Lucie Koch a ainsi remis une pi\u00e8ce dans la machine. \u00ab\u00a0Dans un contexte o\u00f9 les ressources et financi\u00e8res sont de plus en plus contraintes, il faut discuter de l\u2019avenir du Blizz, en associant \u00e0 la r\u00e9flexion les habitants et l\u2019ensemble des usagers, avait-elle indiqu\u00e9. <a href=\"https:\/\/www.20minutes.fr\/politique\/eelv\/\" class=\"c-link c-link--is-underlined\" target=\"_blank\" rel=\"noopener\">Les \u00e9cologistes<\/a> croient en l\u2019avenir du Blizz et des glisses urbaines, mais de mani\u00e8re plus sobre.\u00a0\u00bb<\/p>\n<p>Une p\u00e9tition sign\u00e9e par 6.500 personnes<\/p>\n<p>Des propos qui n\u2019ont pas manqu\u00e9 de faire r\u00e9agir Charles Compagnon, chef de file de l\u2019opposition. Selon lui, les \u00e9cologistes \u00ab\u00a0veulent tout simplement arr\u00eater les sports de glace\u00a0\u00bb et reconvertir d\u00e9finitivement la patinoire en simple piste de rollers. \u00ab\u00a0Cela ne sera pas la premi\u00e8re fois qu\u2019ils imposent leurs choix \u00e0 la maire\u00a0\u00bb, enfonce-t-il, rappelant les \u00e9pisodes du d\u00e9part Tour de France et de l\u2019abandon du projet de Z\u00e9nith.<\/p>\n<p>\u00ab\u00a0Pour sauver la patinoire et pr\u00e9server les sports de glace \u00e0 Rennes\u00a0\u00bb, le presque candidat pour les futures municipales <a href=\"https:\/\/petition.qomon.org\/f1ce8251-sauvons-la-patinoire-du-blizz\/\" rel=\"nofollow noopener\" target=\"_blank\" class=\"c-link c-link--is-underlined\">s\u2019est donc fendu d\u2019une p\u00e9tition<\/a>, mise en ligne il y a une dizaine de jours et sign\u00e9e par un peu plus de 6.500 personnes. \u00ab\u00a0Il y a eu \u00e9galement pr\u00e8s de 300.000 vues sur les r\u00e9seaux sociaux\u00a0\u00bb, assure-t-il, ce qui t\u00e9moigne selon lui de \u00ab\u00a0l\u2019attachement des Rennais et des Rennaises \u00e0 leur patinoire\u00a0\u00bb.<\/p>\n<p>\u00ab\u00a0Aucun projet de fermeture envisag\u00e9\u00a0\u00bb, selon la ville<\/p>\n<p>Reprenant les chiffres de la ville, Charles Compagnon souligne que les travaux engag\u00e9s depuis plusieurs ann\u00e9es ont d\u00e9j\u00e0 permis de rendre l\u2019\u00e9quipement plus sobre \u00ab\u00a0avec une baisse de 37\u00a0% de la consommation \u00e9nerg\u00e9tique et de 71\u00a0% de l\u2019eau\u00a0\u00bb. \u00ab\u00a0Mais on n\u2019a pas \u00e9t\u00e9 au bout et il y a encore des am\u00e9liorations \u00e0 mener\u00a0\u00bb, pr\u00e9cise l\u2019\u00e9lu d\u2019opposition, qui propose de \u00ab\u00a0moderniser, optimiser et diversifier les usages\u00a0\u00bb du Blizz \u00ab\u00a0mais sans sacrifier la glace\u00a0\u00bb.<\/p>\n<p>En r\u00e9ponse \u00e0 cette p\u00e9tition, la ville de Rennes rappelle qu\u2019elle a renouvel\u00e9 lors de ce m\u00eame conseil municipal la concession de service public accord\u00e9 \u00e0 la soci\u00e9t\u00e9 d\u2019\u00e9conomie mixte Citedia \u00ab\u00a0pour une dur\u00e9e de huit ans\u00a0\u00bb, soit jusqu\u2019au 31\u00a0d\u00e9cembre 2023. \u00ab\u00a0Il n\u2019y a donc aucun projet de fermeture envisag\u00e9 pour cet \u00e9quipement\u00a0\u00bb, mart\u00e8le-t-elle, pr\u00e9cisant que l\u2019\u00e9quipement fonctionnera avec \u00ab\u00a0de la glisse sur glace et de la glisse sur roulettes\u00a0\u00bb. Nul doute en tout cas que le sujet reviendra sur la piste pendant la campagne.<\/p>\n","protected":false},"excerpt":{"rendered":"Avec pr\u00e8s de 150.000 entr\u00e9es chaque ann\u00e9e, sans compter les clubs sportifs et les scolaires, elle est l\u2019une&hellip;\n","protected":false},"author":2,"featured_media":515239,"comment_status":"","ping_status":"","sticky":false,"template":"","format":"standard","meta":{"footnotes":""},"categories":[2821],"tags":[1111,47,11,829,2598,1777,674,1011,27,4133,848,32356,1393,10736,12,41926,584,25,104],"class_list":{"0":"post-515238","1":"post","2":"type-post","3":"status-publish","4":"format-standard","5":"has-post-thumbnail","7":"category-rennes","8":"tag-actu","9":"tag-actualite","10":"tag-actualites","11":"tag-bretagne","12":"tag-equipement","13":"tag-eu","14":"tag-europe","15":"tag-fr","16":"tag-france","17":"tag-hockey-sur-glace","18":"tag-ille-et-vilaine","19":"tag-les-ecologistes-eelv","20":"tag-loisirs","21":"tag-nathalie-appere","22":"tag-news","23":"tag-patinage-artistique","24":"tag-rennes","25":"tag-republique-francaise","26":"tag-societe"},"share_on_mastodon":{"url":"https:\/\/pubeurope.com\/@fr\/115501267207551818","error":""},"_links":{"self":[{"href":"https:\/\/www.europesays.com\/fr\/wp-json\/wp\/v2\/posts\/515238","targetHints":{"allow":["GET"]}}],"collection":[{"href":"https:\/\/www.europesays.com\/fr\/wp-json\/wp\/v2\/posts"}],"about":[{"href":"https:\/\/www.europesays.com\/fr\/wp-json\/wp\/v2\/types\/post"}],"author":[{"embeddable":true,"href":"https:\/\/www.europesays.com\/fr\/wp-json\/wp\/v2\/users\/2"}],"replies":[{"embeddable":true,"href":"https:\/\/www.europesays.com\/fr\/wp-json\/wp\/v2\/comments?post=515238"}],"version-history":[{"count":0,"href":"https:\/\/www.europesays.com\/fr\/wp-json\/wp\/v2\/posts\/515238\/revisions"}],"wp:featuredmedia":[{"embeddable":true,"href":"https:\/\/www.europesays.com\/fr\/wp-json\/wp\/v2\/media\/515239"}],"wp:attachment":[{"href":"https:\/\/www.europesays.com\/fr\/wp-json\/wp\/v2\/media?parent=515238"}],"wp:term":[{"taxonomy":"category","embeddable":true,"href":"https:\/\/www.europesays.com\/fr\/wp-json\/wp\/v2\/categories?post=515238"},{"taxonomy":"post_tag","embeddable":true,"href":"https:\/\/www.europesays.com\/fr\/wp-json\/wp\/v2\/tags?post=515238"}],"curies":[{"name":"wp","href":"https:\/\/api.w.org\/{rel}","templated":true}]}}