{"id":515240,"date":"2025-11-06T06:10:14","date_gmt":"2025-11-06T06:10:14","guid":{"rendered":"https:\/\/www.europesays.com\/fr\/515240\/"},"modified":"2025-11-06T06:10:14","modified_gmt":"2025-11-06T06:10:14","slug":"strasbourg-au-musee-des-beaux-arts-le-souffle-de-la-nature-et-les-animaux-sauvages-de-vincent-munier","status":"publish","type":"post","link":"https:\/\/www.europesays.com\/fr\/515240\/","title":{"rendered":"Strasbourg. Au Mus\u00e9e des beaux-arts, le souffle de la nature et les animaux sauvages de Vincent Munier"},"content":{"rendered":"<p>Vincent Munier, originaire des Vosges, parcourt inlassablement les espaces naturels du monde entier. Il est d\u2019ailleurs en ce moment m\u00eame au Bhoutan. Si le Mus\u00e9e des beaux-arts l\u2019a invit\u00e9 \u00e0 exposer dans ses v\u00e9n\u00e9rables collections, ce n\u2019est pas uniquement parce qu\u2019il est un voisin. Il est aussi l\u2019un des plus talentueux photographes animaliers. Ses choix esth\u00e9tiques, ses flous assum\u00e9s, sa propension \u00e0 sortir de la carte postale habituelle ont tap\u00e9 dans l\u2019\u0153il de C\u00e9line Marcle et Dominique Jacquot, conservateur du mus\u00e9e, commissaires de \u00ab\u00a0Lumi\u00e8res sur le vivant\u00a0\u00bb. C\u2019est la premi\u00e8re fois qu\u2019une large place est faite \u00e0 un contemporain, dans des collections qui courent des primitifs italiens et flamands au XIX e \u00a0si\u00e8cle.<\/p>\n<p>  Une m\u00e9morable rencontre avec un chevreuil \u00e0 12 ans<\/p>\n<p>Vincent Munier ne se vit pas comme un artiste, pour autant\u00a0son travail n\u2019est pas que documentaire. Sa dimension artistique saute aux yeux lorsqu\u2019il est mis en regard de toiles de ma\u00eetres. Les galeries du Mus\u00e9e des beaux-arts ont fait place \u00e0 pr\u00e8s de 80 tirages grand format de photographies embl\u00e9matiques ou moins connues de Vincent Munier, tirages supervis\u00e9s par l\u2019\u00e9quipe de ce dernier.<\/p>\n<p>N\u00e9 en 1976, il a 12 ans quand, apr\u00e8s une nuit d\u2019aff\u00fbt, un chevreuil passe devant son objectif. Depuis ce moment fondateur, il est all\u00e9 partout. Une m\u00e9morable rencontre avec des loups blancs en 2013 a largement contribu\u00e9 \u00e0 sa renomm\u00e9e, tout comme ce C\u00e9sar du meilleur film documentaire en 2022 pour La Panth\u00e8re des neiges , avec Sylvain Tesson. Un nouveau film arrive, Le Chant des for\u00eats , en avant-premi\u00e8re au Star \u00e0 Strasbourg le 27\u00a0novembre, au Th\u00e9\u00e2tre du Peuple de Bussang le 28\u00a0novembre.<\/p>\n<p>  En dialogue, des \u0153uvres de la Renaissance \u00e0 aujourd\u2019hui<\/p>\n<p>Le spectateur chemine dans une exposition pens\u00e9e comme une balade en for\u00eat par les sc\u00e9nographes de l\u2019atelier Aile 2 , entre p\u00e9piements d\u2019oiseaux, chant du loup, et discr\u00e8tes senteurs bois\u00e9es. <a href=\"https:\/\/www.dna.fr\/culture-loisirs\/2025\/09\/11\/le-musee-zoologique-de-strasbourg-metamorphose-ouvre-ses-portes\" target=\"_blank\" rel=\"nofollow noopener\"> Des sp\u00e9cimens du Mus\u00e9e zoologique font \u00e9cho \u00e0 sa r\u00e9ouverture<\/a>. Le parcours est l\u2019occasion de red\u00e9couvrir des toiles qui, pour certaines, dormaient dans les r\u00e9serves. De v\u00e9ritables tr\u00e9sors ont \u00e9t\u00e9 tir\u00e9s des\u00a0collections des Beaux-Arts, mais aussi du Mus\u00e9e d\u2019art moderne et contemporain de Strasbourg, du Mus\u00e9e Tomi-Ungerer ou du Cabinet des estampes et des dessins. Les \u0153uvres dialoguent avec des photos, par associations.<\/p>\n<p>Des toiles de Claude Gell\u00e9e dit le Lorrain, n\u00e9 \u00e0 Chamagne (o\u00f9 a grandi Vincent Munier); racontent une qu\u00eate de la lumi\u00e8re en peinture au XVII e si\u00e8cle. Les expressifs animaux de Karl Andreas Ruthart, restaur\u00e9s pour l\u2019occasion, voisinent avec une panth\u00e8re camoufl\u00e9e. La pr\u00e9cision d\u2019ex\u00e9cution des troncs et rochers de Th\u00e9odore Rousseau, peintre de Barbizon, au XIX e \u00a0si\u00e8cle, \u00e9voque la photographie. Place au myst\u00e8re avec ce triptyque de circonstance associant Gustave Dor\u00e9, Antoine Chintreuil et Vincent Munier. For\u00eats majestueuses et jeux d\u2019ombres. Une\u00a0magnifique Cr\u00e9ation de Johan Melchior Bocksberger, du XVIe\u00a0si\u00e8cle, a elle aussi toute sa place, de m\u00eame que ces p\u00e9pites trouv\u00e9es dans le fonds du Cabinet des estampes\u00a0: une \u00e9tude de biches de Jan I Brueghel, de 1615, une eau-forte de Jacques Callot, de 1629-1630, ou encore des cerfs en mouvement du photographe Eadweard Muybridge.<\/p>\n<p>Une s\u00e9rie de cyanotypes, tirages au grain particulier qui ne d\u00e9pareillent pas dans un mus\u00e9e, fait le lien avec le p\u00e8re du photographe, Michel Munier. Ce d\u00e9fenseur des for\u00eats et du grand t\u00e9tras a tout \u00e0 voir dans l\u2019engagement du fils.<\/p>\n<p>Une salle \u00ab\u00a0en blanc\u00a0\u00bb, avec les tirages les plus connus, aligne loups, ours polaires ou rennes sauvages. Images splendides, devant lesquelles il ne faut pas h\u00e9siter \u00e0 s\u2019\u00e9merveiller.<\/p>\n<p class=\"note\">Jeudi 6\u00a0novembre de 16h \u00e0 20h, acc\u00e8s en avant-premi\u00e8re \u00e0 l\u2019exposition. Du 7\u00a0novembre 2025 au 27\u00a0avril 2026 au Mus\u00e9e des beaux-arts, au palais Rohan, 2 place du Ch\u00e2teau.<\/p>\n","protected":false},"excerpt":{"rendered":"Vincent Munier, originaire des Vosges, parcourt inlassablement les espaces naturels du monde entier. Il est d\u2019ailleurs en ce&hellip;\n","protected":false},"author":2,"featured_media":515241,"comment_status":"","ping_status":"","sticky":false,"template":"","format":"standard","meta":{"footnotes":""},"categories":[2820],"tags":[1111,11,2389,1687,2880,1777,674,2271,107,1011,27,775,12,25,640,2879],"class_list":{"0":"post-515240","1":"post","2":"type-post","3":"status-publish","4":"format-standard","5":"has-post-thumbnail","7":"category-strasbourg","8":"tag-actu","9":"tag-actualites","10":"tag-alsace","11":"tag-culture-loisirs","12":"tag-edition-strasbourg","13":"tag-eu","14":"tag-europe","15":"tag-exposition-arts-plastiques","16":"tag-fil-info","17":"tag-fr","18":"tag-france","19":"tag-grand-est","20":"tag-news","21":"tag-republique-francaise","22":"tag-strasbourg","23":"tag-strasbourg-ville"},"share_on_mastodon":{"url":"https:\/\/pubeurope.com\/@fr\/115501270549544046","error":""},"_links":{"self":[{"href":"https:\/\/www.europesays.com\/fr\/wp-json\/wp\/v2\/posts\/515240","targetHints":{"allow":["GET"]}}],"collection":[{"href":"https:\/\/www.europesays.com\/fr\/wp-json\/wp\/v2\/posts"}],"about":[{"href":"https:\/\/www.europesays.com\/fr\/wp-json\/wp\/v2\/types\/post"}],"author":[{"embeddable":true,"href":"https:\/\/www.europesays.com\/fr\/wp-json\/wp\/v2\/users\/2"}],"replies":[{"embeddable":true,"href":"https:\/\/www.europesays.com\/fr\/wp-json\/wp\/v2\/comments?post=515240"}],"version-history":[{"count":0,"href":"https:\/\/www.europesays.com\/fr\/wp-json\/wp\/v2\/posts\/515240\/revisions"}],"wp:featuredmedia":[{"embeddable":true,"href":"https:\/\/www.europesays.com\/fr\/wp-json\/wp\/v2\/media\/515241"}],"wp:attachment":[{"href":"https:\/\/www.europesays.com\/fr\/wp-json\/wp\/v2\/media?parent=515240"}],"wp:term":[{"taxonomy":"category","embeddable":true,"href":"https:\/\/www.europesays.com\/fr\/wp-json\/wp\/v2\/categories?post=515240"},{"taxonomy":"post_tag","embeddable":true,"href":"https:\/\/www.europesays.com\/fr\/wp-json\/wp\/v2\/tags?post=515240"}],"curies":[{"name":"wp","href":"https:\/\/api.w.org\/{rel}","templated":true}]}}