{"id":515242,"date":"2025-11-06T06:11:11","date_gmt":"2025-11-06T06:11:11","guid":{"rendered":"https:\/\/www.europesays.com\/fr\/515242\/"},"modified":"2025-11-06T06:11:11","modified_gmt":"2025-11-06T06:11:11","slug":"strasbourg-les-cultures-africaines-a-lhonneur-aux-journees-bami-trad-et-au-salon-de-lafrique","status":"publish","type":"post","link":"https:\/\/www.europesays.com\/fr\/515242\/","title":{"rendered":"Strasbourg. Les cultures africaines \u00e0 l\u2019honneur aux Journ\u00e9es Bami-Trad&rsquo; et au Salon de l\u2019Afrique"},"content":{"rendered":"<p>\u00ab\u00a0R\u00e9veiller les consciences, pr\u00eacher la solidarit\u00e9 et rallumer la flamme des valeurs humanistes\u00a0\u00bb : voil\u00e0 \u00e0 quoi invite Liliane Tetsi, la pr\u00e9sidente d\u2019Europe Cameroun Solidarit\u00e9-Femmes, association membre du Collectif pour une autre politique migratoire qui organise <a href=\"https:\/\/www.dna.fr\/culture-loisirs\/2022\/11\/09\/l-association-europe-cameroun-solidarite-organise-les-journees-bami-trad\" target=\"_blank\" rel=\"noopener\">pour la dixi\u00e8me fois<\/a> les Journ\u00e9es Bami-Trad&rsquo; ces 7, 8 et 16\u00a0novembre.<\/p>\n<p>D\u00e9di\u00e9 au partage des cultures, \u00e0 la paix et \u00e0 la r\u00e9flexion autour de questions actuelles ou de m\u00e9moire, cet \u00e9v\u00e9nement ouvert \u00e0 tous se tiendra principalement au centre socioculturel Marcel Marceau, \u00e0 Neudorf.<\/p>\n<p>  Stands, conf\u00e9rences, musiques\u2026<\/p>\n<p>Au programme, plusieurs conf\u00e9rences dont une sur Albert Schweitzer pour les 150 ans de sa naissance, vendredi \u00e0 19\u00a0h, une autre sur la mani\u00e8re de photographier l\u2019Afrique \u00e9quatoriale fran\u00e7aise en temps de guerre, samedi \u00e0 14\u00a0h\u00a030, puis sur la mani\u00e8re d\u2019accompagner les enfants issus de la diversit\u00e9 \u00e0 se r\u00e9aliser, \u00e0 19\u00a0h. Une table ronde sur les probl\u00e9matiques et les potentialit\u00e9s de la population congolaise ainsi que des animations, de la musique, des repr\u00e9sentations th\u00e9\u00e2trales et de danse traditionnelle seront \u00e9galement propos\u00e9s. Divers stands, un coin enfant et de la restauration seront aussi pr\u00e9sents.<\/p>\n<p>Les festivit\u00e9s du mois s\u2019ach\u00e8veront avec un spectacle Nootoos, dans les murs de Saint-Pierre-le-Vieux, dimanche 16\u00a0novembre de 17\u00a0h \u00e0 19\u00a0h (15\u00a0\u20ac pour les adultes, tarif r\u00e9duit pour les enfants et les \u00e9tudiants). \u00ab D\u2019illustres d\u00e9funt\u00b7es [\u2026] n\u2019est pas une simple \u0153uvre de th\u00e9\u00e2tre, mais un engagement vibrant en faveur de la paix, une invitation \u00e0 b\u00e2tir des passerelles entre individus. Il rappelle que chaque femme, chaque homme, chaque enfant sur cette terre a droit au respect de sa dignit\u00e9 et \u00e0 un futur lib\u00e9r\u00e9 de la peur et du rejet\u00a0\u00bb, salue Arnaud Stoltz, pasteur et parrain du projet.<\/p>\n<p class=\"note\">Les 7 (19\u00a0h\u00a0 \u00e0 22\u00a0h\u00a030) et 8 (10\u00a0h\u00a030 \u00e0 23\u00a0h\u00a030) novembre au centre culturel Marcel Marceau. \u00c0 partir de 9\u00a0\u20ac (tarifs r\u00e9duits pour les enfants et \u00e9tudiants) sur r\u00e9servation par mail eucaso.solisoli@yahoo.fr. Spectacle le 16\u00a0novembre \u00e0 17\u00a0h \u00e0 Saint-Pierre-le-Vieux (15\u00a0\u20ac pour les adultes, tarifs r\u00e9duits pour les enfants et \u00e9tudiants).<\/p>\n","protected":false},"excerpt":{"rendered":"\u00ab\u00a0R\u00e9veiller les consciences, pr\u00eacher la solidarit\u00e9 et rallumer la flamme des valeurs humanistes\u00a0\u00bb : voil\u00e0 \u00e0 quoi invite&hellip;\n","protected":false},"author":2,"featured_media":515243,"comment_status":"","ping_status":"","sticky":false,"template":"","format":"standard","meta":{"footnotes":""},"categories":[2820],"tags":[1111,11,6211,1687,2880,1777,674,107,1685,1011,27,775,12,5486,4043,25,953,640,2879],"class_list":{"0":"post-515242","1":"post","2":"type-post","3":"status-publish","4":"format-standard","5":"has-post-thumbnail","7":"category-strasbourg","8":"tag-actu","9":"tag-actualites","10":"tag-conference","11":"tag-culture-loisirs","12":"tag-edition-strasbourg","13":"tag-eu","14":"tag-europe","15":"tag-fil-info","16":"tag-foire-et-salon","17":"tag-fr","18":"tag-france","19":"tag-grand-est","20":"tag-news","21":"tag-rencontre","22":"tag-repas-et-the-dansant","23":"tag-republique-francaise","24":"tag-soiree","25":"tag-strasbourg","26":"tag-strasbourg-ville"},"share_on_mastodon":{"url":"https:\/\/pubeurope.com\/@fr\/115501274449084755","error":""},"_links":{"self":[{"href":"https:\/\/www.europesays.com\/fr\/wp-json\/wp\/v2\/posts\/515242","targetHints":{"allow":["GET"]}}],"collection":[{"href":"https:\/\/www.europesays.com\/fr\/wp-json\/wp\/v2\/posts"}],"about":[{"href":"https:\/\/www.europesays.com\/fr\/wp-json\/wp\/v2\/types\/post"}],"author":[{"embeddable":true,"href":"https:\/\/www.europesays.com\/fr\/wp-json\/wp\/v2\/users\/2"}],"replies":[{"embeddable":true,"href":"https:\/\/www.europesays.com\/fr\/wp-json\/wp\/v2\/comments?post=515242"}],"version-history":[{"count":0,"href":"https:\/\/www.europesays.com\/fr\/wp-json\/wp\/v2\/posts\/515242\/revisions"}],"wp:featuredmedia":[{"embeddable":true,"href":"https:\/\/www.europesays.com\/fr\/wp-json\/wp\/v2\/media\/515243"}],"wp:attachment":[{"href":"https:\/\/www.europesays.com\/fr\/wp-json\/wp\/v2\/media?parent=515242"}],"wp:term":[{"taxonomy":"category","embeddable":true,"href":"https:\/\/www.europesays.com\/fr\/wp-json\/wp\/v2\/categories?post=515242"},{"taxonomy":"post_tag","embeddable":true,"href":"https:\/\/www.europesays.com\/fr\/wp-json\/wp\/v2\/tags?post=515242"}],"curies":[{"name":"wp","href":"https:\/\/api.w.org\/{rel}","templated":true}]}}