{"id":515246,"date":"2025-11-06T06:13:16","date_gmt":"2025-11-06T06:13:16","guid":{"rendered":"https:\/\/www.europesays.com\/fr\/515246\/"},"modified":"2025-11-06T06:13:16","modified_gmt":"2025-11-06T06:13:16","slug":"ce-geant-de-la-restauration-va-ouvrir-une-usine-a-deux-pas-de-nice","status":"publish","type":"post","link":"https:\/\/www.europesays.com\/fr\/515246\/","title":{"rendered":"Ce g\u00e9ant de la restauration va ouvrir une usine \u00e0 deux pas de Nice"},"content":{"rendered":"<p>            Par<br \/>\n        <strong><br \/>\n            <a href=\"https:\/\/actu.fr\/auteur\/arthur-frand\" title=\"Consulter tous les articles de Arthur Frand\" target=\"_blank\" rel=\"noopener\">Arthur Frand<\/a><br \/>\n        <\/strong><\/p>\n<p>        Publi\u00e9 le<\/p>\n<p>            6 nov. 2025 \u00e0 6h36        <\/p>\n<p><img decoding=\"async\" loading=\"lazy\" src=\"https:\/\/www.europesays.com\/fr\/wp-content\/uploads\/2025\/11\/cafe-960x640.jpg\" alt=\"\" width=\"960\" height=\"640\"\/>Le roi du caf\u00e9 Caf\u00e9s Richard ouvrir une usine d\u2019eau filtr\u00e9e pr\u00e8s de Nice. (\u00a9Actu Nice)<\/p>\n<p class=\" wall-content\">Une toute nouvelle usine dans le pays ni\u00e7ois. Torr\u00e9facteur traditionnel de caf\u00e9, sp\u00e9cialiste du caf\u00e9, th\u00e9 et chocolat, <strong>Caf\u00e9s Richard<\/strong> veut voir plus grand. L\u2019entreprise num\u00e9ro 1 du <strong>caf\u00e9 de restauration<\/strong> souhaite se diversifier et elle y met les moyens. Elle a d\u00e9cid\u00e9 de<strong> s\u2019associer \u00e0 la soci\u00e9t\u00e9 Be WTR France <\/strong>et pr\u00e9voit d\u2019ouvrir une <strong>seconde usine<\/strong> de mise en bouteille en France, dans les <a href=\"https:\/\/actu.fr\/provence-alpes-cote-d-azur\/alpes-maritimes_06\" target=\"_blank\" rel=\"noopener\">Alpes-Maritimes<\/a>. <a href=\"https:\/\/actu.fr\/nice\/\" target=\"_blank\" rel=\"noopener\">actu Nice<\/a> vous dit o\u00f9 et pourquoi cette usine va ouvrir tr\u00e8s prochainement dans une commune du d\u00e9partement.<\/p>\n<p>    <a href=\"https:\/\/www.google.com\/maps\/embed?pb=!1m18!1m12!1m3!1d92240.30929236358!2d7.258915310588309!3d43.741512052158505!2m3!1f0!2f0!3f0!3m2!1i1024!2i768!4f13.1!3m3!1m2!1s0x12cdc486070cefb3%3A0x40819a5fd9796a0!2s06340%20La%20Trinit%C3%A9!5e0!3m2!1sfr!2sfr!4v1762187312583!5m2!1sfr!2sfr\" title=\"Ouvrie le lien\" target=\"_blank\" rel=\"noopener\">Cliquez ici pour visualiser le contenu<\/a><\/p>\n<p class=\" wall-content\">C\u2019est le torr\u00e9facteur de caf\u00e9 qui l\u2019a annonc\u00e9 le mercredi 29 octobre 2025 dans un communiqu\u00e9. \u00ab\u2009Caf\u00e9s Richard, au travers de sa holding Ricardo, <strong>entre au capital<\/strong> de Be WTR France pour y apporter son expertise commerciale et son r\u00e9seau dans le secteur du CHR\u2009\u00bb (caf\u00e9, h\u00f4tellerie, restauration), explique l\u2019entreprise.<\/p>\n<p>Une nouvelle usine \u00e0 la\u00a0Trinit\u00e9, pr\u00e8s de Nice<\/p>\n<p class=\" wall-content\">Fond\u00e9e en Suisse, la soci\u00e9t\u00e9 Be WTR est implant\u00e9e en France, \u00e0 Singapour, aux \u00c9mirats Arabes Unis, au Canada, au Royaume-Uni et en Chine, et regroupe plus d\u2019une centaine de collaborateurs. Elle commercialise <strong>une eau filtr\u00e9e qui provient de captages souterrains<\/strong>, plate ou p\u00e9tillante et conditionn\u00e9e dans des bouteilles consign\u00e9es. Elle commercialise \u00e9galement des syst\u00e8mes de filtration install\u00e9s directement chez les professionnels.<\/p>\n<p class=\" wall-content\">Il s\u2019agira de la deuxi\u00e8me usine d\u2019embouteillage BiG by Be WTR (bouteilles d\u2019eau filtr\u00e9e plate et p\u00e9tillante, encapsul\u00e9es et consign\u00e9es). Cette derni\u00e8re sera implant\u00e9e sur <strong>la commune de la\u00a0Trinit\u00e9<\/strong>, situ\u00e9e \u00e0 une petite dizaine de kilom\u00e8tres de Nice et qui abrite un peu plus de 10\u2009000 habitants.<\/p>\n<p class=\" wall-content\">Contact\u00e9, le torr\u00e9facteur Caf\u00e9s Richard pr\u00e9voit une inauguration de l\u2019usine, de 250m2, en <strong>janvier\u00a02026<\/strong>. Les travaux ont d\u00e9but\u00e9 en octobre.<\/p>\n<p>Votre r\u00e9gion, votre actu !<\/p>\n<p>Recevez chaque jour les infos qui comptent pour vous.<\/p>\n<p>\t<a href=\"https:\/\/actu.fr\/newsletter\" class=\"ac-btn ac-btn--corner ac-btn--medium ac-btn--blue800\" target=\"_blank\" rel=\"noopener\">S&rsquo;incrire<\/a><\/p>\n<p class=\" wall-content\">En septembre\u00a02024, Be WTR avait ouvert sa premi\u00e8re usine fran\u00e7aise \u00e0 Paris. Elle visait les h\u00f4tels et palaces souhaitant r\u00e9duire leur usage du plastique et privil\u00e9giant la consommation locale, dans un contexte marqu\u00e9 par des pol\u00e9miques autour de l\u2019eau en bouteille.<\/p>\n<p>\u00c0 destination des h\u00f4tels haut de gamme de la C\u00f4te d\u2019Azur<\/p>\n<p class=\" wall-content\">Si cette deuxi\u00e8me usine va voir le jour dans les Alpes-Maritimes, ce n\u2019est <strong>pas pour n\u2019importe quelle raison<\/strong>. Be WTR France et Caf\u00e9s Richard pensent pouvoir r\u00e9pondre \u00e0 des besoins pr\u00e9cis.<\/p>\n<blockquote class=\"ac-article-quote wall-content\">\n<p>L\u2019ouverture de l\u2019usine BiG by Be WTR \u00e0 Nice r\u00e9pond \u00e0 la demande de notre client\u00e8le dans la r\u00e9gion Provence-Alpes-C\u00f4te d&rsquo;Azur, port\u00e9e par un tourisme dynamique et une forte concentration d\u2019h\u00f4tels et de restaurants haut de gamme.<\/p>\n<p>    <strong>Caf\u00e9s Richard \u00e0 actu Nice<\/strong>\n            <\/p><\/blockquote>\n<p class=\" wall-content\">En produisant son eau filtr\u00e9e sur place, BE WTR veut \u00ab\u2009proposer une eau durable et de qualit\u00e9 aux \u00e9tablissements de la C\u00f4te d\u2019Azur, en phase avec leur exigence et leur engagement croissant pour des pratiques plus responsables.\u2009\u00bb<\/p>\n<p class=\" wall-content\">\u00ab\u2009Nous sommes fiers de collaborer avec <strong>une entreprise familiale de r\u00e9f\u00e9rence<\/strong>, pour d\u00e9ployer ensemble une offre d\u2019eau innovante et adapt\u00e9e aux enjeux actuels\u2009\u00bb, souligne de son c\u00f4t\u00e9 Mike Hecker, fondateur de Be WTR.<\/p>\n<p class=\" wall-content\">\u00c0 ce stade, le groupe ne souhaite pas communiquer d\u2019informations financi\u00e8res. Contact\u00e9e, la municipalit\u00e9 de la\u00a0Trinit\u00e9 n\u2019a pas donn\u00e9 plus de d\u00e9tails.<\/p>\n<p class=\" wall-content\">Pour rappel, avec plus de 40\u2009000 clients professionnels, les Caf\u00e9s Richard demeurent le leader du caf\u00e9 pour la restauration hors foyer dans l\u2019Hexagone.<\/p>\n<p class=\" wall-content\">Personnalisez votre actualit\u00e9 en ajoutant vos villes et m\u00e9dias en favori avec <a href=\"https:\/\/moncompte.actu.fr\" title=\"D\u00e9couvez Mon Actu\" rel=\"nofollow noopener\" data-trk=\"{&quot;cta&quot;:{&quot;action&quot;:&quot;https:\\\/\\\/moncompte.actu.fr&quot;,&quot;category&quot;:&quot;mon compte&quot;,&quot;from&quot;:&quot;article footer&quot;,&quot;name&quot;:&quot;Mon actu&quot;,&quot;type&quot;:&quot;cta&quot;}}\" target=\"_blank\">Mon Actu<\/a>.<\/p>\n","protected":false},"excerpt":{"rendered":"Par Arthur Frand Publi\u00e9 le 6 nov. 2025 \u00e0 6h36 Le roi du caf\u00e9 Caf\u00e9s Richard ouvrir une&hellip;\n","protected":false},"author":2,"featured_media":515247,"comment_status":"","ping_status":"","sticky":false,"template":"","format":"standard","meta":{"footnotes":""},"categories":[2819],"tags":[1111,11,1777,674,1011,27,12,2401,3147,882,25,104],"class_list":{"0":"post-515246","1":"post","2":"type-post","3":"status-publish","4":"format-standard","5":"has-post-thumbnail","7":"category-nice","8":"tag-actu","9":"tag-actualites","10":"tag-eu","11":"tag-europe","12":"tag-fr","13":"tag-france","14":"tag-news","15":"tag-nice","16":"tag-nouveaux-commerces","17":"tag-provence-alpes-cote-dazur","18":"tag-republique-francaise","19":"tag-societe"},"share_on_mastodon":{"url":"https:\/\/pubeurope.com\/@fr\/115501283099666490","error":""},"_links":{"self":[{"href":"https:\/\/www.europesays.com\/fr\/wp-json\/wp\/v2\/posts\/515246","targetHints":{"allow":["GET"]}}],"collection":[{"href":"https:\/\/www.europesays.com\/fr\/wp-json\/wp\/v2\/posts"}],"about":[{"href":"https:\/\/www.europesays.com\/fr\/wp-json\/wp\/v2\/types\/post"}],"author":[{"embeddable":true,"href":"https:\/\/www.europesays.com\/fr\/wp-json\/wp\/v2\/users\/2"}],"replies":[{"embeddable":true,"href":"https:\/\/www.europesays.com\/fr\/wp-json\/wp\/v2\/comments?post=515246"}],"version-history":[{"count":0,"href":"https:\/\/www.europesays.com\/fr\/wp-json\/wp\/v2\/posts\/515246\/revisions"}],"wp:featuredmedia":[{"embeddable":true,"href":"https:\/\/www.europesays.com\/fr\/wp-json\/wp\/v2\/media\/515247"}],"wp:attachment":[{"href":"https:\/\/www.europesays.com\/fr\/wp-json\/wp\/v2\/media?parent=515246"}],"wp:term":[{"taxonomy":"category","embeddable":true,"href":"https:\/\/www.europesays.com\/fr\/wp-json\/wp\/v2\/categories?post=515246"},{"taxonomy":"post_tag","embeddable":true,"href":"https:\/\/www.europesays.com\/fr\/wp-json\/wp\/v2\/tags?post=515246"}],"curies":[{"name":"wp","href":"https:\/\/api.w.org\/{rel}","templated":true}]}}